{"id":306655,"date":"2019-06-27T15:03:22","date_gmt":"2019-06-27T13:03:22","guid":{"rendered":"https:\/\/hashtag.al\/?p=306655"},"modified":"2019-06-27T15:08:13","modified_gmt":"2019-06-27T13:08:13","slug":"mesazhi-i-metes-per-kryeministrin-edi-reflekto","status":"publish","type":"post","link":"https:\/\/www.hashtag.al\/index.php\/2019\/06\/27\/mesazhi-i-metes-per-kryeministrin-edi-reflekto\/","title":{"rendered":"Mesazhi i Met\u00ebs p\u00ebr kryeministrin: Edi, reflekto!","gt_translate_keys":[{"key":"rendered","format":"text"}]},"content":{"rendered":"<p><img loading=\"lazy\" decoding=\"async\" class=\"aligncenter size-full wp-image-306642\" src=\"https:\/\/hashtag.al\/wp-content\/uploads\/2019\/06\/Capture.jpg\" alt=\"\" width=\"822\" height=\"507\" \/><\/p>\n<p><span style=\"color: #000000;\">Presidenti Meta theksoi se shpreson n\u00eb reflektimin e kryeministrit Rama deri n\u00eb fund, p\u00ebr t\u00eb mos e \u00e7uar vendin n\u00eb p\u00ebrplasje. <\/span><\/p>\n<p><span style=\"color: #000000;\">Ai tha se nuk ishte p\u00ebr dh\u00ebnien e gjith\u00eb pushtetit sovjet\u00ebve dhe as p\u00ebr l\u00ebvizjen Rama ik t\u00eb opozit\u00ebs.<\/span><\/p>\n<p><em>\u2018Nuk jam p\u00ebr \u2018t\u00eb gjith\u00eb pushtetin sovjet\u00ebve\u2019, \u00ebsht\u00eb axhend\u00eb bolshevike q\u00eb populli yn\u00eb e ka provuar p\u00ebr 50 vjet. Nuk \u00ebsht\u00eb as \u2018Rama ik\u2019 e Lulit, Mon\u00ebs dhe Doktorit. E imja \u00ebsht\u00eb shum\u00eb e thjesht\u00eb, Edi reflekto sepse si\u00e7 b\u00ebj dallimin mes Monik\u00ebs dhe Republik\u00ebs edhe atij i kam k\u00ebrkuar para se ta votonim si kryeminist\u00ebr, q\u00eb duhet t\u00eb b\u00ebj\u00eb dallimin mes t\u00eb qenit kryetar i PS-s\u00eb dhe t\u00eb qenit kryeminist\u00ebr i t\u00eb gjith\u00eb shqiptar\u00ebve, \u00ebsht\u00eb detyrim kushtetues, superior krahasuar me detyrimet e pjesshme. Axhenda ime nuk \u00ebsht\u00eb Rama ik, por Edi reflekto. Jo provokime t\u00eb nj\u00eb shteti paralel. Ju kujtoni se un\u00eb jam kaq i pashpres\u00eb q\u00eb ai nuk do t\u00eb reflektoj\u00eb. Kemi or\u00eb, kemi dit\u00eb. Sepse t\u00eb gjith\u00eb shqiptar\u00ebt jan\u00eb t\u00eb shqet\u00ebsuar.\u2019 <\/em>&#8211; tha Meta.<\/p>\n<p><span style=\"color: #000000;\">Nd\u00ebrsa tha m\u00eb tej n\u00eb deklarat\u00ebn e tij se me 30 qershor s\u2019ka zgjedhje ligjore nd\u00ebrsa shpreson deri n\u00eb fund p\u00ebr reflektimin e kryeministrit por edhe t\u00eb opozit\u00ebs.<\/span><\/p>\n<p><span style=\"color: #000000;\"><em>\u2018Duhet t\u00eb jemi shum\u00eb t\u00eb hapur me nj\u00ebri-tjetrin. Q\u00ebndrimi im ka qen\u00eb dhe \u00ebsht\u00eb tep\u00ebr i qart\u00eb: M\u00eb 30 qershor s\u2019ka zgjedhje ligjore, shpresoj t\u00eb ket\u00eb reflektim se nj\u00eb nga pretendimet ka qen\u00eb q\u00eb s\u2019ka dat\u00eb t\u00eb re zgjedhjesh. Prita duke synuar t\u00eb dekurajoja p\u00ebrshkall\u00ebzimin e konfliktit dhe tensionit. Kam pritur n\u00eb radh\u00eb t\u00eb par\u00eb kryeministrin dhe liderin e opozit\u00ebs p\u00ebr t\u00eb garantuar zgjedhje gjith\u00ebp\u00ebrfshir\u00ebse. Nd\u00ebrkoh\u00eb ju i dini reagimet e tij. Un\u00eb se kam humbur dhe s\u2019kam nd\u00ebrmend ta humbas qet\u00ebsin\u00eb. I b\u00ebj thirrje kryeministrit t\u00eb reflektoj\u00eb\u2019.<\/em> &#8211; shtoi Rama.<\/span><\/p>\n","protected":false,"gt_translate_keys":[{"key":"rendered","format":"html"}]},"excerpt":{"rendered":"<p>Presidenti Meta theksoi se shpreson n\u00eb reflektimin e kryeministrit Rama deri n\u00eb fund, p\u00ebr t\u00eb mos e \u00e7uar vendin n\u00eb p\u00ebrplasje. Ai tha se nuk ishte p\u00ebr dh\u00ebnien e gjith\u00eb pushtetit sovjet\u00ebve dhe as p\u00ebr l\u00ebvizjen Rama ik t\u00eb opozit\u00ebs. \u2018Nuk jam p\u00ebr \u2018t\u00eb gjith\u00eb pushtetin sovjet\u00ebve\u2019, \u00ebsht\u00eb axhend\u00eb bolshevike q\u00eb populli yn\u00eb e ka [&hellip;]<\/p>\n","protected":false,"gt_translate_keys":[{"key":"rendered","format":"html"}]},"author":51,"featured_media":306642,"comment_status":"open","ping_status":"open","sticky":false,"template":"","format":"standard","meta":{"footnotes":""},"categories":[22,65,13],"tags":[],"class_list":["post-306655","post","type-post","status-publish","format-standard","has-post-thumbnail","hentry","category-ballina","category-lajme","category-te-fundit"],"gt_translate_keys":[{"key":"link","format":"url"}],"_links":{"self":[{"href":"https:\/\/www.hashtag.al\/index.php\/wp-json\/wp\/v2\/posts\/306655","targetHints":{"allow":["GET"]}}],"collection":[{"href":"https:\/\/www.hashtag.al\/index.php\/wp-json\/wp\/v2\/posts"}],"about":[{"href":"https:\/\/www.hashtag.al\/index.php\/wp-json\/wp\/v2\/types\/post"}],"author":[{"embeddable":true,"href":"https:\/\/www.hashtag.al\/index.php\/wp-json\/wp\/v2\/users\/51"}],"replies":[{"embeddable":true,"href":"https:\/\/www.hashtag.al\/index.php\/wp-json\/wp\/v2\/comments?post=306655"}],"version-history":[{"count":0,"href":"https:\/\/www.hashtag.al\/index.php\/wp-json\/wp\/v2\/posts\/306655\/revisions"}],"wp:featuredmedia":[{"embeddable":true,"href":"https:\/\/www.hashtag.al\/index.php\/wp-json\/wp\/v2\/media\/306642"}],"wp:attachment":[{"href":"https:\/\/www.hashtag.al\/index.php\/wp-json\/wp\/v2\/media?parent=306655"}],"wp:term":[{"taxonomy":"category","embeddable":true,"href":"https:\/\/www.hashtag.al\/index.php\/wp-json\/wp\/v2\/categories?post=306655"},{"taxonomy":"post_tag","embeddable":true,"href":"https:\/\/www.hashtag.al\/index.php\/wp-json\/wp\/v2\/tags?post=306655"}],"curies":[{"name":"wp","href":"https:\/\/api.w.org\/{rel}","templated":true}]}}