{"id":306493,"date":"2019-06-26T22:40:31","date_gmt":"2019-06-26T20:40:31","guid":{"rendered":"https:\/\/hashtag.al\/?p=306493"},"modified":"2019-06-26T22:40:31","modified_gmt":"2019-06-26T20:40:31","slug":"presidenca-reagon-per-ftesen-ndaj-rames-dhe-bashes-konfirmohet-takimi-me-liderin-e-opozites","status":"publish","type":"post","link":"https:\/\/www.hashtag.al\/index.php\/2019\/06\/26\/presidenca-reagon-per-ftesen-ndaj-rames-dhe-bashes-konfirmohet-takimi-me-liderin-e-opozites\/","title":{"rendered":"Presidenca reagon p\u00ebr ftes\u00ebn ndaj Ram\u00ebs dhe Bash\u00ebs, konfirmohet takimi me liderin e opozit\u00ebs","gt_translate_keys":[{"key":"rendered","format":"text"}]},"content":{"rendered":"<p><img loading=\"lazy\" decoding=\"async\" class=\"aligncenter size-full wp-image-305205\" src=\"https:\/\/hashtag.al\/wp-content\/uploads\/2019\/06\/meta20qershor.jpg\" alt=\"\" width=\"960\" height=\"640\" srcset=\"https:\/\/www.hashtag.al\/wp-content\/uploads\/2019\/06\/meta20qershor.jpg 960w, https:\/\/www.hashtag.al\/wp-content\/uploads\/2019\/06\/meta20qershor-300x200.jpg 300w, https:\/\/www.hashtag.al\/wp-content\/uploads\/2019\/06\/meta20qershor-768x512.jpg 768w\" sizes=\"auto, (max-width: 960px) 100vw, 960px\" \/><\/p>\n<p><span style=\"color: #000000;\">Presidenca ka reaguar me an\u00eb t\u00eb z\u00ebdh\u00ebn\u00ebsit t\u00eb saj Tedi Blushi p\u00ebr letrat q\u00eb Kreu i Shtetit\u00a0 ka d\u00ebrguar p\u00ebr Edi Ram\u00ebn dhe Lulzim Bash\u00ebn.<\/span><\/p>\n<p><span style=\"color: #000000;\">N\u00eb deklarat\u00ebn e tij, Blushi konfirmoi se me kreun e PD-s\u00eb \u00ebsht\u00eb fiksuar nj\u00eb takim p\u00ebr dit\u00ebn e nes\u00ebrme n\u00eb or\u00ebn 09:00 nd\u00ebrsa nga ana tjet\u00ebr Kryeministri refuzoi n\u00ebp\u00ebrmjet Twitterit ftes\u00ebn e Met\u00ebs.<\/span><\/p>\n<p><span style=\"color: #000000;\">\u201c<em>Presidenti i Republik\u00ebs Sh.T.Z Ilir Meta i ka ftuar zyrtarisht n\u00eb takim kryetarin e Partis\u00eb Socialiste dhe kryetarin e Partis\u00eb Demokratike p\u00ebr t\u00eb biseduar p\u00ebr situat\u00ebn politike n\u00eb vend. \u00a0Takimi me z.Basha \u00ebsht\u00eb fiksuar t\u00eb zhvillohet nes\u00ebr n\u00eb ora 09:00. Duke qen\u00eb n\u00eb dijeni q\u00eb z.Rama \u00ebsht\u00eb i z\u00ebn\u00eb me takime, Presidenti do t\u00eb jet\u00eb nes\u00ebr n\u00eb zyr\u00eb nga ora 05:00 deri n\u00eb ora 13:00 duke pritur s\u00ebrish q\u00eb kryeministri t\u00eb gjej\u00eb koh\u00eb<\/em>\u201d-shkruan z\u00ebdh\u00ebn\u00ebsi i Presidentit.<\/span><\/p>\n","protected":false,"gt_translate_keys":[{"key":"rendered","format":"html"}]},"excerpt":{"rendered":"<p>Presidenca ka reaguar me an\u00eb t\u00eb z\u00ebdh\u00ebn\u00ebsit t\u00eb saj Tedi Blushi p\u00ebr letrat q\u00eb Kreu i Shtetit\u00a0 ka d\u00ebrguar p\u00ebr Edi Ram\u00ebn dhe Lulzim Bash\u00ebn. N\u00eb deklarat\u00ebn e tij, Blushi konfirmoi se me kreun e PD-s\u00eb \u00ebsht\u00eb fiksuar nj\u00eb takim p\u00ebr dit\u00ebn e nes\u00ebrme n\u00eb or\u00ebn 09:00 nd\u00ebrsa nga ana tjet\u00ebr Kryeministri refuzoi n\u00ebp\u00ebrmjet Twitterit [&hellip;]<\/p>\n","protected":false,"gt_translate_keys":[{"key":"rendered","format":"html"}]},"author":32,"featured_media":306098,"comment_status":"open","ping_status":"open","sticky":false,"template":"","format":"standard","meta":{"footnotes":""},"categories":[65,13],"tags":[],"class_list":["post-306493","post","type-post","status-publish","format-standard","has-post-thumbnail","hentry","category-lajme","category-te-fundit"],"gt_translate_keys":[{"key":"link","format":"url"}],"_links":{"self":[{"href":"https:\/\/www.hashtag.al\/index.php\/wp-json\/wp\/v2\/posts\/306493","targetHints":{"allow":["GET"]}}],"collection":[{"href":"https:\/\/www.hashtag.al\/index.php\/wp-json\/wp\/v2\/posts"}],"about":[{"href":"https:\/\/www.hashtag.al\/index.php\/wp-json\/wp\/v2\/types\/post"}],"author":[{"embeddable":true,"href":"https:\/\/www.hashtag.al\/index.php\/wp-json\/wp\/v2\/users\/32"}],"replies":[{"embeddable":true,"href":"https:\/\/www.hashtag.al\/index.php\/wp-json\/wp\/v2\/comments?post=306493"}],"version-history":[{"count":0,"href":"https:\/\/www.hashtag.al\/index.php\/wp-json\/wp\/v2\/posts\/306493\/revisions"}],"wp:featuredmedia":[{"embeddable":true,"href":"https:\/\/www.hashtag.al\/index.php\/wp-json\/wp\/v2\/media\/306098"}],"wp:attachment":[{"href":"https:\/\/www.hashtag.al\/index.php\/wp-json\/wp\/v2\/media?parent=306493"}],"wp:term":[{"taxonomy":"category","embeddable":true,"href":"https:\/\/www.hashtag.al\/index.php\/wp-json\/wp\/v2\/categories?post=306493"},{"taxonomy":"post_tag","embeddable":true,"href":"https:\/\/www.hashtag.al\/index.php\/wp-json\/wp\/v2\/tags?post=306493"}],"curies":[{"name":"wp","href":"https:\/\/api.w.org\/{rel}","templated":true}]}}