{"id":306461,"date":"2019-06-26T19:20:37","date_gmt":"2019-06-26T17:20:37","guid":{"rendered":"https:\/\/hashtag.al\/?p=306461"},"modified":"2019-06-26T19:20:37","modified_gmt":"2019-06-26T17:20:37","slug":"meta-aktoret-e-brendshem-ose-te-jashtem-qe-i-sherbejne-konfliktit-ne-shqiperi-do-mbajne-pergjegjesi-para-popullit","status":"publish","type":"post","link":"https:\/\/www.hashtag.al\/index.php\/2019\/06\/26\/meta-aktoret-e-brendshem-ose-te-jashtem-qe-i-sherbejne-konfliktit-ne-shqiperi-do-mbajne-pergjegjesi-para-popullit\/","title":{"rendered":"Meta: Aktor\u00ebt e brendsh\u00ebm ose t\u00eb jasht\u00ebm q\u00eb i sh\u00ebrbejn\u00eb konfliktit n\u00eb Shqip\u00ebri do mbajn\u00eb p\u00ebrgjegj\u00ebsi para popullit","gt_translate_keys":[{"key":"rendered","format":"text"}]},"content":{"rendered":"<p><img loading=\"lazy\" decoding=\"async\" class=\"aligncenter size-full wp-image-306462\" src=\"https:\/\/hashtag.al\/wp-content\/uploads\/2019\/06\/65090585_2342845909095002_5060601102626455552_n.jpg\" alt=\"\" width=\"960\" height=\"639\" srcset=\"https:\/\/www.hashtag.al\/wp-content\/uploads\/2019\/06\/65090585_2342845909095002_5060601102626455552_n.jpg 960w, https:\/\/www.hashtag.al\/wp-content\/uploads\/2019\/06\/65090585_2342845909095002_5060601102626455552_n-300x200.jpg 300w, https:\/\/www.hashtag.al\/wp-content\/uploads\/2019\/06\/65090585_2342845909095002_5060601102626455552_n-768x511.jpg 768w\" sizes=\"auto, (max-width: 960px) 100vw, 960px\" \/><\/p>\n<p><span style=\"color: #000000;\">Kreu i Shteti Ilir Meta pas takimit me Ministrin e Jasht\u00ebm t\u00eb Hungaris\u00eb P\u00e9ter Szijj\u00e1rt\u00f3 ka dh\u00ebn\u00eb edhe nj\u00eb mesazh p\u00ebr situat\u00ebn n\u00eb Shqip\u00ebri ku ka theksuar se aktor\u00ebt qofshin t\u00eb brendsh\u00ebm qofshin t\u00eb jasht\u00ebm q\u00eb i sh\u00ebrbejn\u00eb konfliktit n\u00eb Shqip\u00ebri do mbajn\u00eb p\u00ebrgjegj\u00ebsi para popullit.<\/span><\/p>\n<p><span style=\"color: #000000;\">\u201c\u00c7do veprim drejt rrug\u00ebs s\u00eb paligjshm\u00ebris\u00eb dhe t\u00eb konfliktit, e nxjerr Shqip\u00ebrin\u00eb nga perspektiva e saj europiane e nj\u00ebkoh\u00ebsisht t\u00eb gjith\u00eb aktor\u00ebt e brendsh\u00ebm ose t\u00eb jasht\u00ebm q\u00eb i kontribuojn\u00eb k\u00ebtij skenari, do t\u00eb mbajn\u00eb p\u00ebrgjegj\u00ebsi p\u00ebrpara popullit shqiptar\u201d-shkruan Meta.<\/span><\/p>\n<p><span style=\"color: #000000;\"><strong>Postimi i plot\u00eb:<\/strong><\/span><\/p>\n<p><span style=\"color: #000000;\">K\u00ebnaq\u00ebsi t\u00eb zhvilloja sot nj\u00eb takim t\u00eb p\u00ebrzem\u00ebrt me Ministrin e Pun\u00ebve t\u00eb Jashtme dhe Tregtis\u00eb t\u00eb Hungaris\u00eb, z. P\u00e9ter Szijj\u00e1rt\u00f3. Vler\u00ebsova marr\u00ebdh\u00ebniet tradicionalisht shum\u00eb t\u00eb mira nd\u00ebrmjet Shqip\u00ebris\u00eb dhe Hungaris\u00eb dhe potencialin e thellimit t\u00eb tyre.<\/span><\/p>\n<p><span style=\"color: #000000;\">\u00c7moj mb\u00ebshtetjen e sinqert\u00eb t\u00eb Hungaris\u00eb n\u00eb procesin e integrimit europian dhe ve\u00e7an\u00ebrisht p\u00ebr \u00e7eljen sa m\u00eb par\u00eb t\u00eb negociatave t\u00eb an\u00ebtar\u00ebsimit me BE.<\/span><\/p>\n<p><span style=\"color: #000000;\">Theksova r\u00ebnd\u00ebsin\u00eb q\u00eb ka zbatimi i t\u00eb gjitha prioriteteve q\u00eb kusht\u00ebzojn\u00eb nj\u00eb vendim pozitiv t\u00eb K\u00ebshillit Europian vjesht\u00ebn e ardhshme, duke n\u00ebnvizuar reflektimin e pal\u00ebve sa m\u00eb par\u00eb p\u00ebr dialog dhe zgjidhjen e kriz\u00ebs q\u00eb po p\u00ebrjeton vendi dhe rikthimin n\u00eb normalitetin e respektimit t\u00eb shtetit ligjor.\u00a0<\/span><\/p>\n<p><span style=\"color: #000000;\">\u00c7do veprim drejt rrug\u00ebs s\u00eb paligjshm\u00ebris\u00eb dhe t\u00eb konfliktit, e nxjerr Shqip\u00ebrin\u00eb nga perspektiva e saj europiane e nj\u00ebkoh\u00ebsisht t\u00eb gjith\u00eb aktor\u00ebt e brendsh\u00ebm ose t\u00eb jasht\u00ebm q\u00eb i kontribuojn\u00eb k\u00ebtij skenari, do t\u00eb mbajn\u00eb p\u00ebrgjegj\u00ebsi p\u00ebrpara popullit shqiptar.<\/span><\/p>\n","protected":false,"gt_translate_keys":[{"key":"rendered","format":"html"}]},"excerpt":{"rendered":"<p>Kreu i Shteti Ilir Meta pas takimit me Ministrin e Jasht\u00ebm t\u00eb Hungaris\u00eb P\u00e9ter Szijj\u00e1rt\u00f3 ka dh\u00ebn\u00eb edhe nj\u00eb mesazh p\u00ebr situat\u00ebn n\u00eb Shqip\u00ebri ku ka theksuar se aktor\u00ebt qofshin t\u00eb brendsh\u00ebm qofshin t\u00eb jasht\u00ebm q\u00eb i sh\u00ebrbejn\u00eb konfliktit n\u00eb Shqip\u00ebri do mbajn\u00eb p\u00ebrgjegj\u00ebsi para popullit. \u201c\u00c7do veprim drejt rrug\u00ebs s\u00eb paligjshm\u00ebris\u00eb dhe t\u00eb konfliktit, [&hellip;]<\/p>\n","protected":false,"gt_translate_keys":[{"key":"rendered","format":"html"}]},"author":32,"featured_media":306462,"comment_status":"open","ping_status":"open","sticky":false,"template":"","format":"standard","meta":{"footnotes":""},"categories":[65,13],"tags":[],"class_list":["post-306461","post","type-post","status-publish","format-standard","has-post-thumbnail","hentry","category-lajme","category-te-fundit"],"gt_translate_keys":[{"key":"link","format":"url"}],"_links":{"self":[{"href":"https:\/\/www.hashtag.al\/index.php\/wp-json\/wp\/v2\/posts\/306461","targetHints":{"allow":["GET"]}}],"collection":[{"href":"https:\/\/www.hashtag.al\/index.php\/wp-json\/wp\/v2\/posts"}],"about":[{"href":"https:\/\/www.hashtag.al\/index.php\/wp-json\/wp\/v2\/types\/post"}],"author":[{"embeddable":true,"href":"https:\/\/www.hashtag.al\/index.php\/wp-json\/wp\/v2\/users\/32"}],"replies":[{"embeddable":true,"href":"https:\/\/www.hashtag.al\/index.php\/wp-json\/wp\/v2\/comments?post=306461"}],"version-history":[{"count":0,"href":"https:\/\/www.hashtag.al\/index.php\/wp-json\/wp\/v2\/posts\/306461\/revisions"}],"wp:featuredmedia":[{"embeddable":true,"href":"https:\/\/www.hashtag.al\/index.php\/wp-json\/wp\/v2\/media\/306462"}],"wp:attachment":[{"href":"https:\/\/www.hashtag.al\/index.php\/wp-json\/wp\/v2\/media?parent=306461"}],"wp:term":[{"taxonomy":"category","embeddable":true,"href":"https:\/\/www.hashtag.al\/index.php\/wp-json\/wp\/v2\/categories?post=306461"},{"taxonomy":"post_tag","embeddable":true,"href":"https:\/\/www.hashtag.al\/index.php\/wp-json\/wp\/v2\/tags?post=306461"}],"curies":[{"name":"wp","href":"https:\/\/api.w.org\/{rel}","templated":true}]}}