{"id":306443,"date":"2019-06-26T18:13:54","date_gmt":"2019-06-26T16:13:54","guid":{"rendered":"https:\/\/hashtag.al\/?p=306443"},"modified":"2019-06-26T18:22:33","modified_gmt":"2019-06-26T16:22:33","slug":"rama-dako-e-gjiknuri-do-zene-vendin-e-perfaqesuesve-te-opozites-ne-burg-pd","status":"publish","type":"post","link":"https:\/\/www.hashtag.al\/index.php\/2019\/06\/26\/rama-dako-e-gjiknuri-do-zene-vendin-e-perfaqesuesve-te-opozites-ne-burg-pd\/","title":{"rendered":"&#8216;Rama, Dako e Gjiknuri do z\u00ebn\u00eb vendin e p\u00ebrfaq\u00ebsuesve t\u00eb opozit\u00ebs n\u00eb burg&#8217; &#8211; PD","gt_translate_keys":[{"key":"rendered","format":"text"}]},"content":{"rendered":"<p><img loading=\"lazy\" decoding=\"async\" class=\"aligncenter size-full wp-image-306444\" src=\"https:\/\/hashtag.al\/wp-content\/uploads\/2019\/06\/ramadakogjiknuri26qershor.jpg\" alt=\"\" width=\"663\" height=\"500\" srcset=\"https:\/\/www.hashtag.al\/wp-content\/uploads\/2019\/06\/ramadakogjiknuri26qershor.jpg 663w, https:\/\/www.hashtag.al\/wp-content\/uploads\/2019\/06\/ramadakogjiknuri26qershor-300x226.jpg 300w\" sizes=\"auto, (max-width: 663px) 100vw, 663px\" \/><\/p>\n<p><span style=\"color: #000000;\">Partia Demokratike ka d\u00ebnuar procedimin penal t\u00eb kryebashkiak\u00ebve t\u00eb Lezh\u00ebs, Kapllanaj e Frroku n\u00eb Mallakast\u00ebr e Lezh\u00eb. <\/span><\/p>\n<p><span style=\"color: #000000;\">N\u00eb nj\u00eb deklarat\u00eb p\u00ebr mediat nga selia blu, Sekretari i P\u00ebrgjithsh\u00ebm, Bardhi, tha se procedimi penal me urdh\u00ebr t\u00eb Ram\u00ebs \u00ebsht\u00eb goditje ndaj demokracis\u00eb dhe provokim ndaj opozit\u00ebs. <\/span><\/p>\n<p><span style=\"color: #000000;\">Nd\u00ebrsa shtoi se vendin e p\u00ebrfaq\u00ebsuesve t\u00eb opozit\u00ebs n\u00eb burg do e z\u00ebn\u00eb Rama, Dako, Gjiknuri dhe gjith\u00eb banda e hajdut\u00ebve.<\/span><\/p>\n<p><span style=\"color: #000000;\"><strong>Deklarata e Bardhit<\/strong><\/span><\/p>\n<p><span style=\"color: #000000;\">Tentativ\u00ebs s\u00eb d\u00ebshtuar p\u00ebr t\u00eb kryer votime moniste dhe t\u00eb paligjshme, Edi Rama po i shton edhe tentativ\u00ebn p\u00ebr t\u00eb rikthyer n\u00eb Shqip\u00ebri d\u00ebnimin e kund\u00ebrshtar\u00ebve politik\u00eb p\u00ebr agjitacion e propagand\u00eb.<\/span><\/p>\n<p><span style=\"color: #000000;\">Kushdo q\u00eb nuk mendon si ai, kushdo q\u00eb refuzon fars\u00ebn kriminale dhe antikushtetuese t\u00eb 30 Qershorit, kushdo q\u00eb nuk b\u00ebhet pjes\u00eb e grushtit t\u00eb shtetit q\u00eb po realizon, procedohet nga Policia dhe Prokuroria e tij e kriminalizuar me urdh\u00ebr politik.<\/span><\/p>\n<p><span style=\"color: #000000;\">Procedimi penal i Kryetarit t\u00eb Bashkis\u00eb Lezh\u00eb Fran Frrokaj dhe Kryetarit t\u00eb Bashkis\u00eb Mallakast\u00ebr Agron Kapllanaj, pse ato mendojn\u00eb ndryshe nga Edi Rama dhe kan\u00eb deklaruar se do t\u00eb zbatojn\u00eb Dekretin e Presidentit, \u00ebsht\u00eb nj\u00eb goditje e r\u00ebnd\u00eb ndaj demokracis\u00eb dhe nj\u00eb akt i fort\u00eb provokimi ndaj opozit\u00ebs.<\/span><\/p>\n<p><span style=\"color: #000000;\">Partia Demokratike ka treguar deri m\u00eb tani vet\u00ebp\u00ebrmbajtje.<\/span><\/p>\n<p><span style=\"color: #000000;\">Partia Demokratike ka treguar deri m\u00eb tani p\u00ebrgjegjshm\u00ebri, p\u00ebr t\u00eb ruajtur rendin kushtetues dhe stabilitetin demokratik t\u00eb vendit.<\/span><\/p>\n<p><span style=\"color: #000000;\">Partia Demokratike nuk ka r\u00ebn\u00eb pre e provokimeve kriminale t\u00eb Edi Ram\u00ebs dhe bandit\u00ebve t\u00eb tij me uniform\u00eb.<\/span><\/p>\n<p><span style=\"color: #000000;\">Por ne as nuk shantazhohemi, as nuk trembemi, as nuk tolerojm\u00eb dhe as nuk harrojm\u00eb.<\/span><\/p>\n<p><span style=\"color: #000000;\">Kryetar\u00ebt e Bashkive q\u00eb drejtohen nga opozita, jan\u00eb n\u00eb ushtrim t\u00eb p\u00ebrgjegj\u00ebsive t\u00eb tyre kushtetuese dhe ligjore. Ata do t\u00eb vazhdojn\u00eb t\u2019i binden vet\u00ebm ligjit.<\/span><\/p>\n<p><span style=\"color: #000000;\">Asnj\u00eb presion nuk i tremb.<\/span><\/p>\n<p><span style=\"color: #000000;\">Asnj\u00eb procedim nuk i ndal.<\/span><\/p>\n<p><span style=\"color: #000000;\">N\u00eb 30 Qershor ligj\u00ebrisht nuk ka zgjedhje.<\/span><\/p>\n<p><span style=\"color: #000000;\">N\u00eb 30 Qershor qytetar\u00ebt jan\u00eb n\u00eb t\u00eb drejt\u00ebn e tyre t\u00eb mos pranojn\u00eb diktatur\u00ebn autokratiko-kriminale t\u00eb Edi Ram\u00ebs.<\/span><\/p>\n<p><span style=\"color: #000000;\">N\u00eb 30 Qershor n\u00eb paligjshm\u00ebri \u00ebsht\u00eb vet\u00ebm Edi Rama dhe banda e tij.<\/span><\/p>\n<p><span style=\"color: #000000;\">Aktet dhe veprimet kund\u00ebr qytetar\u00ebve dhe p\u00ebrfaq\u00ebsuesve t\u00eb opozit\u00ebs, si k\u00ebto kund\u00ebr kryebashkiak\u00ebve Frrokaj dhe Kapllanaj, do t\u00eb marrin p\u00ebrgjigjen e merituar.<\/span><\/p>\n<p><span style=\"color: #000000;\">Kushdo q\u00eb po p\u00ebrdoret si veg\u00ebl represioni ndaj opozit\u00ebs, me apo pa uniform, do t\u00eb p\u00ebrgjigjet ligj\u00ebrisht dhe personalisht, p\u00ebr sulmin q\u00eb po i b\u00ebn opozit\u00ebs dhe qytetar\u00ebve, p\u00ebr llogari t\u00eb pushtetit kriminal t\u00eb Edi Ram\u00ebs.<\/span><\/p>\n<p><span style=\"color: #000000;\">Nuk do t\u00eb ket\u00eb asnj\u00eb zgjidhje t\u00eb kriz\u00ebs pa u liruar t\u00eb gjith\u00eb ato q\u00eb mbahen sot padrejt\u00ebsisht n\u00eb burg.<\/span><\/p>\n<p><span style=\"color: #000000;\">Ata do t\u00eb trajtohen si t\u00eb burgosur politik dhe do t\u00eb p\u00ebrfitojn\u00eb t\u00eb gjitha t\u00eb drejtat q\u00eb burojn\u00eb nga ky status.<\/span><\/p>\n<p><span style=\"color: #000000;\">Vendin e tyre n\u00eb burg do ta z\u00ebn\u00eb bandit\u00ebt, me apo pa uniform\u00eb, q\u00eb shkelin ligjin p\u00ebr llogari t\u00eb Edi Ram\u00ebs. Vendin e tyre n\u00eb burg do ta z\u00ebr\u00eb Edi Rama, Vangjush Dako, Damian Gjiknuri dhe e gjith\u00eb banda e hajdut\u00ebve t\u00eb zgjedhjeve dhe t\u00eb shqiptar\u00ebve.<\/span><\/p>\n<p><span style=\"color: #000000;\">Nuk do t\u00eb ket\u00eb asnj\u00eb zgjidhje t\u00eb kriz\u00ebs pa u pushuar t\u00eb gjitha procedimet politike p\u00ebr pjes\u00ebmarrje n\u00eb protest\u00eb apo p\u00ebr zbatimin e Dekretit t\u00eb Presidentit, q\u00eb b\u00ebjn\u00eb veglat e Edi Ram\u00ebs ndaj qytetar\u00ebve dhe p\u00ebrfaq\u00ebsuesve t\u00eb opozit\u00ebs.<\/span><\/p>\n<p><span style=\"color: #000000;\">Ne jemi n\u00eb k\u00ebmb\u00eb, s\u00eb bashku me qytetar\u00ebt, p\u00ebr t\u00eb ndaluar krimin elektoral t\u00eb Edi Ram\u00ebs n\u00eb 30 Qershor! Shqiptar\u00ebt jan\u00eb t\u00eb vendosur t\u00eb mbrojn\u00eb demokracin\u00eb dhe t\u00eb ardhmen e f\u00ebmij\u00ebve t\u00eb tyre!<\/span><\/p>\n","protected":false,"gt_translate_keys":[{"key":"rendered","format":"html"}]},"excerpt":{"rendered":"<p>Partia Demokratike ka d\u00ebnuar procedimin penal t\u00eb kryebashkiak\u00ebve t\u00eb Lezh\u00ebs, Kapllanaj e Frroku n\u00eb Mallakast\u00ebr e Lezh\u00eb. N\u00eb nj\u00eb deklarat\u00eb p\u00ebr mediat nga selia blu, Sekretari i P\u00ebrgjithsh\u00ebm, Bardhi, tha se procedimi penal me urdh\u00ebr t\u00eb Ram\u00ebs \u00ebsht\u00eb goditje ndaj demokracis\u00eb dhe provokim ndaj opozit\u00ebs. Nd\u00ebrsa shtoi se vendin e p\u00ebrfaq\u00ebsuesve t\u00eb opozit\u00ebs n\u00eb burg [&hellip;]<\/p>\n","protected":false,"gt_translate_keys":[{"key":"rendered","format":"html"}]},"author":51,"featured_media":306444,"comment_status":"open","ping_status":"open","sticky":false,"template":"","format":"standard","meta":{"footnotes":""},"categories":[65,13],"tags":[],"class_list":["post-306443","post","type-post","status-publish","format-standard","has-post-thumbnail","hentry","category-lajme","category-te-fundit"],"gt_translate_keys":[{"key":"link","format":"url"}],"_links":{"self":[{"href":"https:\/\/www.hashtag.al\/index.php\/wp-json\/wp\/v2\/posts\/306443","targetHints":{"allow":["GET"]}}],"collection":[{"href":"https:\/\/www.hashtag.al\/index.php\/wp-json\/wp\/v2\/posts"}],"about":[{"href":"https:\/\/www.hashtag.al\/index.php\/wp-json\/wp\/v2\/types\/post"}],"author":[{"embeddable":true,"href":"https:\/\/www.hashtag.al\/index.php\/wp-json\/wp\/v2\/users\/51"}],"replies":[{"embeddable":true,"href":"https:\/\/www.hashtag.al\/index.php\/wp-json\/wp\/v2\/comments?post=306443"}],"version-history":[{"count":0,"href":"https:\/\/www.hashtag.al\/index.php\/wp-json\/wp\/v2\/posts\/306443\/revisions"}],"wp:featuredmedia":[{"embeddable":true,"href":"https:\/\/www.hashtag.al\/index.php\/wp-json\/wp\/v2\/media\/306444"}],"wp:attachment":[{"href":"https:\/\/www.hashtag.al\/index.php\/wp-json\/wp\/v2\/media?parent=306443"}],"wp:term":[{"taxonomy":"category","embeddable":true,"href":"https:\/\/www.hashtag.al\/index.php\/wp-json\/wp\/v2\/categories?post=306443"},{"taxonomy":"post_tag","embeddable":true,"href":"https:\/\/www.hashtag.al\/index.php\/wp-json\/wp\/v2\/tags?post=306443"}],"curies":[{"name":"wp","href":"https:\/\/api.w.org\/{rel}","templated":true}]}}