{"id":305634,"date":"2019-06-22T18:10:19","date_gmt":"2019-06-22T16:10:19","guid":{"rendered":"https:\/\/hashtag.al\/?p=305634"},"modified":"2019-06-22T18:14:37","modified_gmt":"2019-06-22T16:14:37","slug":"rama-u-premton-banoreve-brenda-vitit-nis-puna-per-aeroportin-e-sarandes","status":"publish","type":"post","link":"https:\/\/www.hashtag.al\/index.php\/2019\/06\/22\/rama-u-premton-banoreve-brenda-vitit-nis-puna-per-aeroportin-e-sarandes\/","title":{"rendered":"Rama u premton banor\u00ebve: Brenda vitit nis puna p\u00ebr aeroportin e Sarand\u00ebs","gt_translate_keys":[{"key":"rendered","format":"text"}]},"content":{"rendered":"<p><img loading=\"lazy\" decoding=\"async\" class=\"aligncenter size-full wp-image-305635\" src=\"https:\/\/hashtag.al\/wp-content\/uploads\/2019\/06\/rama22qershor.jpg\" alt=\"\" width=\"1029\" height=\"644\" srcset=\"https:\/\/www.hashtag.al\/wp-content\/uploads\/2019\/06\/rama22qershor.jpg 1029w, https:\/\/www.hashtag.al\/wp-content\/uploads\/2019\/06\/rama22qershor-300x188.jpg 300w, https:\/\/www.hashtag.al\/wp-content\/uploads\/2019\/06\/rama22qershor-768x481.jpg 768w, https:\/\/www.hashtag.al\/wp-content\/uploads\/2019\/06\/rama22qershor-1024x641.jpg 1024w\" sizes=\"auto, (max-width: 1029px) 100vw, 1029px\" \/><\/p>\n<p><span style=\"color: #000000;\">Kryeministri Rama po zhvillon nj\u00eb takim me banor\u00ebt e zon\u00ebs minoritare n\u00eb Finiq. <\/span><\/p>\n<p><span style=\"color: #000000;\">N\u00eb fjal\u00ebn e tij kreu i qeveris\u00eb tha se zgjedhjet do zhvillohen me 30 qershor, pavar\u00ebsisht q\u00ebndrimit t\u00eb opozit\u00ebs. <\/span><\/p>\n<p><span style=\"color: #000000;\">Nd\u00ebrsa u shpreh i bindur n\u00eb fitoren e kandidatit socialist n\u00eb k\u00ebt\u00eb bashki.<\/span><\/p>\n<p><span style=\"color: #000000;\"><em>\u2018Kush i fryn zjarrit t\u00eb dhun\u00ebs \u00ebsht\u00eb i destinuar t\u00eb tretet n\u00eb at\u00eb zjarr. S\u2019ka shans q\u00eb n\u00eb Shqip\u00ebrin\u00eb e viteve 90-t\u00eb\u00a0 t\u00eb fitoj\u00eb dhuna e kaosi.\u00a0 N\u00eb 30 qershor Shqip\u00ebria do b\u00ebj\u00eb zgjedhje. \u00cbsht\u00eb e r\u00ebnd\u00ebsishme q\u00eb populli t\u2019i thot\u00eb jo politik\u00ebs s\u00eb dhun\u00ebs e rr\u00ebmuj\u00ebs, t\u00eb sharjeve akuzave shpifjeve e t\u00eb balt\u00ebs 30 qershori do jet\u00eb nj\u00eb dit\u00eb normale edhe sikur t\u00eb ket\u00eb shfaqje sporadike, orvatje t\u00eb d\u00ebshp\u00ebruara do jen\u00eb t\u00eb pafuqishme. Ju premtoj, e m\u00eb keni me prov\u00eb, do vij p\u00ebrs\u00ebri sic kam ardhur p\u00ebr t\u00eb ndjekur ecurin\u00eb e pun\u00ebve q\u00eb do t\u00eb b\u00ebjm\u00eb me Kristaq Ki\u00e7on.\u2019<\/em> &#8211; tha Rama.<\/span><\/p>\n<p><span style=\"color: #000000;\">Gjat\u00eb fjal\u00ebs s\u00eb tij ai sulmopi opozit\u00ebn duke th\u00ebn\u00eb se ajo \u00ebsht\u00eb kund\u00ebr integrimit t\u00eb vendit n\u00eb BE nd\u00ebrsa tha se brenda vitit n\u00eb Sarand\u00eb do nis\u00eb puna p\u00ebr nd\u00ebrtimin e aeroportit.<\/span><\/p>\n","protected":false,"gt_translate_keys":[{"key":"rendered","format":"html"}]},"excerpt":{"rendered":"<p>Kryeministri Rama po zhvillon nj\u00eb takim me banor\u00ebt e zon\u00ebs minoritare n\u00eb Finiq. N\u00eb fjal\u00ebn e tij kreu i qeveris\u00eb tha se zgjedhjet do zhvillohen me 30 qershor, pavar\u00ebsisht q\u00ebndrimit t\u00eb opozit\u00ebs. Nd\u00ebrsa u shpreh i bindur n\u00eb fitoren e kandidatit socialist n\u00eb k\u00ebt\u00eb bashki. \u2018Kush i fryn zjarrit t\u00eb dhun\u00ebs \u00ebsht\u00eb i destinuar t\u00eb [&hellip;]<\/p>\n","protected":false,"gt_translate_keys":[{"key":"rendered","format":"html"}]},"author":51,"featured_media":305635,"comment_status":"open","ping_status":"open","sticky":false,"template":"","format":"standard","meta":{"footnotes":""},"categories":[65,13],"tags":[],"class_list":["post-305634","post","type-post","status-publish","format-standard","has-post-thumbnail","hentry","category-lajme","category-te-fundit"],"gt_translate_keys":[{"key":"link","format":"url"}],"_links":{"self":[{"href":"https:\/\/www.hashtag.al\/index.php\/wp-json\/wp\/v2\/posts\/305634","targetHints":{"allow":["GET"]}}],"collection":[{"href":"https:\/\/www.hashtag.al\/index.php\/wp-json\/wp\/v2\/posts"}],"about":[{"href":"https:\/\/www.hashtag.al\/index.php\/wp-json\/wp\/v2\/types\/post"}],"author":[{"embeddable":true,"href":"https:\/\/www.hashtag.al\/index.php\/wp-json\/wp\/v2\/users\/51"}],"replies":[{"embeddable":true,"href":"https:\/\/www.hashtag.al\/index.php\/wp-json\/wp\/v2\/comments?post=305634"}],"version-history":[{"count":0,"href":"https:\/\/www.hashtag.al\/index.php\/wp-json\/wp\/v2\/posts\/305634\/revisions"}],"wp:featuredmedia":[{"embeddable":true,"href":"https:\/\/www.hashtag.al\/index.php\/wp-json\/wp\/v2\/media\/305635"}],"wp:attachment":[{"href":"https:\/\/www.hashtag.al\/index.php\/wp-json\/wp\/v2\/media?parent=305634"}],"wp:term":[{"taxonomy":"category","embeddable":true,"href":"https:\/\/www.hashtag.al\/index.php\/wp-json\/wp\/v2\/categories?post=305634"},{"taxonomy":"post_tag","embeddable":true,"href":"https:\/\/www.hashtag.al\/index.php\/wp-json\/wp\/v2\/tags?post=305634"}],"curies":[{"name":"wp","href":"https:\/\/api.w.org\/{rel}","templated":true}]}}