{"id":305573,"date":"2019-06-22T10:42:32","date_gmt":"2019-06-22T08:42:32","guid":{"rendered":"https:\/\/hashtag.al\/?p=305573"},"modified":"2019-06-22T10:50:04","modified_gmt":"2019-06-22T08:50:04","slug":"deputeti-socialist-kerkon-erion-veliajn-kryeminister-top-channel-zhduk-deklaraten-video","status":"publish","type":"post","link":"https:\/\/www.hashtag.al\/index.php\/2019\/06\/22\/deputeti-socialist-kerkon-erion-veliajn-kryeminister-top-channel-zhduk-deklaraten-video\/","title":{"rendered":"Deputeti socialist k\u00ebrkon Erion Veliajn kryeminist\u00ebr, &#8220;Top Channel&#8221; zhduk deklarat\u00ebn (VIDEO)","gt_translate_keys":[{"key":"rendered","format":"text"}]},"content":{"rendered":"<p><img loading=\"lazy\" decoding=\"async\" class=\"aligncenter wp-image-305574\" src=\"https:\/\/hashtag.al\/wp-content\/uploads\/2019\/06\/ediramaerionveliajok.jpg\" alt=\"\" width=\"721\" height=\"489\" srcset=\"https:\/\/www.hashtag.al\/wp-content\/uploads\/2019\/06\/ediramaerionveliajok.jpg 638w, https:\/\/www.hashtag.al\/wp-content\/uploads\/2019\/06\/ediramaerionveliajok-300x204.jpg 300w\" sizes=\"auto, (max-width: 721px) 100vw, 721px\" \/><\/p>\n<p><span style=\"color: #000000;\">Nj\u00eb deklarat\u00eb e papritur u b\u00eb dje nga studiot e &#8220;Top Channel&#8221; nga deputeti socialist Ervin Bushati.<\/span><\/p>\n<p><span style=\"color: #000000;\">N\u00eb studion e &#8220;Top Talk&#8221; t\u00eb Denis Dyrnjas\u00eb, Bushati deklaroi se \u00ebsht\u00eb koha p\u00ebr Erion Veliajn kryeminist\u00ebr.<\/span><\/p>\n<div style=\"width: 1170px;\" class=\"wp-video\"><video class=\"wp-video-shortcode\" id=\"video-305573-1\" width=\"1170\" height=\"658\" preload=\"metadata\" controls=\"controls\"><source type=\"video\/mp4\" src=\"https:\/\/hashtag.al\/wp-content\/uploads\/2019\/06\/ervinbushativeliaj2.mp4?_=1\" \/><a href=\"https:\/\/hashtag.al\/wp-content\/uploads\/2019\/06\/ervinbushativeliaj2.mp4\">https:\/\/hashtag.al\/wp-content\/uploads\/2019\/06\/ervinbushativeliaj2.mp4<\/a><\/video><\/div>\n<p><span style=\"color: #000000;\">Teza se Erion Veliaj mund t\u00eb jet\u00eb pasuesi i Edi Ram\u00ebs nuk \u00ebsht\u00eb e pad\u00ebgjuar n\u00eb tavolina debati, tek-tuk edhe e n\u00ebnkuptuar n\u00eb studio televizive por deklarata e Bushatit vjen pik\u00ebrisht n\u00eb nj\u00eb moment delikat p\u00ebr Edi Ram\u00ebn.<\/span><\/p>\n<p><span style=\"color: #000000;\">Rama me kok\u00ebfort\u00ebsi k\u00ebrkon t\u00eb realizoj\u00eb zgjedhjet vendore edhe pse presidenti Meta e ka zhdekretuar dat\u00ebn, nd\u00ebrsa vendi vazhdon t\u00eb jet\u00eb i p\u00ebrfshir\u00eb nga protestat, q\u00eb motiv t\u00eb shtuar s\u00eb fundmi kan\u00eb edhe p\u00ebrgjimet p\u00ebr shitblerjen e dyshuar t\u00eb votave nga socialist\u00ebt n\u00eb Dib\u00ebr.<\/span><\/p>\n<p><span style=\"color: #000000;\">N\u00eb k\u00ebt\u00eb kontekst, \u00ebsht\u00eb ende e paqart\u00eb n\u00ebse vendi do t\u00eb shkoj\u00eb realisht drejt zgjedhjeve vendore, ku Veliaj ishte projektuar p\u00ebr kryebashkiak i Tiran\u00ebs, apo do t\u00eb shkoj\u00eb drejt zgjedhjeve t\u00eb p\u00ebrgjithshme.<\/span><\/p>\n<p><span style=\"color: #000000;\">A \u00ebsht\u00eb kjo deklarat\u00eb e Bushatit z\u00ebdh\u00ebn\u00ebse e reagimit t\u00eb nj\u00eb grupi brenda PS-s\u00eb q\u00eb k\u00ebrkon v\u00ebrtet z\u00ebvend\u00ebsimin e Ram\u00ebs me Veliajn, papjekuri e tij apo \u00ebsht\u00eb nj\u00eb diversion i Edi Ram\u00ebs?!<\/span><\/p>\n<p><span style=\"color: #000000;\">&#8220;Top Channel&#8221; e fshiu artikullin e k\u00ebsaj deklarate . Veliaj vazhdon t\u00eb b\u00ebj\u00eb fushat\u00eb p\u00ebr Bashkin\u00eb e Tiran\u00ebs.\/<em><strong>Hashtag.al<\/strong><\/em><\/span><\/p>\n<p><img loading=\"lazy\" decoding=\"async\" class=\"aligncenter size-full wp-image-305576\" src=\"https:\/\/hashtag.al\/wp-content\/uploads\/2019\/06\/bushatitch.png\" alt=\"\" width=\"1206\" height=\"594\" srcset=\"https:\/\/www.hashtag.al\/wp-content\/uploads\/2019\/06\/bushatitch.png 1206w, https:\/\/www.hashtag.al\/wp-content\/uploads\/2019\/06\/bushatitch-300x148.png 300w, https:\/\/www.hashtag.al\/wp-content\/uploads\/2019\/06\/bushatitch-768x378.png 768w, https:\/\/www.hashtag.al\/wp-content\/uploads\/2019\/06\/bushatitch-1024x504.png 1024w\" sizes=\"auto, (max-width: 1206px) 100vw, 1206px\" \/><\/p>\n","protected":false,"gt_translate_keys":[{"key":"rendered","format":"html"}]},"excerpt":{"rendered":"<p>Nj\u00eb deklarat\u00eb e papritur u b\u00eb dje nga studiot e &#8220;Top Channel&#8221; nga deputeti socialist Ervin Bushati. N\u00eb studion e &#8220;Top Talk&#8221; t\u00eb Denis Dyrnjas\u00eb, Bushati deklaroi se \u00ebsht\u00eb koha p\u00ebr Erion Veliajn kryeminist\u00ebr. Teza se Erion Veliaj mund t\u00eb jet\u00eb pasuesi i Edi Ram\u00ebs nuk \u00ebsht\u00eb e pad\u00ebgjuar n\u00eb tavolina debati, tek-tuk edhe e [&hellip;]<\/p>\n","protected":false,"gt_translate_keys":[{"key":"rendered","format":"html"}]},"author":6,"featured_media":305578,"comment_status":"open","ping_status":"open","sticky":false,"template":"","format":"standard","meta":{"footnotes":""},"categories":[22,65,13],"tags":[],"class_list":["post-305573","post","type-post","status-publish","format-standard","has-post-thumbnail","hentry","category-ballina","category-lajme","category-te-fundit"],"gt_translate_keys":[{"key":"link","format":"url"}],"_links":{"self":[{"href":"https:\/\/www.hashtag.al\/index.php\/wp-json\/wp\/v2\/posts\/305573","targetHints":{"allow":["GET"]}}],"collection":[{"href":"https:\/\/www.hashtag.al\/index.php\/wp-json\/wp\/v2\/posts"}],"about":[{"href":"https:\/\/www.hashtag.al\/index.php\/wp-json\/wp\/v2\/types\/post"}],"author":[{"embeddable":true,"href":"https:\/\/www.hashtag.al\/index.php\/wp-json\/wp\/v2\/users\/6"}],"replies":[{"embeddable":true,"href":"https:\/\/www.hashtag.al\/index.php\/wp-json\/wp\/v2\/comments?post=305573"}],"version-history":[{"count":0,"href":"https:\/\/www.hashtag.al\/index.php\/wp-json\/wp\/v2\/posts\/305573\/revisions"}],"wp:featuredmedia":[{"embeddable":true,"href":"https:\/\/www.hashtag.al\/index.php\/wp-json\/wp\/v2\/media\/305578"}],"wp:attachment":[{"href":"https:\/\/www.hashtag.al\/index.php\/wp-json\/wp\/v2\/media?parent=305573"}],"wp:term":[{"taxonomy":"category","embeddable":true,"href":"https:\/\/www.hashtag.al\/index.php\/wp-json\/wp\/v2\/categories?post=305573"},{"taxonomy":"post_tag","embeddable":true,"href":"https:\/\/www.hashtag.al\/index.php\/wp-json\/wp\/v2\/tags?post=305573"}],"curies":[{"name":"wp","href":"https:\/\/api.w.org\/{rel}","templated":true}]}}