{"id":305552,"date":"2019-06-21T22:39:38","date_gmt":"2019-06-21T20:39:38","guid":{"rendered":"https:\/\/hashtag.al\/?p=305552"},"modified":"2019-06-22T11:56:57","modified_gmt":"2019-06-22T09:56:57","slug":"protesta-e-sotme-paqesore-marshim-dhe-simbolikat-pasqyruese-te-situates","status":"publish","type":"post","link":"https:\/\/www.hashtag.al\/index.php\/2019\/06\/21\/protesta-e-sotme-paqesore-marshim-dhe-simbolikat-pasqyruese-te-situates\/","title":{"rendered":"Protesta paq\u00ebsore, marshim dhe simbolikat pasqyruese t\u00eb situat\u00ebs","gt_translate_keys":[{"key":"rendered","format":"text"}]},"content":{"rendered":"<p><img loading=\"lazy\" decoding=\"async\" class=\"aligncenter size-full wp-image-305553\" src=\"https:\/\/hashtag.al\/wp-content\/uploads\/2019\/06\/marshim-protesta-1.png\" alt=\"\" width=\"713\" height=\"447\" srcset=\"https:\/\/www.hashtag.al\/wp-content\/uploads\/2019\/06\/marshim-protesta-1.png 713w, https:\/\/www.hashtag.al\/wp-content\/uploads\/2019\/06\/marshim-protesta-1-300x188.png 300w\" sizes=\"auto, (max-width: 713px) 100vw, 713px\" \/><\/p>\n<p><span style=\"color: #000000;\">Ka p\u00ebrfunduar protesta e sotme e opozit\u00ebs s\u00eb bashkuar e thirrur para kryeministris\u00eb e cila u mbyll pa asnj\u00eb incident.<\/span><\/p>\n<p><span style=\"color: #000000;\">Sot ishte nj\u00eb protest\u00eb plot me simbolika, e cila pasqyronte situat\u00ebn politike dhe skandalet qeveritare.<\/span><\/p>\n<p><span style=\"color: #000000;\">Mij\u00ebra qytetar\u00eb u mblodh\u00ebn para kryeministris\u00eb, dhe n\u00ebn thirrjet \u201cRama Ik\u201d k\u00ebrkuan \u201cShqip\u00ebrin\u00eb si gjith\u00eb Evropa\u201d.<\/span><\/p>\n<p><img loading=\"lazy\" decoding=\"async\" class=\"aligncenter size-full wp-image-305542\" src=\"https:\/\/hashtag.al\/wp-content\/uploads\/2019\/06\/basha-live-1.png\" alt=\"\" width=\"808\" height=\"454\" srcset=\"https:\/\/www.hashtag.al\/wp-content\/uploads\/2019\/06\/basha-live-1.png 808w, https:\/\/www.hashtag.al\/wp-content\/uploads\/2019\/06\/basha-live-1-300x169.png 300w, https:\/\/www.hashtag.al\/wp-content\/uploads\/2019\/06\/basha-live-1-768x432.png 768w\" sizes=\"auto, (max-width: 808px) 100vw, 808px\" \/><\/p>\n<p><span style=\"color: #000000;\">Simbolika m\u00eb e ve\u00e7ant\u00eb e k\u00ebsaj proteste ishte busti me fytyr\u00ebn e kryeministrit i cili u rr\u00ebzua n\u00ebn shenj\u00ebn e rr\u00ebzimit t\u00eb tij. Busti i Ram\u00ebs mbante edhe nj\u00eb thes me vota q\u00eb n\u00ebnkuptonte vjedhjen e votave t\u00eb sh\u00ebmb\u00ebllyera edhe n\u00eb p\u00ebrgjimet e dosjeve 339 dhe 184.<\/span><\/p>\n<p><img loading=\"lazy\" decoding=\"async\" class=\"aligncenter size-full wp-image-305538\" src=\"https:\/\/hashtag.al\/wp-content\/uploads\/2019\/06\/auto_Screenshot_181561143196.jpg\" alt=\"\" width=\"900\" height=\"535\" srcset=\"https:\/\/www.hashtag.al\/wp-content\/uploads\/2019\/06\/auto_Screenshot_181561143196.jpg 900w, https:\/\/www.hashtag.al\/wp-content\/uploads\/2019\/06\/auto_Screenshot_181561143196-300x178.jpg 300w, https:\/\/www.hashtag.al\/wp-content\/uploads\/2019\/06\/auto_Screenshot_181561143196-768x457.jpg 768w\" sizes=\"auto, (max-width: 900px) 100vw, 900px\" \/><\/p>\n<p><span style=\"color: #000000;\">Kreu i opozit\u00ebs mbajti edhe nj\u00eb fjalim ku deklaroi se nuk do ket\u00eb marr\u00ebveshje me Ram\u00ebn dhe se do i shkonte deri n\u00eb fund aksionit t\u00eb nisur duke lajm\u00ebruar se nuk do kishte as zgjedhje n\u00eb 30 qershor.<\/span><\/p>\n<p><span style=\"color: #000000;\">Pas mbylljes s\u00eb fjal\u00ebs s\u00eb Bash\u00ebs, qytetar\u00ebt u drejtuan drejt Parlamentit n\u00eb nj\u00eb marshim ku e mbyll\u00ebn ashtu si edhe her\u00ebt e tjera te selia blu.\/<strong>Hashtag.al<\/strong><\/span><\/p>\n<p><img loading=\"lazy\" decoding=\"async\" class=\"aligncenter size-full wp-image-305555\" src=\"https:\/\/hashtag.al\/wp-content\/uploads\/2019\/06\/cunat-problematike.png\" alt=\"\" width=\"497\" height=\"249\" srcset=\"https:\/\/www.hashtag.al\/wp-content\/uploads\/2019\/06\/cunat-problematike.png 497w, https:\/\/www.hashtag.al\/wp-content\/uploads\/2019\/06\/cunat-problematike-300x150.png 300w\" sizes=\"auto, (max-width: 497px) 100vw, 497px\" \/> <img loading=\"lazy\" decoding=\"async\" class=\"aligncenter size-full wp-image-305556\" src=\"https:\/\/hashtag.al\/wp-content\/uploads\/2019\/06\/WhatsApp-Image-2019-06-21-at-17.59.11.jpeg\" alt=\"\" width=\"1280\" height=\"960\" srcset=\"https:\/\/www.hashtag.al\/wp-content\/uploads\/2019\/06\/WhatsApp-Image-2019-06-21-at-17.59.11.jpeg 1280w, https:\/\/www.hashtag.al\/wp-content\/uploads\/2019\/06\/WhatsApp-Image-2019-06-21-at-17.59.11-300x225.jpeg 300w, https:\/\/www.hashtag.al\/wp-content\/uploads\/2019\/06\/WhatsApp-Image-2019-06-21-at-17.59.11-768x576.jpeg 768w, https:\/\/www.hashtag.al\/wp-content\/uploads\/2019\/06\/WhatsApp-Image-2019-06-21-at-17.59.11-1024x768.jpeg 1024w\" sizes=\"auto, (max-width: 1280px) 100vw, 1280px\" \/> <img loading=\"lazy\" decoding=\"async\" class=\"aligncenter size-full wp-image-305557\" src=\"https:\/\/hashtag.al\/wp-content\/uploads\/2019\/06\/WhatsApp-Image-2019-06-21-at-20.07.03-1.jpeg\" alt=\"\" width=\"960\" height=\"1280\" srcset=\"https:\/\/www.hashtag.al\/wp-content\/uploads\/2019\/06\/WhatsApp-Image-2019-06-21-at-20.07.03-1.jpeg 960w, https:\/\/www.hashtag.al\/wp-content\/uploads\/2019\/06\/WhatsApp-Image-2019-06-21-at-20.07.03-1-225x300.jpeg 225w, https:\/\/www.hashtag.al\/wp-content\/uploads\/2019\/06\/WhatsApp-Image-2019-06-21-at-20.07.03-1-768x1024.jpeg 768w\" sizes=\"auto, (max-width: 960px) 100vw, 960px\" \/> <img loading=\"lazy\" decoding=\"async\" class=\"aligncenter size-full wp-image-305558\" src=\"https:\/\/hashtag.al\/wp-content\/uploads\/2019\/06\/WhatsApp-Image-2019-06-21-at-20.07.04-2.jpeg\" alt=\"\" width=\"1280\" height=\"960\" srcset=\"https:\/\/www.hashtag.al\/wp-content\/uploads\/2019\/06\/WhatsApp-Image-2019-06-21-at-20.07.04-2.jpeg 1280w, https:\/\/www.hashtag.al\/wp-content\/uploads\/2019\/06\/WhatsApp-Image-2019-06-21-at-20.07.04-2-300x225.jpeg 300w, https:\/\/www.hashtag.al\/wp-content\/uploads\/2019\/06\/WhatsApp-Image-2019-06-21-at-20.07.04-2-768x576.jpeg 768w, https:\/\/www.hashtag.al\/wp-content\/uploads\/2019\/06\/WhatsApp-Image-2019-06-21-at-20.07.04-2-1024x768.jpeg 1024w\" sizes=\"auto, (max-width: 1280px) 100vw, 1280px\" \/> <img loading=\"lazy\" decoding=\"async\" class=\"aligncenter size-full wp-image-305559\" src=\"https:\/\/hashtag.al\/wp-content\/uploads\/2019\/06\/WhatsApp-Image-2019-06-21-at-20.07.05.jpeg\" alt=\"\" width=\"1280\" height=\"960\" srcset=\"https:\/\/www.hashtag.al\/wp-content\/uploads\/2019\/06\/WhatsApp-Image-2019-06-21-at-20.07.05.jpeg 1280w, https:\/\/www.hashtag.al\/wp-content\/uploads\/2019\/06\/WhatsApp-Image-2019-06-21-at-20.07.05-300x225.jpeg 300w, https:\/\/www.hashtag.al\/wp-content\/uploads\/2019\/06\/WhatsApp-Image-2019-06-21-at-20.07.05-768x576.jpeg 768w, https:\/\/www.hashtag.al\/wp-content\/uploads\/2019\/06\/WhatsApp-Image-2019-06-21-at-20.07.05-1024x768.jpeg 1024w\" sizes=\"auto, (max-width: 1280px) 100vw, 1280px\" \/><\/p>\n","protected":false,"gt_translate_keys":[{"key":"rendered","format":"html"}]},"excerpt":{"rendered":"<p>Ka p\u00ebrfunduar protesta e sotme e opozit\u00ebs s\u00eb bashkuar e thirrur para kryeministris\u00eb e cila u mbyll pa asnj\u00eb incident. Sot ishte nj\u00eb protest\u00eb plot me simbolika, e cila pasqyronte situat\u00ebn politike dhe skandalet qeveritare. Mij\u00ebra qytetar\u00eb u mblodh\u00ebn para kryeministris\u00eb, dhe n\u00ebn thirrjet \u201cRama Ik\u201d k\u00ebrkuan \u201cShqip\u00ebrin\u00eb si gjith\u00eb Evropa\u201d. Simbolika m\u00eb e ve\u00e7ant\u00eb [&hellip;]<\/p>\n","protected":false,"gt_translate_keys":[{"key":"rendered","format":"html"}]},"author":32,"featured_media":305538,"comment_status":"open","ping_status":"open","sticky":false,"template":"","format":"standard","meta":{"footnotes":""},"categories":[22,65,13],"tags":[],"class_list":["post-305552","post","type-post","status-publish","format-standard","has-post-thumbnail","hentry","category-ballina","category-lajme","category-te-fundit"],"gt_translate_keys":[{"key":"link","format":"url"}],"_links":{"self":[{"href":"https:\/\/www.hashtag.al\/index.php\/wp-json\/wp\/v2\/posts\/305552","targetHints":{"allow":["GET"]}}],"collection":[{"href":"https:\/\/www.hashtag.al\/index.php\/wp-json\/wp\/v2\/posts"}],"about":[{"href":"https:\/\/www.hashtag.al\/index.php\/wp-json\/wp\/v2\/types\/post"}],"author":[{"embeddable":true,"href":"https:\/\/www.hashtag.al\/index.php\/wp-json\/wp\/v2\/users\/32"}],"replies":[{"embeddable":true,"href":"https:\/\/www.hashtag.al\/index.php\/wp-json\/wp\/v2\/comments?post=305552"}],"version-history":[{"count":0,"href":"https:\/\/www.hashtag.al\/index.php\/wp-json\/wp\/v2\/posts\/305552\/revisions"}],"wp:featuredmedia":[{"embeddable":true,"href":"https:\/\/www.hashtag.al\/index.php\/wp-json\/wp\/v2\/media\/305538"}],"wp:attachment":[{"href":"https:\/\/www.hashtag.al\/index.php\/wp-json\/wp\/v2\/media?parent=305552"}],"wp:term":[{"taxonomy":"category","embeddable":true,"href":"https:\/\/www.hashtag.al\/index.php\/wp-json\/wp\/v2\/categories?post=305552"},{"taxonomy":"post_tag","embeddable":true,"href":"https:\/\/www.hashtag.al\/index.php\/wp-json\/wp\/v2\/tags?post=305552"}],"curies":[{"name":"wp","href":"https:\/\/api.w.org\/{rel}","templated":true}]}}