{"id":305549,"date":"2019-06-21T21:54:29","date_gmt":"2019-06-21T19:54:29","guid":{"rendered":"https:\/\/hashtag.al\/?p=305549"},"modified":"2019-06-21T21:54:29","modified_gmt":"2019-06-21T19:54:29","slug":"protestuesit-marshojne-drejt-parlamentit","status":"publish","type":"post","link":"https:\/\/www.hashtag.al\/index.php\/2019\/06\/21\/protestuesit-marshojne-drejt-parlamentit\/","title":{"rendered":"Protestuesit marshojn\u00eb drejt Parlamentit","gt_translate_keys":[{"key":"rendered","format":"text"}]},"content":{"rendered":"<p><img loading=\"lazy\" decoding=\"async\" class=\"aligncenter size-full wp-image-305550\" src=\"https:\/\/hashtag.al\/wp-content\/uploads\/2019\/06\/marshim-protesta.png\" alt=\"\" width=\"713\" height=\"447\" srcset=\"https:\/\/www.hashtag.al\/wp-content\/uploads\/2019\/06\/marshim-protesta.png 713w, https:\/\/www.hashtag.al\/wp-content\/uploads\/2019\/06\/marshim-protesta-300x188.png 300w\" sizes=\"auto, (max-width: 713px) 100vw, 713px\" \/><\/p>\n<p><span style=\"color: #000000;\">Me p\u00ebrfundimin e fjal\u00ebs para protestueseve te kryeministria, lideri i opozit\u00ebs Lulzim Basha dhe dhjet\u00ebra mij\u00ebra qytetar\u00eb kan\u00eb nisur marshimin drejt selis\u00eb s\u00eb Parlamentit.<\/span><\/p>\n<p><span style=\"color: #000000;\">&#8220;Marshoni me mua drejt Parlamentit, drejt sht\u00ebpis\u00eb s\u00eb liris\u00eb&#8221;, u shpreh Basha.<\/span><\/p>\n<p>&nbsp;<\/p>\n<p><iframe loading=\"lazy\" style=\"border: none; overflow: hidden;\" src=\"https:\/\/www.facebook.com\/plugins\/video.php?href=https%3A%2F%2Fwww.facebook.com%2Flulzimbasha.al%2Fvideos%2F354867721852795%2F&amp;show_text=0&amp;width=560\" width=\"560\" height=\"315\" frameborder=\"0\" scrolling=\"no\" allowfullscreen=\"allowfullscreen\"><\/iframe><\/p>\n","protected":false,"gt_translate_keys":[{"key":"rendered","format":"html"}]},"excerpt":{"rendered":"<p>Me p\u00ebrfundimin e fjal\u00ebs para protestueseve te kryeministria, lideri i opozit\u00ebs Lulzim Basha dhe dhjet\u00ebra mij\u00ebra qytetar\u00eb kan\u00eb nisur marshimin drejt selis\u00eb s\u00eb Parlamentit. &#8220;Marshoni me mua drejt Parlamentit, drejt sht\u00ebpis\u00eb s\u00eb liris\u00eb&#8221;, u shpreh Basha. &nbsp;<\/p>\n","protected":false,"gt_translate_keys":[{"key":"rendered","format":"html"}]},"author":32,"featured_media":305550,"comment_status":"open","ping_status":"open","sticky":false,"template":"","format":"standard","meta":{"footnotes":""},"categories":[65,13],"tags":[],"class_list":["post-305549","post","type-post","status-publish","format-standard","has-post-thumbnail","hentry","category-lajme","category-te-fundit"],"gt_translate_keys":[{"key":"link","format":"url"}],"_links":{"self":[{"href":"https:\/\/www.hashtag.al\/index.php\/wp-json\/wp\/v2\/posts\/305549","targetHints":{"allow":["GET"]}}],"collection":[{"href":"https:\/\/www.hashtag.al\/index.php\/wp-json\/wp\/v2\/posts"}],"about":[{"href":"https:\/\/www.hashtag.al\/index.php\/wp-json\/wp\/v2\/types\/post"}],"author":[{"embeddable":true,"href":"https:\/\/www.hashtag.al\/index.php\/wp-json\/wp\/v2\/users\/32"}],"replies":[{"embeddable":true,"href":"https:\/\/www.hashtag.al\/index.php\/wp-json\/wp\/v2\/comments?post=305549"}],"version-history":[{"count":0,"href":"https:\/\/www.hashtag.al\/index.php\/wp-json\/wp\/v2\/posts\/305549\/revisions"}],"wp:featuredmedia":[{"embeddable":true,"href":"https:\/\/www.hashtag.al\/index.php\/wp-json\/wp\/v2\/media\/305550"}],"wp:attachment":[{"href":"https:\/\/www.hashtag.al\/index.php\/wp-json\/wp\/v2\/media?parent=305549"}],"wp:term":[{"taxonomy":"category","embeddable":true,"href":"https:\/\/www.hashtag.al\/index.php\/wp-json\/wp\/v2\/categories?post=305549"},{"taxonomy":"post_tag","embeddable":true,"href":"https:\/\/www.hashtag.al\/index.php\/wp-json\/wp\/v2\/tags?post=305549"}],"curies":[{"name":"wp","href":"https:\/\/api.w.org\/{rel}","templated":true}]}}