{"id":305301,"date":"2019-06-20T22:02:59","date_gmt":"2019-06-20T20:02:59","guid":{"rendered":"https:\/\/hashtag.al\/?p=305301"},"modified":"2019-06-20T23:45:21","modified_gmt":"2019-06-20T21:45:21","slug":"basha-neser-vuloset-fundi-i-rames-ftoj-shqiptaret-ne-protesten-paqesore","status":"publish","type":"post","link":"https:\/\/www.hashtag.al\/index.php\/2019\/06\/20\/basha-neser-vuloset-fundi-i-rames-ftoj-shqiptaret-ne-protesten-paqesore\/","title":{"rendered":"Basha: Nes\u00ebr vuloset fundi i Ram\u00ebs, ftoj shqiptar\u00ebt n\u00eb protest\u00ebn paq\u00ebsore","gt_translate_keys":[{"key":"rendered","format":"text"}]},"content":{"rendered":"<p><img loading=\"lazy\" decoding=\"async\" class=\"aligncenter size-full wp-image-303622\" src=\"https:\/\/hashtag.al\/wp-content\/uploads\/2019\/06\/basha13qershor3.jpg\" alt=\"\" width=\"1980\" height=\"1320\" srcset=\"https:\/\/www.hashtag.al\/wp-content\/uploads\/2019\/06\/basha13qershor3.jpg 1980w, https:\/\/www.hashtag.al\/wp-content\/uploads\/2019\/06\/basha13qershor3-300x200.jpg 300w, https:\/\/www.hashtag.al\/wp-content\/uploads\/2019\/06\/basha13qershor3-768x512.jpg 768w, https:\/\/www.hashtag.al\/wp-content\/uploads\/2019\/06\/basha13qershor3-1024x683.jpg 1024w\" sizes=\"auto, (max-width: 1980px) 100vw, 1980px\" \/><\/p>\n<p><span style=\"color: #000000;\">Kreu i PD-s\u00eb ftoi shqiptar\u00ebt nes\u00ebr n\u00eb protest\u00ebn e organizuar nga opozita e bashkuar, duke theksuar se do jet\u00eb fundi i kryeministrit Rama.<\/span><\/p>\n<p><span style=\"color: #000000;\">\u201cNuk do ket\u00eb p\u00ebrplasje nes\u00ebr n\u00eb protest\u00eb, ftoj shqiptar\u00ebt me gjith\u00eb familjet kund\u00ebr Ram\u00ebs. Nes\u00ebr do vuloset fundi i Ram\u00ebs. Protesta do jet\u00eb paq\u00ebsore, do jem bashk\u00eb me vajzat dhe bashk\u00ebshorten\u201d- u shpreh Basha n\u00eb nj\u00eb lidhje telefonike n\u00eb emisionin \u201cOpinion\u201d.<\/span><\/p>\n<p><span style=\"color: #000000;\">Basha theksoi se n\u00eb 30 qershor nuk do ket\u00eb zgjedhje pasi dekreti i Met\u00ebs \u00ebsht\u00eb n\u00eb fuqi.<\/span><\/p>\n<p><span style=\"color: #000000;\">\u201c30 qershori do jet\u00eb nj\u00eb dit\u00eb q\u00eb nuk do ket\u00eb zgjedhje. Do zbatohet dekreti i Presidentit i cili \u00ebsht\u00eb botuar n\u00eb fletoren zyrtare\u201d-deklaroi Basha..<\/span><\/p>\n","protected":false,"gt_translate_keys":[{"key":"rendered","format":"html"}]},"excerpt":{"rendered":"<p>Kreu i PD-s\u00eb ftoi shqiptar\u00ebt nes\u00ebr n\u00eb protest\u00ebn e organizuar nga opozita e bashkuar, duke theksuar se do jet\u00eb fundi i kryeministrit Rama. \u201cNuk do ket\u00eb p\u00ebrplasje nes\u00ebr n\u00eb protest\u00eb, ftoj shqiptar\u00ebt me gjith\u00eb familjet kund\u00ebr Ram\u00ebs. Nes\u00ebr do vuloset fundi i Ram\u00ebs. Protesta do jet\u00eb paq\u00ebsore, do jem bashk\u00eb me vajzat dhe bashk\u00ebshorten\u201d- u [&hellip;]<\/p>\n","protected":false,"gt_translate_keys":[{"key":"rendered","format":"html"}]},"author":32,"featured_media":303622,"comment_status":"open","ping_status":"open","sticky":false,"template":"","format":"standard","meta":{"footnotes":""},"categories":[65,13],"tags":[],"class_list":["post-305301","post","type-post","status-publish","format-standard","has-post-thumbnail","hentry","category-lajme","category-te-fundit"],"gt_translate_keys":[{"key":"link","format":"url"}],"_links":{"self":[{"href":"https:\/\/www.hashtag.al\/index.php\/wp-json\/wp\/v2\/posts\/305301","targetHints":{"allow":["GET"]}}],"collection":[{"href":"https:\/\/www.hashtag.al\/index.php\/wp-json\/wp\/v2\/posts"}],"about":[{"href":"https:\/\/www.hashtag.al\/index.php\/wp-json\/wp\/v2\/types\/post"}],"author":[{"embeddable":true,"href":"https:\/\/www.hashtag.al\/index.php\/wp-json\/wp\/v2\/users\/32"}],"replies":[{"embeddable":true,"href":"https:\/\/www.hashtag.al\/index.php\/wp-json\/wp\/v2\/comments?post=305301"}],"version-history":[{"count":0,"href":"https:\/\/www.hashtag.al\/index.php\/wp-json\/wp\/v2\/posts\/305301\/revisions"}],"wp:featuredmedia":[{"embeddable":true,"href":"https:\/\/www.hashtag.al\/index.php\/wp-json\/wp\/v2\/media\/303622"}],"wp:attachment":[{"href":"https:\/\/www.hashtag.al\/index.php\/wp-json\/wp\/v2\/media?parent=305301"}],"wp:term":[{"taxonomy":"category","embeddable":true,"href":"https:\/\/www.hashtag.al\/index.php\/wp-json\/wp\/v2\/categories?post=305301"},{"taxonomy":"post_tag","embeddable":true,"href":"https:\/\/www.hashtag.al\/index.php\/wp-json\/wp\/v2\/tags?post=305301"}],"curies":[{"name":"wp","href":"https:\/\/api.w.org\/{rel}","templated":true}]}}