{"id":305298,"date":"2019-06-20T21:36:26","date_gmt":"2019-06-20T19:36:26","guid":{"rendered":"https:\/\/hashtag.al\/?p=305298"},"modified":"2019-06-21T09:15:47","modified_gmt":"2019-06-21T07:15:47","slug":"kryemadhi-ne-30-qershor-nuk-ka-zgjedhje-ose-mund-te-behen-vetem-per-kryetarin-e-ps-se","status":"publish","type":"post","link":"https:\/\/www.hashtag.al\/index.php\/2019\/06\/20\/kryemadhi-ne-30-qershor-nuk-ka-zgjedhje-ose-mund-te-behen-vetem-per-kryetarin-e-ps-se\/","title":{"rendered":"Kryemadhi: N\u00eb 30 qershor nuk ka zgjedhje ose mund t\u00eb b\u00ebhen vet\u00ebm p\u00ebr kryetarin e PS-s\u00eb","gt_translate_keys":[{"key":"rendered","format":"text"}]},"content":{"rendered":"<p><img loading=\"lazy\" decoding=\"async\" class=\"aligncenter size-full wp-image-305299\" src=\"https:\/\/hashtag.al\/wp-content\/uploads\/2019\/06\/64811191_1346594385491637_8440205357682262016_n-770x433.jpg\" alt=\"\" width=\"770\" height=\"433\" srcset=\"https:\/\/www.hashtag.al\/wp-content\/uploads\/2019\/06\/64811191_1346594385491637_8440205357682262016_n-770x433.jpg 770w, https:\/\/www.hashtag.al\/wp-content\/uploads\/2019\/06\/64811191_1346594385491637_8440205357682262016_n-770x433-300x169.jpg 300w, https:\/\/www.hashtag.al\/wp-content\/uploads\/2019\/06\/64811191_1346594385491637_8440205357682262016_n-770x433-768x432.jpg 768w\" sizes=\"auto, (max-width: 770px) 100vw, 770px\" \/><\/p>\n<p><span style=\"color: #000000;\">Kryetarja e L\u00ebvizjes Socialiste p\u00ebr Integrim Monika Kryemadhi n\u00eb emisionin \u201cOpinion\u201d \u00ebsht\u00eb shprehur e bindur se n\u00eb 30 qershor nuk do ket\u00eb zgjedhje dhe ka ironizuar se n\u00ebse do b\u00ebhen do jen\u00eb p\u00ebr zgjedhjen e kryetarit t\u00eb Partis\u00eb Socialiste.<\/span><\/p>\n<p><span style=\"color: #000000;\">\u201c<em>N\u00eb momentin q\u00eb dekreti betohet n\u00eb fletoren zyrtare, ka fuqi zbatuese. Ky zot\u00ebria meq\u00eb nuk e njeh dekretin e presidentit, le ta \u00e7oj\u00eb n\u00eb gjykat\u00ebn e Tiran\u00ebs, n\u00eb gjykat\u00ebn e Apelit. Nuk e ka b\u00ebr\u00eb se k\u00ebrkon t\u00eb krijoj\u00eb nj\u00eb rr\u00ebmuj\u00eb q\u00eb t\u00eb shp\u00ebtoj\u00eb kok\u00ebn e vet.<\/em><\/span><\/p>\n<p><span style=\"color: #000000;\"><em>Un\u00eb si fallxhore q\u00eb jam, di t\u00eb them se m\u00eb 30 qershor mund t\u00eb b\u00ebj\u00eb votime p\u00ebr kryetarin e PS-s\u00eb<\/em>\u201d- u shpreh Kryemadhi. \u00a0<\/span><\/p>\n<p><span style=\"color: #000000;\">\u201cM\u00eb 30 qershor jan\u00eb zgjedhjet p\u00ebr kryetar bashkie\u201d- deklaroi kryetarja e LSI.<\/span><\/p>\n<p><span style=\"color: #000000;\">\u201cM\u00eb 30 qershor Tirana do t\u00eb votoj\u00eb p\u00ebr Erion Veliajn\u201d, u shpreh Blendi Fevziu, nd\u00ebrsa Kryemadhi shtoi: \u201cAt\u00ebher\u00eb do t\u00eb zgjedhin Erion Veliajn n\u00eb krye t\u00eb PS\u201d.<\/span><\/p>\n<p>&nbsp;<\/p>\n","protected":false,"gt_translate_keys":[{"key":"rendered","format":"html"}]},"excerpt":{"rendered":"<p>Kryetarja e L\u00ebvizjes Socialiste p\u00ebr Integrim Monika Kryemadhi n\u00eb emisionin \u201cOpinion\u201d \u00ebsht\u00eb shprehur e bindur se n\u00eb 30 qershor nuk do ket\u00eb zgjedhje dhe ka ironizuar se n\u00ebse do b\u00ebhen do jen\u00eb p\u00ebr zgjedhjen e kryetarit t\u00eb Partis\u00eb Socialiste. \u201cN\u00eb momentin q\u00eb dekreti betohet n\u00eb fletoren zyrtare, ka fuqi zbatuese. Ky zot\u00ebria meq\u00eb nuk e [&hellip;]<\/p>\n","protected":false,"gt_translate_keys":[{"key":"rendered","format":"html"}]},"author":32,"featured_media":305299,"comment_status":"open","ping_status":"open","sticky":false,"template":"","format":"standard","meta":{"footnotes":""},"categories":[65,13],"tags":[],"class_list":["post-305298","post","type-post","status-publish","format-standard","has-post-thumbnail","hentry","category-lajme","category-te-fundit"],"gt_translate_keys":[{"key":"link","format":"url"}],"_links":{"self":[{"href":"https:\/\/www.hashtag.al\/index.php\/wp-json\/wp\/v2\/posts\/305298","targetHints":{"allow":["GET"]}}],"collection":[{"href":"https:\/\/www.hashtag.al\/index.php\/wp-json\/wp\/v2\/posts"}],"about":[{"href":"https:\/\/www.hashtag.al\/index.php\/wp-json\/wp\/v2\/types\/post"}],"author":[{"embeddable":true,"href":"https:\/\/www.hashtag.al\/index.php\/wp-json\/wp\/v2\/users\/32"}],"replies":[{"embeddable":true,"href":"https:\/\/www.hashtag.al\/index.php\/wp-json\/wp\/v2\/comments?post=305298"}],"version-history":[{"count":0,"href":"https:\/\/www.hashtag.al\/index.php\/wp-json\/wp\/v2\/posts\/305298\/revisions"}],"wp:featuredmedia":[{"embeddable":true,"href":"https:\/\/www.hashtag.al\/index.php\/wp-json\/wp\/v2\/media\/305299"}],"wp:attachment":[{"href":"https:\/\/www.hashtag.al\/index.php\/wp-json\/wp\/v2\/media?parent=305298"}],"wp:term":[{"taxonomy":"category","embeddable":true,"href":"https:\/\/www.hashtag.al\/index.php\/wp-json\/wp\/v2\/categories?post=305298"},{"taxonomy":"post_tag","embeddable":true,"href":"https:\/\/www.hashtag.al\/index.php\/wp-json\/wp\/v2\/tags?post=305298"}],"curies":[{"name":"wp","href":"https:\/\/api.w.org\/{rel}","templated":true}]}}