{"id":305275,"date":"2019-06-20T19:04:44","date_gmt":"2019-06-20T17:04:44","guid":{"rendered":"https:\/\/hashtag.al\/?p=305275"},"modified":"2019-06-20T19:28:59","modified_gmt":"2019-06-20T17:28:59","slug":"protesta-ne-shkoder-policia-perdor-spraj-ndaj-qytetareve-video","status":"publish","type":"post","link":"https:\/\/www.hashtag.al\/index.php\/2019\/06\/20\/protesta-ne-shkoder-policia-perdor-spraj-ndaj-qytetareve-video\/","title":{"rendered":"Protesta n\u00eb Shkod\u00ebr, policia p\u00ebrdor spraj ndaj qytetar\u00ebve (Video)","gt_translate_keys":[{"key":"rendered","format":"text"}]},"content":{"rendered":"<p><img loading=\"lazy\" decoding=\"async\" class=\"aligncenter size-full wp-image-305276\" src=\"https:\/\/hashtag.al\/wp-content\/uploads\/2019\/06\/shkoder.png\" alt=\"\" width=\"807\" height=\"364\" srcset=\"https:\/\/www.hashtag.al\/wp-content\/uploads\/2019\/06\/shkoder.png 807w, https:\/\/www.hashtag.al\/wp-content\/uploads\/2019\/06\/shkoder-300x135.png 300w, https:\/\/www.hashtag.al\/wp-content\/uploads\/2019\/06\/shkoder-768x346.png 768w\" sizes=\"auto, (max-width: 807px) 100vw, 807px\" \/><\/p>\n<p><span style=\"color: #000000;\">Kan\u00eb nisur protestat n\u00eb Shkod\u00ebr, pasi n\u00eb k\u00ebt\u00eb qytet Rama po zhvillon takim elektoral p\u00ebr zgjedhjet lokale.<\/span><\/p>\n<p><span style=\"color: #000000;\">Mes protestuesve dhe policis\u00eb ka pasur shtyrje, ku k\u00ebta t\u00eb fundit jan\u00eb detyruar q\u00eb t\u00eb p\u00ebrdorin spraj p\u00ebr t\u00eb larguar qytetar\u00ebt.<\/span><\/p>\n<p><span style=\"color: #000000;\">M\u00eb pas protestuesit kan\u00eb hedhur sende t\u00eb forta ndaj policis\u00eb.<\/span><\/p>\n<p>E pranishme n\u00eb protest\u00eb ka qen\u00eb edhe kryetarja e Bashkis\u00eb Voltana Ademi.<\/p>\n<p><iframe loading=\"lazy\" style=\"border: none; overflow: hidden;\" src=\"https:\/\/www.facebook.com\/plugins\/video.php?href=https%3A%2F%2Fwww.facebook.com%2Fpartiademokratike%2Fvideos%2F2417329425168553%2F&amp;show_text=0&amp;width=560\" width=\"560\" height=\"315\" frameborder=\"0\" scrolling=\"no\" allowfullscreen=\"allowfullscreen\"><\/iframe><\/p>\n","protected":false,"gt_translate_keys":[{"key":"rendered","format":"html"}]},"excerpt":{"rendered":"<p>Kan\u00eb nisur protestat n\u00eb Shkod\u00ebr, pasi n\u00eb k\u00ebt\u00eb qytet Rama po zhvillon takim elektoral p\u00ebr zgjedhjet lokale. Mes protestuesve dhe policis\u00eb ka pasur shtyrje, ku k\u00ebta t\u00eb fundit jan\u00eb detyruar q\u00eb t\u00eb p\u00ebrdorin spraj p\u00ebr t\u00eb larguar qytetar\u00ebt. M\u00eb pas protestuesit kan\u00eb hedhur sende t\u00eb forta ndaj policis\u00eb. E pranishme n\u00eb protest\u00eb ka qen\u00eb edhe [&hellip;]<\/p>\n","protected":false,"gt_translate_keys":[{"key":"rendered","format":"html"}]},"author":32,"featured_media":305276,"comment_status":"open","ping_status":"open","sticky":false,"template":"","format":"standard","meta":{"footnotes":""},"categories":[65,13],"tags":[],"class_list":["post-305275","post","type-post","status-publish","format-standard","has-post-thumbnail","hentry","category-lajme","category-te-fundit"],"gt_translate_keys":[{"key":"link","format":"url"}],"_links":{"self":[{"href":"https:\/\/www.hashtag.al\/index.php\/wp-json\/wp\/v2\/posts\/305275","targetHints":{"allow":["GET"]}}],"collection":[{"href":"https:\/\/www.hashtag.al\/index.php\/wp-json\/wp\/v2\/posts"}],"about":[{"href":"https:\/\/www.hashtag.al\/index.php\/wp-json\/wp\/v2\/types\/post"}],"author":[{"embeddable":true,"href":"https:\/\/www.hashtag.al\/index.php\/wp-json\/wp\/v2\/users\/32"}],"replies":[{"embeddable":true,"href":"https:\/\/www.hashtag.al\/index.php\/wp-json\/wp\/v2\/comments?post=305275"}],"version-history":[{"count":0,"href":"https:\/\/www.hashtag.al\/index.php\/wp-json\/wp\/v2\/posts\/305275\/revisions"}],"wp:featuredmedia":[{"embeddable":true,"href":"https:\/\/www.hashtag.al\/index.php\/wp-json\/wp\/v2\/media\/305276"}],"wp:attachment":[{"href":"https:\/\/www.hashtag.al\/index.php\/wp-json\/wp\/v2\/media?parent=305275"}],"wp:term":[{"taxonomy":"category","embeddable":true,"href":"https:\/\/www.hashtag.al\/index.php\/wp-json\/wp\/v2\/categories?post=305275"},{"taxonomy":"post_tag","embeddable":true,"href":"https:\/\/www.hashtag.al\/index.php\/wp-json\/wp\/v2\/tags?post=305275"}],"curies":[{"name":"wp","href":"https:\/\/api.w.org\/{rel}","templated":true}]}}