{"id":305263,"date":"2019-06-20T18:49:44","date_gmt":"2019-06-20T16:49:44","guid":{"rendered":"https:\/\/hashtag.al\/?p=305263"},"modified":"2019-06-20T18:51:06","modified_gmt":"2019-06-20T16:51:06","slug":"regjistrimi-audio-gazetari-britanik-pyet-ramen-per-gjyqin-me-becchettin","status":"publish","type":"post","link":"https:\/\/www.hashtag.al\/index.php\/2019\/06\/20\/regjistrimi-audio-gazetari-britanik-pyet-ramen-per-gjyqin-me-becchettin\/","title":{"rendered":"REGJISTRIMI AUDIO: Gazetari britanik pyet Ram\u00ebn p\u00ebr gjyqin me Becchettin","gt_translate_keys":[{"key":"rendered","format":"text"}]},"content":{"rendered":"<p><span style=\"color: #000000;\"><img loading=\"lazy\" decoding=\"async\" class=\"aligncenter size-full wp-image-305264\" src=\"https:\/\/hashtag.al\/wp-content\/uploads\/2019\/06\/RAMA.jpg\" alt=\"\" width=\"1024\" height=\"768\" srcset=\"https:\/\/www.hashtag.al\/wp-content\/uploads\/2019\/06\/RAMA.jpg 1024w, https:\/\/www.hashtag.al\/wp-content\/uploads\/2019\/06\/RAMA-300x225.jpg 300w, https:\/\/www.hashtag.al\/wp-content\/uploads\/2019\/06\/RAMA-768x576.jpg 768w\" sizes=\"auto, (max-width: 1024px) 100vw, 1024px\" \/><\/span><\/p>\n<p><span style=\"color: #000000;\">Nj\u00eb gazetar i gazet\u00ebs \u201cTimes\u201d, e ka ndaluar kryeministrin Edi Rama gjat\u00eb vizit\u00ebs s\u00eb tij n\u00eb Lond\u00ebr, p\u00ebr ta pyetur lidhur me gjyqin e Francesco Becchettit.<\/span><\/p>\n<p><span style=\"color: #000000;\">N\u00eb audion e siguruar nga \u201cHashtag.al\u201d, nj\u00eb person q\u00eb e shoq\u00ebron kryeministrin Rama, i vjen n\u00eb ndihm\u00eb k\u00ebtij t\u00eb fundit duke i k\u00ebrkuar gazetarit t\u00eb largohet. Mir\u00ebpo Rama gjithsesi vendosi t&#8217;i p\u00ebrgjigjej shum\u00eb shkurt gazetarit se \u00e7\u00ebshtja \u201c\u00ebsht\u00eb konfidenciale\u201d dhe as ai dhe askush tjet\u00ebr s\u2019mund t\u00eb flas\u00eb p\u00ebr k\u00ebt\u00eb.<\/span><\/p>\n<p><span style=\"color: #000000;\">Sjellim nd\u00ebrmend se vet\u00ebm pak m\u00eb her\u00ebt gjat\u00eb dit\u00ebs s\u00eb sotme, Law-360, nj\u00eb entitet me autoritet dhe i specializuar n\u00eb informacionet precize mbi zhvillimet e jurisprudenc\u00ebs n\u00eb SHBA i ka kushtuar nj\u00eb artikull gjyqit t\u00eb Bechettit me qeverin\u00eb shqiptare.<\/span><\/p>\n<p><span style=\"color: #000000;\">Sipas Law-360, Shqip\u00ebria duhet t&#8217;i paguaj\u00eb Bechettit nj\u00eb d\u00ebmshp\u00ebrblim prej 111 milion\u00eb eurosh.<\/span><\/p>\n<p><span style=\"color: #000000;\"><strong>BISEDA<\/strong>:<\/span><\/p>\n<p><span style=\"color: #000000;\"><strong>Gazetari<\/strong>: M\u00eb falni mund t\u2019ju nd\u00ebrpres nj\u00eb sekond\u00eb? E ndoqa fjalimin tuaj k\u00ebt\u00eb m\u00ebngjes. Un\u00eb quhem Dominic Carman, jam gazetar. Ju pyes nga gazeta \u201cTimes\u201d. Doja t\u00eb dija \u00e7far\u00eb mendoni p\u00ebr gjyqin e Francesco Becchettit?<\/span><\/p>\n<p><span style=\"color: #000000;\"><strong>Personi q\u00eb shoq\u00ebron Ram\u00ebn:<\/strong> Ju vjen keq sepse jemi n\u00eb mes t\u00eb nj\u00eb bisede, mund t\u00eb ktheheni m\u00eb von\u00eb?<\/span><\/p>\n<p><span style=\"color: #000000;\"><strong>Rama<\/strong>: Nuk kam asnj\u00eb mendim sepse \u00ebsht\u00eb konfidenciale sipas gjykat\u00ebs. \u00cbsht\u00eb konfidenciale. Askush s\u2019mund t\u00eb flas\u00eb p\u00ebr k\u00ebt\u00eb.\/<strong>Hashtag.al<\/strong><\/span><\/p>\n<p><span style=\"color: #000000;\"><strong>Audio e kominikimit mes gazetarit dhe Ram\u00ebs:<\/strong><\/span><\/p>\n<audio class=\"wp-audio-shortcode\" id=\"audio-305263-1\" preload=\"none\" style=\"width: 100%;\" controls=\"controls\"><source type=\"audio\/mpeg\" src=\"https:\/\/hashtag.al\/wp-content\/uploads\/2019\/06\/WhatsApp-Audio-2019-06-20-at-18.10.10-online-audio-converter.com_.mp3?_=1\" \/><a href=\"https:\/\/hashtag.al\/wp-content\/uploads\/2019\/06\/WhatsApp-Audio-2019-06-20-at-18.10.10-online-audio-converter.com_.mp3\">https:\/\/hashtag.al\/wp-content\/uploads\/2019\/06\/WhatsApp-Audio-2019-06-20-at-18.10.10-online-audio-converter.com_.mp3<\/a><\/audio>\n","protected":false,"gt_translate_keys":[{"key":"rendered","format":"html"}]},"excerpt":{"rendered":"<p>Nj\u00eb gazetar i gazet\u00ebs \u201cTimes\u201d, e ka ndaluar kryeministrin Edi Rama gjat\u00eb vizit\u00ebs s\u00eb tij n\u00eb Lond\u00ebr, p\u00ebr ta pyetur lidhur me gjyqin e Francesco Becchettit. N\u00eb audion e siguruar nga \u201cHashtag.al\u201d, nj\u00eb person q\u00eb e shoq\u00ebron kryeministrin Rama, i vjen n\u00eb ndihm\u00eb k\u00ebtij t\u00eb fundit duke i k\u00ebrkuar gazetarit t\u00eb largohet. Mir\u00ebpo Rama gjithsesi [&hellip;]<\/p>\n","protected":false,"gt_translate_keys":[{"key":"rendered","format":"html"}]},"author":30,"featured_media":305264,"comment_status":"open","ping_status":"open","sticky":false,"template":"","format":"standard","meta":{"footnotes":""},"categories":[22,65,13],"tags":[],"class_list":["post-305263","post","type-post","status-publish","format-standard","has-post-thumbnail","hentry","category-ballina","category-lajme","category-te-fundit"],"gt_translate_keys":[{"key":"link","format":"url"}],"_links":{"self":[{"href":"https:\/\/www.hashtag.al\/index.php\/wp-json\/wp\/v2\/posts\/305263","targetHints":{"allow":["GET"]}}],"collection":[{"href":"https:\/\/www.hashtag.al\/index.php\/wp-json\/wp\/v2\/posts"}],"about":[{"href":"https:\/\/www.hashtag.al\/index.php\/wp-json\/wp\/v2\/types\/post"}],"author":[{"embeddable":true,"href":"https:\/\/www.hashtag.al\/index.php\/wp-json\/wp\/v2\/users\/30"}],"replies":[{"embeddable":true,"href":"https:\/\/www.hashtag.al\/index.php\/wp-json\/wp\/v2\/comments?post=305263"}],"version-history":[{"count":0,"href":"https:\/\/www.hashtag.al\/index.php\/wp-json\/wp\/v2\/posts\/305263\/revisions"}],"wp:featuredmedia":[{"embeddable":true,"href":"https:\/\/www.hashtag.al\/index.php\/wp-json\/wp\/v2\/media\/305264"}],"wp:attachment":[{"href":"https:\/\/www.hashtag.al\/index.php\/wp-json\/wp\/v2\/media?parent=305263"}],"wp:term":[{"taxonomy":"category","embeddable":true,"href":"https:\/\/www.hashtag.al\/index.php\/wp-json\/wp\/v2\/categories?post=305263"},{"taxonomy":"post_tag","embeddable":true,"href":"https:\/\/www.hashtag.al\/index.php\/wp-json\/wp\/v2\/tags?post=305263"}],"curies":[{"name":"wp","href":"https:\/\/api.w.org\/{rel}","templated":true}]}}