{"id":305150,"date":"2019-06-20T11:30:36","date_gmt":"2019-06-20T09:30:36","guid":{"rendered":"https:\/\/hashtag.al\/?p=305150"},"modified":"2019-06-20T11:34:31","modified_gmt":"2019-06-20T09:34:31","slug":"ademi-i-ndalon-rames-takimin-ne-shkoder-i-paligjshem","status":"publish","type":"post","link":"https:\/\/www.hashtag.al\/index.php\/2019\/06\/20\/ademi-i-ndalon-rames-takimin-ne-shkoder-i-paligjshem\/","title":{"rendered":"Ademi i ndalon Ram\u00ebs takimin n\u00eb Shkod\u00ebr: I paligjsh\u00ebm, s&#8217;ka sheshe t\u00eb lira","gt_translate_keys":[{"key":"rendered","format":"text"}]},"content":{"rendered":"<p><span style=\"color: #000000;\"><img loading=\"lazy\" decoding=\"async\" class=\"aligncenter size-full wp-image-305153\" src=\"https:\/\/hashtag.al\/wp-content\/uploads\/2019\/06\/ademi20qershor-1.jpg\" alt=\"\" width=\"730\" height=\"480\" srcset=\"https:\/\/www.hashtag.al\/wp-content\/uploads\/2019\/06\/ademi20qershor-1.jpg 730w, https:\/\/www.hashtag.al\/wp-content\/uploads\/2019\/06\/ademi20qershor-1-300x197.jpg 300w\" sizes=\"auto, (max-width: 730px) 100vw, 730px\" \/><\/span><\/p>\n<p><span style=\"color: #000000;\">Kryetarja e Bashkis\u00eb s\u00eb Shkodr\u00ebs, Voltana Ademi, ia ka ndaluar kryeministrit Rama takimin elektoral n\u00eb k\u00ebt\u00eb qytet. <\/span><\/p>\n<p><span style=\"color: #000000;\">N\u00eb nj\u00eb let\u00ebr zyrtare d\u00ebrguar policis\u00eb s\u00eb Shkodr\u00ebs, Ademi, shkruan se \u00e7do takim n\u00eb sheshet publike t\u00eb k\u00ebtij qyteti \u00ebsht\u00eb i paligjsh\u00ebm.<\/span><\/p>\n<p><span style=\"color: #000000;\"><em>\u2018\u00c7do aktivitet politik elektoral q\u00eb mund t\u00eb zhvillohet n\u00eb shesht publike t\u00eb hapura n\u00eb qytetin e Shkodr\u00ebs, konsiderohet i paligjsh\u00ebm dhe p\u00ebr rrjedhoj\u00eb Bashkia Shkod\u00ebr nuk miraton leje p\u00ebr asnj\u00eb subjekt politik.\u2019<\/em> &#8211; shkruhet nd\u00ebr t\u00eb tjera n\u00eb njoftimin e Ademit drejtuar policis\u00eb.<\/span><\/p>\n<p><span style=\"color: #000000;\"><img loading=\"lazy\" decoding=\"async\" class=\"aligncenter size-full wp-image-305151\" src=\"https:\/\/hashtag.al\/wp-content\/uploads\/2019\/06\/Shkoder20qershor.png\" alt=\"\" width=\"585\" height=\"775\" srcset=\"https:\/\/www.hashtag.al\/wp-content\/uploads\/2019\/06\/Shkoder20qershor.png 585w, https:\/\/www.hashtag.al\/wp-content\/uploads\/2019\/06\/Shkoder20qershor-226x300.png 226w\" sizes=\"auto, (max-width: 585px) 100vw, 585px\" \/><\/span><\/p>\n<p><span style=\"color: #000000;\">Po k\u00ebshtu n\u00eb nj\u00eb shkres\u00eb drejtuar deg\u00ebs s\u00eb Partis\u00eb Socialist\u00eb n\u00eb Shkod\u00ebr, shkruan se n\u00eb t\u00eb gjitha sheshet e bashkis\u00eb jan\u00eb parashikuar veprimtari p\u00ebr promovimin e turizmit dhe nuk ka asnj\u00eb shesh t\u00eb lir\u00eb.<\/span><\/p>\n<p><img loading=\"lazy\" decoding=\"async\" class=\"aligncenter size-full wp-image-305157\" src=\"https:\/\/hashtag.al\/wp-content\/uploads\/2019\/06\/voltana20qershor.jpg\" alt=\"\" width=\"579\" height=\"794\" srcset=\"https:\/\/www.hashtag.al\/wp-content\/uploads\/2019\/06\/voltana20qershor.jpg 579w, https:\/\/www.hashtag.al\/wp-content\/uploads\/2019\/06\/voltana20qershor-219x300.jpg 219w\" sizes=\"auto, (max-width: 579px) 100vw, 579px\" \/><\/p>\n","protected":false,"gt_translate_keys":[{"key":"rendered","format":"html"}]},"excerpt":{"rendered":"<p>Kryetarja e Bashkis\u00eb s\u00eb Shkodr\u00ebs, Voltana Ademi, ia ka ndaluar kryeministrit Rama takimin elektoral n\u00eb k\u00ebt\u00eb qytet. N\u00eb nj\u00eb let\u00ebr zyrtare d\u00ebrguar policis\u00eb s\u00eb Shkodr\u00ebs, Ademi, shkruan se \u00e7do takim n\u00eb sheshet publike t\u00eb k\u00ebtij qyteti \u00ebsht\u00eb i paligjsh\u00ebm. \u2018\u00c7do aktivitet politik elektoral q\u00eb mund t\u00eb zhvillohet n\u00eb shesht publike t\u00eb hapura n\u00eb qytetin e [&hellip;]<\/p>\n","protected":false,"gt_translate_keys":[{"key":"rendered","format":"html"}]},"author":51,"featured_media":305153,"comment_status":"open","ping_status":"open","sticky":false,"template":"","format":"standard","meta":{"footnotes":""},"categories":[65,13],"tags":[],"class_list":["post-305150","post","type-post","status-publish","format-standard","has-post-thumbnail","hentry","category-lajme","category-te-fundit"],"gt_translate_keys":[{"key":"link","format":"url"}],"_links":{"self":[{"href":"https:\/\/www.hashtag.al\/index.php\/wp-json\/wp\/v2\/posts\/305150","targetHints":{"allow":["GET"]}}],"collection":[{"href":"https:\/\/www.hashtag.al\/index.php\/wp-json\/wp\/v2\/posts"}],"about":[{"href":"https:\/\/www.hashtag.al\/index.php\/wp-json\/wp\/v2\/types\/post"}],"author":[{"embeddable":true,"href":"https:\/\/www.hashtag.al\/index.php\/wp-json\/wp\/v2\/users\/51"}],"replies":[{"embeddable":true,"href":"https:\/\/www.hashtag.al\/index.php\/wp-json\/wp\/v2\/comments?post=305150"}],"version-history":[{"count":0,"href":"https:\/\/www.hashtag.al\/index.php\/wp-json\/wp\/v2\/posts\/305150\/revisions"}],"wp:featuredmedia":[{"embeddable":true,"href":"https:\/\/www.hashtag.al\/index.php\/wp-json\/wp\/v2\/media\/305153"}],"wp:attachment":[{"href":"https:\/\/www.hashtag.al\/index.php\/wp-json\/wp\/v2\/media?parent=305150"}],"wp:term":[{"taxonomy":"category","embeddable":true,"href":"https:\/\/www.hashtag.al\/index.php\/wp-json\/wp\/v2\/categories?post=305150"},{"taxonomy":"post_tag","embeddable":true,"href":"https:\/\/www.hashtag.al\/index.php\/wp-json\/wp\/v2\/tags?post=305150"}],"curies":[{"name":"wp","href":"https:\/\/api.w.org\/{rel}","templated":true}]}}