{"id":305100,"date":"2019-06-20T09:00:56","date_gmt":"2019-06-20T07:00:56","guid":{"rendered":"https:\/\/hashtag.al\/?p=305100"},"modified":"2019-06-20T09:03:27","modified_gmt":"2019-06-20T07:03:27","slug":"shoqata-e-bashkive-policia-e-rendit-kunder-asaj-bashkiake-thellim-i-grushtit-te-shtetit","status":"publish","type":"post","link":"https:\/\/www.hashtag.al\/index.php\/2019\/06\/20\/shoqata-e-bashkive-policia-e-rendit-kunder-asaj-bashkiake-thellim-i-grushtit-te-shtetit\/","title":{"rendered":"Shoqata e Bashkive: Policia e Rendit kund\u00ebr asaj Bashkiake, thellim i grushtit t\u00eb shtetit","gt_translate_keys":[{"key":"rendered","format":"text"}]},"content":{"rendered":"<p><img loading=\"lazy\" decoding=\"async\" class=\"aligncenter size-full wp-image-304900\" src=\"https:\/\/hashtag.al\/wp-content\/uploads\/2019\/06\/POGRADEC.jpg\" alt=\"\" width=\"1580\" height=\"881\" srcset=\"https:\/\/www.hashtag.al\/wp-content\/uploads\/2019\/06\/POGRADEC.jpg 1580w, https:\/\/www.hashtag.al\/wp-content\/uploads\/2019\/06\/POGRADEC-300x167.jpg 300w, https:\/\/www.hashtag.al\/wp-content\/uploads\/2019\/06\/POGRADEC-768x428.jpg 768w, https:\/\/www.hashtag.al\/wp-content\/uploads\/2019\/06\/POGRADEC-1024x571.jpg 1024w\" sizes=\"auto, (max-width: 1580px) 100vw, 1580px\" \/><\/p>\n<p><span style=\"color: #000000;\">Shoqata e Bashkive ka reaguar lidhur me p\u00ebrplasjet e djeshme n\u00eb KZAZ-t\u00eb n\u00eb t\u00eb gjith\u00eb vendin. P\u00ebrmes nj\u00eb njoftimi p\u00ebr mediat, kjo shoqat\u00eb d\u00ebnon dhun\u00ebn q\u00eb \u00ebsht\u00eb ushtruar ndaj policis\u00eb bashkiake nga forcat e rendit.<\/span><\/p>\n<p><span style=\"color: #000000;\">Shoqata i v\u00eb gishtin ministrit t\u00eb Brendsh\u00ebm Sand\u00ebr Lleshaj, duke e akuzuar se synon nj\u00eb konflikt institucional me qeverisjen vendore, pas njoftimit p\u00ebr shkrirjen e Policive Bashkiake.<\/span><\/p>\n<p><span style=\"color: #000000;\">N\u00eb fund Shoqata e Bashkive i b\u00ebn thirrje kryeministrit Edi Rama, t\u00eb ndal\u00eb agresionin qeveritar dhe policor mbi strukturat bashkiake, si dhe t\u00eb urdh\u00ebroj\u00eb ndalimin e dhun\u00ebs ndaj qytetar\u00ebve t\u00eb bashkive.<\/span><\/p>\n<p><strong><span style=\"color: #000000;\">REAGIMI<\/span><\/strong><\/p>\n<p><span style=\"color: #000000;\">Ky akt i paprecedent\u00eb \u00ebsht\u00eb thellim i grushtit t\u00eb shtetit nga Qeveria dhe nj\u00eb tentativ\u00eb e qart\u00eb antikushtetuese p\u00ebr t\u00eb uzurpuar kompetencat e Bashkive. Mbi k\u00ebt\u00eb akt do t\u00eb njoftohen nga ana jon\u00eb, n\u00eb m\u00ebnyr\u00eb t\u00eb menj\u00ebhershme, t\u00eb gjitha organizatat nd\u00ebrkomb\u00ebtare, q\u00eb sigurojn\u00eb autonomin\u00eb vendore, brenda dhe jasht\u00eb vendit.<\/span><\/p>\n<p><span style=\"color: #000000;\">N\u00eb shkelje t\u00eb ligjit, Ministri i Brendsh\u00ebm, Sand\u00ebr Lleshaj, me njoftimin p\u00ebr shkrirjen e Policive Bashkiake, synon nj\u00eb tjet\u00ebr konflikt institucional, k\u00ebsaj here me qeverisjen vendore.<\/span><\/p>\n<p><span style=\"color: #000000;\">Shoqata e Bashkive t\u00eb Shqip\u00ebris\u00eb gjen rastin t\u2019i kujtoj\u00eb Ministrit Lleshaj se n\u00eb demokraci, institucionet autonome dhe t\u00eb pavarura, nuk marrin urdhra nga Qeveria.<\/span><\/p>\n<p><span style=\"color: #000000;\">Vendimi i njoftuar prej tij, \u00ebsht\u00eb n\u00eb kund\u00ebrshtim me Kushtetut\u00ebn dhe ligjin dhe, p\u00ebr pasoj\u00eb, nuk do t\u00eb njihet dhe nuk do t\u00eb zbatohet nga Bashkit\u00eb. Nd\u00ebrhyrja brutale e Qeveris\u00eb ndaj autonomis\u00eb vendore \u00ebsht\u00eb e papranueshme dhe e paprecedent\u00eb. Nxitja e konfliktit midis Policis\u00eb Bashkiake dhe Policis\u00eb s\u00eb Shtetit \u00ebsht\u00eb, gjithashtu, nj\u00eb veprim kriminal i papranuesh\u00ebm.<\/span><\/p>\n<p><span style=\"color: #000000;\">Shoqata e Bashkive t\u00eb Shqip\u00ebris\u00eb do t\u00eb b\u00ebj\u00eb gjith\u00e7ka p\u00ebr t\u00eb garantuar q\u00eb qytetar\u00ebt t\u00eb mos bien pre e provokimeve t\u00eb Qeveris\u00eb, q\u00eb synojn\u00eb dhe nxisin konflikt social dhe c\u00ebnojn\u00eb destabilitetin demokratik t\u00eb vendit.<\/span><\/p>\n<p><span style=\"color: #000000;\">Polic\u00ebt bashkiak\u00eb jan\u00eb n\u00eb detyr\u00eb dhe t\u00eb vendosur t\u00eb ushtrojn\u00eb t\u00eb gjitha p\u00ebrgjegj\u00ebsit\u00eb e tyre sipas ligjit.<\/span><\/p>\n<p><span style=\"color: #000000;\">N\u00eb p\u00ebrfundim, Shoqata e Bashkive t\u00eb Shqip\u00ebris\u00eb i b\u00ebn thirrje Kryeministrit Edi Rama, t\u00eb ndal\u00eb menj\u00ebher\u00eb agresionin qeveritar dhe policor mbi strukturat bashkiake, si dhe t\u00eb urdh\u00ebroj\u00eb ndalimin e dhun\u00ebs ndaj qytetar\u00ebve t\u00eb bashkive tona, t\u00eb cil\u00ebt jan\u00eb t\u00eb vendosur t\u00eb mbrojn\u00eb Kushtetut\u00ebn dhe demokracin\u00eb.<\/span><\/p>\n<p><span style=\"color: #000000;\">Asnj\u00eb terror dhe dhun\u00eb policore nuk mund t\u00eb pengoj\u00eb Kryetar\u00ebt e Bashkive t\u00eb ushtrojn\u00eb p\u00ebrgjegj\u00ebsit\u00eb e tyre kushtetuese dhe ligjore.<\/span><\/p>\n","protected":false,"gt_translate_keys":[{"key":"rendered","format":"html"}]},"excerpt":{"rendered":"<p>Shoqata e Bashkive ka reaguar lidhur me p\u00ebrplasjet e djeshme n\u00eb KZAZ-t\u00eb n\u00eb t\u00eb gjith\u00eb vendin. P\u00ebrmes nj\u00eb njoftimi p\u00ebr mediat, kjo shoqat\u00eb d\u00ebnon dhun\u00ebn q\u00eb \u00ebsht\u00eb ushtruar ndaj policis\u00eb bashkiake nga forcat e rendit. Shoqata i v\u00eb gishtin ministrit t\u00eb Brendsh\u00ebm Sand\u00ebr Lleshaj, duke e akuzuar se synon nj\u00eb konflikt institucional me qeverisjen vendore, [&hellip;]<\/p>\n","protected":false,"gt_translate_keys":[{"key":"rendered","format":"html"}]},"author":30,"featured_media":304900,"comment_status":"open","ping_status":"open","sticky":false,"template":"","format":"standard","meta":{"footnotes":""},"categories":[65,13],"tags":[],"class_list":["post-305100","post","type-post","status-publish","format-standard","has-post-thumbnail","hentry","category-lajme","category-te-fundit"],"gt_translate_keys":[{"key":"link","format":"url"}],"_links":{"self":[{"href":"https:\/\/www.hashtag.al\/index.php\/wp-json\/wp\/v2\/posts\/305100","targetHints":{"allow":["GET"]}}],"collection":[{"href":"https:\/\/www.hashtag.al\/index.php\/wp-json\/wp\/v2\/posts"}],"about":[{"href":"https:\/\/www.hashtag.al\/index.php\/wp-json\/wp\/v2\/types\/post"}],"author":[{"embeddable":true,"href":"https:\/\/www.hashtag.al\/index.php\/wp-json\/wp\/v2\/users\/30"}],"replies":[{"embeddable":true,"href":"https:\/\/www.hashtag.al\/index.php\/wp-json\/wp\/v2\/comments?post=305100"}],"version-history":[{"count":0,"href":"https:\/\/www.hashtag.al\/index.php\/wp-json\/wp\/v2\/posts\/305100\/revisions"}],"wp:featuredmedia":[{"embeddable":true,"href":"https:\/\/www.hashtag.al\/index.php\/wp-json\/wp\/v2\/media\/304900"}],"wp:attachment":[{"href":"https:\/\/www.hashtag.al\/index.php\/wp-json\/wp\/v2\/media?parent=305100"}],"wp:term":[{"taxonomy":"category","embeddable":true,"href":"https:\/\/www.hashtag.al\/index.php\/wp-json\/wp\/v2\/categories?post=305100"},{"taxonomy":"post_tag","embeddable":true,"href":"https:\/\/www.hashtag.al\/index.php\/wp-json\/wp\/v2\/tags?post=305100"}],"curies":[{"name":"wp","href":"https:\/\/api.w.org\/{rel}","templated":true}]}}