{"id":304760,"date":"2019-06-18T20:36:35","date_gmt":"2019-06-18T18:36:35","guid":{"rendered":"https:\/\/hashtag.al\/?p=304760"},"modified":"2019-06-18T20:36:35","modified_gmt":"2019-06-18T18:36:35","slug":"cakaj-shtyrja-e-dates-per-hapjen-e-negociatave-lajm-jo-inkurajues","status":"publish","type":"post","link":"https:\/\/www.hashtag.al\/index.php\/2019\/06\/18\/cakaj-shtyrja-e-dates-per-hapjen-e-negociatave-lajm-jo-inkurajues\/","title":{"rendered":"Cakaj: Shtyrja e dat\u00ebs p\u00ebr hapjen e negociatave lajm jo-inkurajues","gt_translate_keys":[{"key":"rendered","format":"text"}]},"content":{"rendered":"<p><img loading=\"lazy\" decoding=\"async\" class=\"aligncenter size-full wp-image-301874\" src=\"https:\/\/hashtag.al\/wp-content\/uploads\/2019\/06\/cakaj.jpg\" alt=\"\" width=\"1024\" height=\"735\" srcset=\"https:\/\/www.hashtag.al\/wp-content\/uploads\/2019\/06\/cakaj.jpg 1024w, https:\/\/www.hashtag.al\/wp-content\/uploads\/2019\/06\/cakaj-300x215.jpg 300w, https:\/\/www.hashtag.al\/wp-content\/uploads\/2019\/06\/cakaj-768x551.jpg 768w\" sizes=\"auto, (max-width: 1024px) 100vw, 1024px\" \/><\/p>\n<p><span style=\"color: #000000;\">Ministri n\u00eb Detyr\u00eb p\u00ebr Evrop\u00ebn dhe Pun\u00ebt e Jashtme Gent Cakaj n\u00eb nj\u00eb konferenc\u00eb p\u00ebr shtyp ka deklaruar se shtyrja e dat\u00ebs p\u00ebr hapjen ose jo t\u00eb negociatave \u00ebsht\u00eb nj\u00eb lajm jo inkurajues.<\/span><\/p>\n<p><span style=\"color: #000000;\">Sipas tij kjo shtyrje \u00ebsht\u00eb motivuar nga mungesa e koh\u00ebs p\u00ebr procedurat e tyre t\u00eb brendshme.<\/span><\/p>\n<p><span style=\"color: #000000;\">\u201c<em>Sot K\u00ebshilli i \u00e7\u00ebshtjeve t\u00eb p\u00ebrgjithshme n\u00eb Luksemburg ka marr\u00eb vendim p\u00ebr shtyrjen e e vendimit dhe hapjen e negociatave p\u00ebr nj\u00eb moment tjet\u00ebr por jo m\u00eb larg se tetori. Kjo shtyrje \u00ebsht\u00eb motivuar vet\u00ebm nga mungesa e koh\u00ebs se mjaftueshme p\u00ebr procedurat e tyre t\u00eb brendshme<\/em>\u201d- tha ai.<\/span><\/p>\n<p><span style=\"color: #000000;\">Cakaj m\u00eb tej tha se shtyrja e vendim-marrjes nuk \u00ebsht\u00eb nj\u00eb lajm inkurajues p\u00ebr Shqip\u00ebrin\u00eb, pasi n\u00eb gjykimin e tij vendi e kishte merituar hapjen e negociatave q\u00eb vitin e kaluar.<\/span><\/p>\n<p><span style=\"color: #000000;\">\u201c<em>Shtyrja e vendim marrjes nuk \u00ebsht\u00eb nj\u00eb lajm inkurajues p\u00ebr Shqip\u00ebrin\u00eb. Shqip\u00ebria ka merituar hapjen e negociatave q\u00eb vitin e shkuar por sidoqoft\u00eb q\u00eb vitin e shkuar Shqip\u00ebria ka filluar procesin e screen-it. Q\u00eb nga viti i shkuar Shqip\u00ebria nuk ka humbur asnj\u00eb moment n\u00eb axhend\u00ebn e saj. Sot m\u00eb shum\u00eb se kurr\u00eb n\u00eb k\u00ebt\u00eb periudh\u00eb, p\u00ebrpjekjet tona duhet t\u00eb shtohen q\u00eb t\u00eb sigurojm\u00eb nj\u00eb vendim pozitiv n\u00eb tetor. Shtyrja e vendimmarrjes nuk \u00ebsht\u00eb as shkas p\u00ebr sjellje t\u00eb matura politike por as t\u00eb p\u00ebrkthehet n\u00eb r\u00ebnie t\u00eb energjive reformatore. Shqip\u00ebria duhet t\u00eb vazhdoj\u00eb n\u00eb k\u00ebt\u00eb rrug\u00eb me p\u00ebrpjekje<\/em>\u201d-tha Cakaj.<\/span><\/p>\n<p>&nbsp;<\/p>\n","protected":false,"gt_translate_keys":[{"key":"rendered","format":"html"}]},"excerpt":{"rendered":"<p>Ministri n\u00eb Detyr\u00eb p\u00ebr Evrop\u00ebn dhe Pun\u00ebt e Jashtme Gent Cakaj n\u00eb nj\u00eb konferenc\u00eb p\u00ebr shtyp ka deklaruar se shtyrja e dat\u00ebs p\u00ebr hapjen ose jo t\u00eb negociatave \u00ebsht\u00eb nj\u00eb lajm jo inkurajues. Sipas tij kjo shtyrje \u00ebsht\u00eb motivuar nga mungesa e koh\u00ebs p\u00ebr procedurat e tyre t\u00eb brendshme. \u201cSot K\u00ebshilli i \u00e7\u00ebshtjeve t\u00eb p\u00ebrgjithshme [&hellip;]<\/p>\n","protected":false,"gt_translate_keys":[{"key":"rendered","format":"html"}]},"author":32,"featured_media":301874,"comment_status":"open","ping_status":"open","sticky":false,"template":"","format":"standard","meta":{"footnotes":""},"categories":[65,13],"tags":[],"class_list":["post-304760","post","type-post","status-publish","format-standard","has-post-thumbnail","hentry","category-lajme","category-te-fundit"],"gt_translate_keys":[{"key":"link","format":"url"}],"_links":{"self":[{"href":"https:\/\/www.hashtag.al\/index.php\/wp-json\/wp\/v2\/posts\/304760","targetHints":{"allow":["GET"]}}],"collection":[{"href":"https:\/\/www.hashtag.al\/index.php\/wp-json\/wp\/v2\/posts"}],"about":[{"href":"https:\/\/www.hashtag.al\/index.php\/wp-json\/wp\/v2\/types\/post"}],"author":[{"embeddable":true,"href":"https:\/\/www.hashtag.al\/index.php\/wp-json\/wp\/v2\/users\/32"}],"replies":[{"embeddable":true,"href":"https:\/\/www.hashtag.al\/index.php\/wp-json\/wp\/v2\/comments?post=304760"}],"version-history":[{"count":0,"href":"https:\/\/www.hashtag.al\/index.php\/wp-json\/wp\/v2\/posts\/304760\/revisions"}],"wp:featuredmedia":[{"embeddable":true,"href":"https:\/\/www.hashtag.al\/index.php\/wp-json\/wp\/v2\/media\/301874"}],"wp:attachment":[{"href":"https:\/\/www.hashtag.al\/index.php\/wp-json\/wp\/v2\/media?parent=304760"}],"wp:term":[{"taxonomy":"category","embeddable":true,"href":"https:\/\/www.hashtag.al\/index.php\/wp-json\/wp\/v2\/categories?post=304760"},{"taxonomy":"post_tag","embeddable":true,"href":"https:\/\/www.hashtag.al\/index.php\/wp-json\/wp\/v2\/tags?post=304760"}],"curies":[{"name":"wp","href":"https:\/\/api.w.org\/{rel}","templated":true}]}}