{"id":304587,"date":"2019-06-17T23:41:30","date_gmt":"2019-06-17T21:41:30","guid":{"rendered":"https:\/\/hashtag.al\/?p=304587"},"modified":"2019-06-17T23:41:30","modified_gmt":"2019-06-17T21:41:30","slug":"vendet-e-fuqishme-te-be-se-ndertojne-avionin-evropian-kerkojne-uljen-e-varesise-nga-shba","status":"publish","type":"post","link":"https:\/\/www.hashtag.al\/index.php\/2019\/06\/17\/vendet-e-fuqishme-te-be-se-ndertojne-avionin-evropian-kerkojne-uljen-e-varesise-nga-shba\/","title":{"rendered":"Vendet e fuqishme t\u00eb BE-s\u00eb nd\u00ebrtojn\u00eb avionin evropian, k\u00ebrkojn\u00eb uljen e var\u00ebsis\u00eb nga SHBA","gt_translate_keys":[{"key":"rendered","format":"text"}]},"content":{"rendered":"<p><img loading=\"lazy\" decoding=\"async\" class=\"aligncenter size-full wp-image-304588\" src=\"https:\/\/hashtag.al\/wp-content\/uploads\/2019\/06\/gj-2-600x360.jpg\" alt=\"\" width=\"600\" height=\"360\" srcset=\"https:\/\/www.hashtag.al\/wp-content\/uploads\/2019\/06\/gj-2-600x360.jpg 600w, https:\/\/www.hashtag.al\/wp-content\/uploads\/2019\/06\/gj-2-600x360-300x180.jpg 300w\" sizes=\"auto, (max-width: 600px) 100vw, 600px\" \/><\/p>\n<p>Ministrat e Mbrojtjes s\u00eb Gjermanis\u00eb, Franc\u00ebs dhe Spanj\u00ebs kan\u00eb firmosur nj\u00eb marr\u00ebveshje q\u00eb t\u00eb zhvillojn\u00eb nj\u00eb avion luftarak evropian.<\/p>\n<p>Kjo \u00ebsht\u00eb nj\u00eb p\u00ebrpjekje e Europ\u00ebs p\u00ebr t\u00eb ulur var\u00ebsin\u00eb nga fuqia ushtarake e SHBA-ve, n\u00eb nj\u00eb koh\u00eb kur Donald Trump ka shtuar ndjesin\u00eb se kontinenti i vjet\u00ebr do t\u00eb ket\u00eb m\u00eb pak mb\u00ebshtetje ushtarake nga SHBA-t\u00eb.<\/p>\n<p>Por projekti\u00a0 bashk\u00ebpunimit, q\u00eb sot ishte i drejtuar nga Makron, do t\u00eb zgjas\u00eb p\u00ebr shum\u00eb vite. Avioni i par\u00eb FCAS mendohet t\u00eb jet\u00eb gati vet\u00ebm rreth vitit 2040.<\/p>\n<p>&nbsp;<\/p>\n","protected":false,"gt_translate_keys":[{"key":"rendered","format":"html"}]},"excerpt":{"rendered":"<p>Ministrat e Mbrojtjes s\u00eb Gjermanis\u00eb, Franc\u00ebs dhe Spanj\u00ebs kan\u00eb firmosur nj\u00eb marr\u00ebveshje q\u00eb t\u00eb zhvillojn\u00eb nj\u00eb avion luftarak evropian. Kjo \u00ebsht\u00eb nj\u00eb p\u00ebrpjekje e Europ\u00ebs p\u00ebr t\u00eb ulur var\u00ebsin\u00eb nga fuqia ushtarake e SHBA-ve, n\u00eb nj\u00eb koh\u00eb kur Donald Trump ka shtuar ndjesin\u00eb se kontinenti i vjet\u00ebr do t\u00eb ket\u00eb m\u00eb pak mb\u00ebshtetje ushtarake nga [&hellip;]<\/p>\n","protected":false,"gt_translate_keys":[{"key":"rendered","format":"html"}]},"author":32,"featured_media":304588,"comment_status":"open","ping_status":"open","sticky":false,"template":"","format":"standard","meta":{"footnotes":""},"categories":[6],"tags":[],"class_list":["post-304587","post","type-post","status-publish","format-standard","has-post-thumbnail","hentry","category-nderkombetare"],"gt_translate_keys":[{"key":"link","format":"url"}],"_links":{"self":[{"href":"https:\/\/www.hashtag.al\/index.php\/wp-json\/wp\/v2\/posts\/304587","targetHints":{"allow":["GET"]}}],"collection":[{"href":"https:\/\/www.hashtag.al\/index.php\/wp-json\/wp\/v2\/posts"}],"about":[{"href":"https:\/\/www.hashtag.al\/index.php\/wp-json\/wp\/v2\/types\/post"}],"author":[{"embeddable":true,"href":"https:\/\/www.hashtag.al\/index.php\/wp-json\/wp\/v2\/users\/32"}],"replies":[{"embeddable":true,"href":"https:\/\/www.hashtag.al\/index.php\/wp-json\/wp\/v2\/comments?post=304587"}],"version-history":[{"count":0,"href":"https:\/\/www.hashtag.al\/index.php\/wp-json\/wp\/v2\/posts\/304587\/revisions"}],"wp:featuredmedia":[{"embeddable":true,"href":"https:\/\/www.hashtag.al\/index.php\/wp-json\/wp\/v2\/media\/304588"}],"wp:attachment":[{"href":"https:\/\/www.hashtag.al\/index.php\/wp-json\/wp\/v2\/media?parent=304587"}],"wp:term":[{"taxonomy":"category","embeddable":true,"href":"https:\/\/www.hashtag.al\/index.php\/wp-json\/wp\/v2\/categories?post=304587"},{"taxonomy":"post_tag","embeddable":true,"href":"https:\/\/www.hashtag.al\/index.php\/wp-json\/wp\/v2\/tags?post=304587"}],"curies":[{"name":"wp","href":"https:\/\/api.w.org\/{rel}","templated":true}]}}