{"id":304450,"date":"2019-06-17T13:10:49","date_gmt":"2019-06-17T11:10:49","guid":{"rendered":"https:\/\/hashtag.al\/?p=304450"},"modified":"2019-06-17T13:13:47","modified_gmt":"2019-06-17T11:13:47","slug":"kqz-i-kthen-pergjigje-metes-per-numrin-e-deputeteve","status":"publish","type":"post","link":"https:\/\/www.hashtag.al\/index.php\/2019\/06\/17\/kqz-i-kthen-pergjigje-metes-per-numrin-e-deputeteve\/","title":{"rendered":"KQZ i kthen p\u00ebrgjigje Met\u00ebs p\u00ebr numrin e deputet\u00ebve","gt_translate_keys":[{"key":"rendered","format":"text"}]},"content":{"rendered":"<p><span style=\"color: #000000;\"><img loading=\"lazy\" decoding=\"async\" class=\"aligncenter size-full wp-image-302142\" src=\"https:\/\/hashtag.al\/wp-content\/uploads\/2019\/06\/ilirmeta6qershor-e1559838667684.png\" alt=\"\" width=\"659\" height=\"436\" srcset=\"https:\/\/www.hashtag.al\/wp-content\/uploads\/2019\/06\/ilirmeta6qershor-e1559838667684.png 659w, https:\/\/www.hashtag.al\/wp-content\/uploads\/2019\/06\/ilirmeta6qershor-e1559838667684-300x198.png 300w\" sizes=\"auto, (max-width: 659px) 100vw, 659px\" \/><\/span><\/p>\n<p><span style=\"color: #000000;\">Komisioni Qendror i Zgjedhjeve i ka kthyer p\u00ebrgjigje k\u00ebrkes\u00ebs s\u00eb presidentit Ilir Meta, p\u00ebr numrin e deputet\u00ebve n\u00eb Kuvend.<\/span><\/p>\n<p><span style=\"color: #000000;\"><em>&#8220;Numri i deputet\u00ebve n\u00eb Kuvendin e Shqip\u00ebris\u00eb \u00ebsht\u00eb 122&#8221;<\/em>, thuhet n\u00eb p\u00ebrgjigjen e k\u00ebrkes\u00ebs s\u00eb Met\u00ebs firmosur nga kryetari i KQZ dhe 4 an\u00ebtar\u00ebt.<\/span><\/p>\n<p><span style=\"color: #000000;\">Kujtojm\u00eb se m\u00eb 14 qershor, Meta iu drejtua Komisionit Q\u00ebndror t\u00eb Zgjedhjeve p\u00ebrmes nj\u00eb shkrese zyrtare, duke i k\u00ebrkuar t\u2019i vihet n\u00eb dispozicion lista shum\u00eb em\u00ebrore e deputet\u00ebve t\u00eb Kuvendit, pas dor\u00ebzimit t\u00eb mandateve t\u00eb deputet\u00ebve t\u00eb opozit\u00ebs dhe z\u00ebvend\u00ebsimit t\u00eb tyre, duke dh\u00ebn\u00eb k\u00ebshtu sinjalin e par\u00eb p\u00ebr shp\u00ebrb\u00ebrje t\u00eb Parlamentit.<\/span><\/p>\n<p><span style=\"color: #000000;\">Pas marrjes s\u00eb k\u00ebsaj p\u00ebrgjigje, presim veprimet e radh\u00ebs t\u00eb presidentit. Aktualisht, Parlamentit i mungojn\u00eb 18 deputet\u00eb pas shterimit t\u00eb listave t\u00eb opozit\u00ebs p\u00ebr plot\u00ebsimin e vendeve vakante.\/<strong>Hashtag.al<\/strong><\/span><\/p>\n<p><span style=\"color: #000000;\"><img loading=\"lazy\" decoding=\"async\" class=\"aligncenter size-full wp-image-304452\" src=\"https:\/\/hashtag.al\/wp-content\/uploads\/2019\/06\/foto5.jpg\" alt=\"\" width=\"1280\" height=\"960\" srcset=\"https:\/\/www.hashtag.al\/wp-content\/uploads\/2019\/06\/foto5.jpg 1280w, https:\/\/www.hashtag.al\/wp-content\/uploads\/2019\/06\/foto5-300x225.jpg 300w, https:\/\/www.hashtag.al\/wp-content\/uploads\/2019\/06\/foto5-768x576.jpg 768w, https:\/\/www.hashtag.al\/wp-content\/uploads\/2019\/06\/foto5-1024x768.jpg 1024w\" sizes=\"auto, (max-width: 1280px) 100vw, 1280px\" \/> <img loading=\"lazy\" decoding=\"async\" class=\"aligncenter size-full wp-image-304453\" src=\"https:\/\/hashtag.al\/wp-content\/uploads\/2019\/06\/dokuement5.jpg\" alt=\"\" width=\"1280\" height=\"960\" srcset=\"https:\/\/www.hashtag.al\/wp-content\/uploads\/2019\/06\/dokuement5.jpg 1280w, https:\/\/www.hashtag.al\/wp-content\/uploads\/2019\/06\/dokuement5-300x225.jpg 300w, https:\/\/www.hashtag.al\/wp-content\/uploads\/2019\/06\/dokuement5-768x576.jpg 768w, https:\/\/www.hashtag.al\/wp-content\/uploads\/2019\/06\/dokuement5-1024x768.jpg 1024w\" sizes=\"auto, (max-width: 1280px) 100vw, 1280px\" \/><\/span><\/p>\n<p>&nbsp;<\/p>\n<p>&nbsp;<\/p>\n<p>&nbsp;<\/p>\n<p>&nbsp;<\/p>\n<p>&nbsp;<\/p>\n","protected":false,"gt_translate_keys":[{"key":"rendered","format":"html"}]},"excerpt":{"rendered":"<p>Komisioni Qendror i Zgjedhjeve i ka kthyer p\u00ebrgjigje k\u00ebrkes\u00ebs s\u00eb presidentit Ilir Meta, p\u00ebr numrin e deputet\u00ebve n\u00eb Kuvend. &#8220;Numri i deputet\u00ebve n\u00eb Kuvendin e Shqip\u00ebris\u00eb \u00ebsht\u00eb 122&#8221;, thuhet n\u00eb p\u00ebrgjigjen e k\u00ebrkes\u00ebs s\u00eb Met\u00ebs firmosur nga kryetari i KQZ dhe 4 an\u00ebtar\u00ebt. Kujtojm\u00eb se m\u00eb 14 qershor, Meta iu drejtua Komisionit Q\u00ebndror t\u00eb Zgjedhjeve [&hellip;]<\/p>\n","protected":false,"gt_translate_keys":[{"key":"rendered","format":"html"}]},"author":30,"featured_media":302655,"comment_status":"open","ping_status":"open","sticky":false,"template":"","format":"standard","meta":{"footnotes":""},"categories":[65,13],"tags":[],"class_list":["post-304450","post","type-post","status-publish","format-standard","has-post-thumbnail","hentry","category-lajme","category-te-fundit"],"gt_translate_keys":[{"key":"link","format":"url"}],"_links":{"self":[{"href":"https:\/\/www.hashtag.al\/index.php\/wp-json\/wp\/v2\/posts\/304450","targetHints":{"allow":["GET"]}}],"collection":[{"href":"https:\/\/www.hashtag.al\/index.php\/wp-json\/wp\/v2\/posts"}],"about":[{"href":"https:\/\/www.hashtag.al\/index.php\/wp-json\/wp\/v2\/types\/post"}],"author":[{"embeddable":true,"href":"https:\/\/www.hashtag.al\/index.php\/wp-json\/wp\/v2\/users\/30"}],"replies":[{"embeddable":true,"href":"https:\/\/www.hashtag.al\/index.php\/wp-json\/wp\/v2\/comments?post=304450"}],"version-history":[{"count":0,"href":"https:\/\/www.hashtag.al\/index.php\/wp-json\/wp\/v2\/posts\/304450\/revisions"}],"wp:featuredmedia":[{"embeddable":true,"href":"https:\/\/www.hashtag.al\/index.php\/wp-json\/wp\/v2\/media\/302655"}],"wp:attachment":[{"href":"https:\/\/www.hashtag.al\/index.php\/wp-json\/wp\/v2\/media?parent=304450"}],"wp:term":[{"taxonomy":"category","embeddable":true,"href":"https:\/\/www.hashtag.al\/index.php\/wp-json\/wp\/v2\/categories?post=304450"},{"taxonomy":"post_tag","embeddable":true,"href":"https:\/\/www.hashtag.al\/index.php\/wp-json\/wp\/v2\/tags?post=304450"}],"curies":[{"name":"wp","href":"https:\/\/api.w.org\/{rel}","templated":true}]}}