{"id":304257,"date":"2019-06-16T14:56:15","date_gmt":"2019-06-16T12:56:15","guid":{"rendered":"https:\/\/hashtag.al\/?p=304257"},"modified":"2019-06-16T15:05:25","modified_gmt":"2019-06-16T13:05:25","slug":"rama-flet-me-vete-pavaresisht-kercenimeve-ndaj-administrates-populli-e-ka-braktisur-video","status":"publish","type":"post","link":"https:\/\/www.hashtag.al\/index.php\/2019\/06\/16\/rama-flet-me-vete-pavaresisht-kercenimeve-ndaj-administrates-populli-e-ka-braktisur-video\/","title":{"rendered":"&#8220;Rama flet me vete, pavar\u00ebsisht k\u00ebrc\u00ebnimeve ndaj administrat\u00ebs populli e ka braktisur&#8221; &#8211; (Video)","gt_translate_keys":[{"key":"rendered","format":"text"}]},"content":{"rendered":"<div style=\"width: 640px;\" class=\"wp-video\"><video class=\"wp-video-shortcode\" id=\"video-304257-1\" width=\"640\" height=\"352\" preload=\"metadata\" controls=\"controls\"><source type=\"video\/mp4\" src=\"https:\/\/hashtag.al\/wp-content\/uploads\/2019\/06\/Ramamaliq16qershor.mp4?_=1\" \/><a href=\"https:\/\/hashtag.al\/wp-content\/uploads\/2019\/06\/Ramamaliq16qershor.mp4\">https:\/\/hashtag.al\/wp-content\/uploads\/2019\/06\/Ramamaliq16qershor.mp4<\/a><\/video><\/div>\n<p><span style=\"color: #000000;\">Ish-deputeti i PD-s\u00eb, Salianji, ka publikuar nj\u00eb video duke th\u00ebn\u00eb se Maliqi, ashtu si Kor\u00e7a e Devolli e braktis\u00ebn Edi Ram\u00ebn n\u00eb takimin e tij elektoral.<\/span><\/p>\n<p><span style=\"color: #000000;\"><em>\u201cRama flet me vete! Pavar\u00ebsisht k\u00ebrcenimeve ndaj administrat\u00ebs populli e ka braktisur, karriget bosh me momentin q\u00eb flet Rama n\u00eb Maliq! Braktisja e Edi Ram\u00ebs n\u00eb Maliq, nj\u00ebsoj si n\u00eb Kor\u00e7\u00eb dhe Devoll. Urdhrat partiake dhe kercenimet me largime nga puna, nuk po b\u00ebjn\u00eb pun\u00eb dhe karriget mbeten bosh.\u201d<\/em> &#8211; shkruan ai n\u00eb faqen e tij.<\/span><\/p>\n<p><img loading=\"lazy\" decoding=\"async\" class=\"aligncenter size-full wp-image-304259\" src=\"https:\/\/hashtag.al\/wp-content\/uploads\/2019\/06\/Ramamaliq16qershor.jpg\" alt=\"\" width=\"960\" height=\"540\" srcset=\"https:\/\/www.hashtag.al\/wp-content\/uploads\/2019\/06\/Ramamaliq16qershor.jpg 960w, https:\/\/www.hashtag.al\/wp-content\/uploads\/2019\/06\/Ramamaliq16qershor-300x169.jpg 300w, https:\/\/www.hashtag.al\/wp-content\/uploads\/2019\/06\/Ramamaliq16qershor-768x432.jpg 768w\" sizes=\"auto, (max-width: 960px) 100vw, 960px\" \/><\/p>\n","protected":false,"gt_translate_keys":[{"key":"rendered","format":"html"}]},"excerpt":{"rendered":"<p>Ish-deputeti i PD-s\u00eb, Salianji, ka publikuar nj\u00eb video duke th\u00ebn\u00eb se Maliqi, ashtu si Kor\u00e7a e Devolli e braktis\u00ebn Edi Ram\u00ebn n\u00eb takimin e tij elektoral. \u201cRama flet me vete! Pavar\u00ebsisht k\u00ebrcenimeve ndaj administrat\u00ebs populli e ka braktisur, karriget bosh me momentin q\u00eb flet Rama n\u00eb Maliq! Braktisja e Edi Ram\u00ebs n\u00eb Maliq, nj\u00ebsoj si [&hellip;]<\/p>\n","protected":false,"gt_translate_keys":[{"key":"rendered","format":"html"}]},"author":51,"featured_media":304259,"comment_status":"open","ping_status":"open","sticky":false,"template":"","format":"standard","meta":{"footnotes":""},"categories":[65,13],"tags":[],"class_list":["post-304257","post","type-post","status-publish","format-standard","has-post-thumbnail","hentry","category-lajme","category-te-fundit"],"gt_translate_keys":[{"key":"link","format":"url"}],"_links":{"self":[{"href":"https:\/\/www.hashtag.al\/index.php\/wp-json\/wp\/v2\/posts\/304257","targetHints":{"allow":["GET"]}}],"collection":[{"href":"https:\/\/www.hashtag.al\/index.php\/wp-json\/wp\/v2\/posts"}],"about":[{"href":"https:\/\/www.hashtag.al\/index.php\/wp-json\/wp\/v2\/types\/post"}],"author":[{"embeddable":true,"href":"https:\/\/www.hashtag.al\/index.php\/wp-json\/wp\/v2\/users\/51"}],"replies":[{"embeddable":true,"href":"https:\/\/www.hashtag.al\/index.php\/wp-json\/wp\/v2\/comments?post=304257"}],"version-history":[{"count":0,"href":"https:\/\/www.hashtag.al\/index.php\/wp-json\/wp\/v2\/posts\/304257\/revisions"}],"wp:featuredmedia":[{"embeddable":true,"href":"https:\/\/www.hashtag.al\/index.php\/wp-json\/wp\/v2\/media\/304259"}],"wp:attachment":[{"href":"https:\/\/www.hashtag.al\/index.php\/wp-json\/wp\/v2\/media?parent=304257"}],"wp:term":[{"taxonomy":"category","embeddable":true,"href":"https:\/\/www.hashtag.al\/index.php\/wp-json\/wp\/v2\/categories?post=304257"},{"taxonomy":"post_tag","embeddable":true,"href":"https:\/\/www.hashtag.al\/index.php\/wp-json\/wp\/v2\/tags?post=304257"}],"curies":[{"name":"wp","href":"https:\/\/api.w.org\/{rel}","templated":true}]}}