{"id":304218,"date":"2019-06-16T10:37:37","date_gmt":"2019-06-16T08:37:37","guid":{"rendered":"https:\/\/hashtag.al\/?p=304218"},"modified":"2019-06-16T10:39:18","modified_gmt":"2019-06-16T08:39:18","slug":"shuhet-familja-ne-tirane-aksident-pas-ditelindjes","status":"publish","type":"post","link":"https:\/\/www.hashtag.al\/index.php\/2019\/06\/16\/shuhet-familja-ne-tirane-aksident-pas-ditelindjes\/","title":{"rendered":"Shuhet familja n\u00eb Tiran\u00eb, aksident pas dit\u00eblindjes","gt_translate_keys":[{"key":"rendered","format":"text"}]},"content":{"rendered":"<div id=\"attachment_301029\" style=\"width: 1290px\" class=\"wp-caption aligncenter\"><img loading=\"lazy\" decoding=\"async\" aria-describedby=\"caption-attachment-301029\" class=\"wp-image-301029 size-full\" src=\"https:\/\/hashtag.al\/wp-content\/uploads\/2019\/06\/aksidenti.jpg\" alt=\"\" width=\"1280\" height=\"960\" srcset=\"https:\/\/www.hashtag.al\/wp-content\/uploads\/2019\/06\/aksidenti.jpg 1280w, https:\/\/www.hashtag.al\/wp-content\/uploads\/2019\/06\/aksidenti-300x225.jpg 300w, https:\/\/www.hashtag.al\/wp-content\/uploads\/2019\/06\/aksidenti-768x576.jpg 768w, https:\/\/www.hashtag.al\/wp-content\/uploads\/2019\/06\/aksidenti-1024x768.jpg 1024w\" sizes=\"auto, (max-width: 1280px) 100vw, 1280px\" \/><p id=\"caption-attachment-301029\" class=\"wp-caption-text\">Foto ilustruese<\/p><\/div>\n<p><span style=\"color: #000000;\">Nj\u00eb aksident i r\u00ebnd\u00eb u ka marr\u00eb jet\u00ebn kat\u00ebr an\u00ebtar\u00ebve t\u00eb nj\u00eb familjeje n\u00eb Tiran\u00eb. <\/span><span style=\"color: #000000;\">Familja Biba ka p\u00ebsuar fatin tragjik, pas fest\u00ebs s\u00eb nj\u00eb dit\u00eblindjeje n\u00eb Elbasan.<\/span><\/p>\n<p><span style=\"color: #000000;\">Teksa ktheheshin me automjetin q\u00eb drejtohej nga i af\u00ebrmi i tyre, jan\u00eb p\u00ebrplasur me nj\u00eb bordur\u00eb.<\/span><\/p>\n<p><span style=\"color: #000000;\">Dy vajzat, n\u00ebna dhe babai kan\u00eb nd\u00ebrruar jet\u00eb menj\u00ebher\u00eb, nd\u00ebrsa drejtuesi i mjetit, kush\u00ebriri i tyre ndodhet n\u00eb gjendje t\u00eb r\u00ebnd\u00eb n\u00eb spital.<\/span><\/p>\n<p><span style=\"color: #000000;\">&#8220;N\u00eb aksin rrugor Elbasan-Tiran\u00eb, n\u00eb af\u00ebrsi t\u00eb TEG-ut, mjeti me drejtues shtetasin A. A ka humbur kontrollin dhe ka dal\u00eb nga rruga duke u p\u00ebrplasur me bordur\u00ebn e rrug\u00ebs.<\/span><\/p>\n<p><span style=\"color: #000000;\">Si pasoj\u00eb e p\u00ebrplasjes kan\u00eb nd\u00ebrruar jet\u00eb pasagjer\u00ebt V. B, B. B, F., B, Xh. B , nd\u00ebrsa drejtuesi i mjetit A. A ndodhet n\u00eb SQU n\u00ebn kujdesin mjek\u00ebsor&#8221;, njoftoi k\u00ebt\u00eb m\u00ebngjes policia.<\/span><\/p>\n","protected":false,"gt_translate_keys":[{"key":"rendered","format":"html"}]},"excerpt":{"rendered":"<p>Nj\u00eb aksident i r\u00ebnd\u00eb u ka marr\u00eb jet\u00ebn kat\u00ebr an\u00ebtar\u00ebve t\u00eb nj\u00eb familjeje n\u00eb Tiran\u00eb. Familja Biba ka p\u00ebsuar fatin tragjik, pas fest\u00ebs s\u00eb nj\u00eb dit\u00eblindjeje n\u00eb Elbasan. Teksa ktheheshin me automjetin q\u00eb drejtohej nga i af\u00ebrmi i tyre, jan\u00eb p\u00ebrplasur me nj\u00eb bordur\u00eb. Dy vajzat, n\u00ebna dhe babai kan\u00eb nd\u00ebrruar jet\u00eb menj\u00ebher\u00eb, nd\u00ebrsa drejtuesi [&hellip;]<\/p>\n","protected":false,"gt_translate_keys":[{"key":"rendered","format":"html"}]},"author":6,"featured_media":301029,"comment_status":"open","ping_status":"open","sticky":false,"template":"","format":"standard","meta":{"footnotes":""},"categories":[65,13],"tags":[],"class_list":["post-304218","post","type-post","status-publish","format-standard","has-post-thumbnail","hentry","category-lajme","category-te-fundit"],"gt_translate_keys":[{"key":"link","format":"url"}],"_links":{"self":[{"href":"https:\/\/www.hashtag.al\/index.php\/wp-json\/wp\/v2\/posts\/304218","targetHints":{"allow":["GET"]}}],"collection":[{"href":"https:\/\/www.hashtag.al\/index.php\/wp-json\/wp\/v2\/posts"}],"about":[{"href":"https:\/\/www.hashtag.al\/index.php\/wp-json\/wp\/v2\/types\/post"}],"author":[{"embeddable":true,"href":"https:\/\/www.hashtag.al\/index.php\/wp-json\/wp\/v2\/users\/6"}],"replies":[{"embeddable":true,"href":"https:\/\/www.hashtag.al\/index.php\/wp-json\/wp\/v2\/comments?post=304218"}],"version-history":[{"count":0,"href":"https:\/\/www.hashtag.al\/index.php\/wp-json\/wp\/v2\/posts\/304218\/revisions"}],"wp:featuredmedia":[{"embeddable":true,"href":"https:\/\/www.hashtag.al\/index.php\/wp-json\/wp\/v2\/media\/301029"}],"wp:attachment":[{"href":"https:\/\/www.hashtag.al\/index.php\/wp-json\/wp\/v2\/media?parent=304218"}],"wp:term":[{"taxonomy":"category","embeddable":true,"href":"https:\/\/www.hashtag.al\/index.php\/wp-json\/wp\/v2\/categories?post=304218"},{"taxonomy":"post_tag","embeddable":true,"href":"https:\/\/www.hashtag.al\/index.php\/wp-json\/wp\/v2\/tags?post=304218"}],"curies":[{"name":"wp","href":"https:\/\/api.w.org\/{rel}","templated":true}]}}