{"id":303949,"date":"2019-06-14T17:39:41","date_gmt":"2019-06-14T15:39:41","guid":{"rendered":"https:\/\/hashtag.al\/?p=303949"},"modified":"2019-06-14T18:10:03","modified_gmt":"2019-06-14T16:10:03","slug":"bileta-fituese-e-prokurores-millonai-per-vettingun-arrestimet-e-capjave-ne-elbasan","status":"publish","type":"post","link":"https:\/\/www.hashtag.al\/index.php\/2019\/06\/14\/bileta-fituese-e-prokurores-millonai-per-vettingun-arrestimet-e-capjave-ne-elbasan\/","title":{"rendered":"&#8220;Bileta fituese&#8221; e prokurores Millonai p\u00ebr vettingun, arrestimet e \u00c7apjave n\u00eb Elbasan","gt_translate_keys":[{"key":"rendered","format":"text"}]},"content":{"rendered":"<p><img loading=\"lazy\" decoding=\"async\" class=\"aligncenter size-full wp-image-303950\" src=\"https:\/\/hashtag.al\/wp-content\/uploads\/2019\/06\/enkeledamillonai.jpg\" alt=\"\" width=\"850\" height=\"514\" srcset=\"https:\/\/www.hashtag.al\/wp-content\/uploads\/2019\/06\/enkeledamillonai.jpg 850w, https:\/\/www.hashtag.al\/wp-content\/uploads\/2019\/06\/enkeledamillonai-300x181.jpg 300w, https:\/\/www.hashtag.al\/wp-content\/uploads\/2019\/06\/enkeledamillonai-768x464.jpg 768w\" sizes=\"auto, (max-width: 850px) 100vw, 850px\" \/><\/p>\n<p><span style=\"color: #000000;\">Drejtuesja e Prokuroris\u00eb s\u00eb Elbasanit, Enkeleda Millonai, e kishte parashikuar si bilet\u00ebn e saj fituese p\u00ebrball\u00eb Vetingut nj\u00eb operacion kund\u00ebr familjes \u00c7apja, t\u00eb njohur si rival\u00eb t\u00eb fort\u00eb t\u00eb nj\u00eb bande kriminale, e cila ka lidhje me kryebashkiakun socialist t\u00eb qytetit, Qazim Sejdini.<\/span><\/p>\n<p><span style=\"color: #000000;\">Dy dit\u00eb m\u00eb par\u00eb, shefja e prokuroris\u00eb s\u00eb Elbasanit, e cila konkurron p\u00ebr nj\u00eb vend n\u00eb Prokurorin\u00eb Speciale SPAK, ka n\u00ebnshkruar urdh\u00ebr arrestet p\u00ebr disa persona n\u00eb Elbasan dhe nj\u00eb an\u00ebtare t\u00eb Autoritetit t\u00eb Medias Audiovizive (AMA), n\u00eb nj\u00eb hetim p\u00ebr \u201ckorrupsion\u201d, t\u00eb derivuar nga nj\u00eb hetim tjet\u00ebr, p\u00ebr nj\u00eb ngjarje kriminale, ende t\u00eb pazbardhur.<\/span><\/p>\n<p><span style=\"color: #000000;\">Urdh\u00ebr-arrestet i jan\u00eb dh\u00ebn\u00eb p\u00ebr zbatim Policis\u00eb m\u00ebngjesin e s\u00eb Premtes, vet\u00ebm pak or\u00eb para se Millonai t\u00eb p\u00ebrballej me vendimin e Komisionit t\u00eb Pavarur t\u00eb Kualifikimit, i cili e konfirmoi n\u00eb detyr\u00eb.<\/span><\/p>\n<p><span style=\"color: #000000;\">N\u00ebp\u00ebrmjet urdh\u00ebrave t\u00eb arrestit, Prokuroria e Elbasanit legjitimoi edhe nd\u00ebrhyrjen e policis\u00eb n\u00eb pronat e familjes \u00c7apja ku, sipas informacioneve \u201cburimore\u201d nga Policia, jan\u00eb gjetur disa arm\u00eb t\u00eb ftohta dhe l\u00ebnd\u00eb narkotike.<\/span><\/p>\n<p><img loading=\"lazy\" decoding=\"async\" class=\"aligncenter size-full wp-image-303909\" src=\"https:\/\/hashtag.al\/wp-content\/uploads\/2019\/06\/Konferenca-Elbasan-3-770x433.jpeg\" alt=\"\" width=\"770\" height=\"433\" srcset=\"https:\/\/www.hashtag.al\/wp-content\/uploads\/2019\/06\/Konferenca-Elbasan-3-770x433.jpeg 770w, https:\/\/www.hashtag.al\/wp-content\/uploads\/2019\/06\/Konferenca-Elbasan-3-770x433-300x169.jpeg 300w, https:\/\/www.hashtag.al\/wp-content\/uploads\/2019\/06\/Konferenca-Elbasan-3-770x433-768x432.jpeg 768w\" sizes=\"auto, (max-width: 770px) 100vw, 770px\" \/><\/p>\n<p><span style=\"color: #000000;\"><strong>Hetimi<\/strong><\/span><\/p>\n<p><span style=\"color: #000000;\">N\u00eb vitin 2013, shtetasi Bledar Karaj i shp\u00ebton nj\u00eb atentati. Burime nga Policia e Elbasanit deklaruan p\u00ebr \u201cBoldnews.al\u201d se personi i dyshuar p\u00ebr k\u00ebt\u00eb atentat ka qen\u00eb Suel \u00c7ela, nj\u00eb personazh i njohur i bot\u00ebs s\u00eb n\u00ebndheshme n\u00eb qytet dhe lidhje e fort\u00eb me Qazim Sejdinin.<\/span><\/p>\n<p><span style=\"color: #000000;\">I d\u00ebmtuari Karaj nuk ka pranuar t\u00eb identifikoj\u00eb si autor t\u00eb dyshuar Suel \u00c7el\u00ebn. Hetimi p\u00ebr at\u00eb rast u pezullua p\u00ebr munges\u00eb autori.<\/span><\/p>\n<p><span style=\"color: #000000;\">N\u00eb vitin 2018, n\u00eb lokalin e shtetasit F.C vendoset nj\u00eb sasi tritoli, e cila shkakton vet\u00ebm d\u00ebme materiale.<\/span><\/p>\n<p><span style=\"color: #000000;\">Pas k\u00ebsaj ngjarjeje, policia dhe prokuroria e Elbasanit kan\u00eb rnisur hetimet, si edhe kan\u00eb rihapur disa hetime t\u00eb vjetra, duke vendosur n\u00eb p\u00ebrgjim disa persona, p\u00ebrfshir\u00eb edhe \u201csh\u00ebnjestr\u00ebn\u201d e vitit 2013, Bledar Karaj.<\/span><\/p>\n<p><span style=\"color: #000000;\">Nd\u00ebrkoh\u00eb q\u00eb kan\u00eb kaluar shum\u00eb muaj dhe nuk ka asnj\u00eb zhvillime t\u00eb r\u00ebnd\u00ebsishme nga hetimet p\u00ebr atentatet, Prokuroria dhe Policia e Elbasanit duket se jan\u00eb fokusuar m\u00eb s\u00eb shumti n\u00eb disa \u00e7\u00ebshtje t\u00eb tjera, t\u00eb cilat lidheshin me t\u00eb d\u00ebmtuarin Karaj dhe familjen \u00c7apja.<\/span><\/p>\n<p><span style=\"color: #000000;\">Sipas burimeve policore, n\u00eb p\u00ebrgjimet e zhvilluara p\u00ebr atentatin e d\u00ebshtuar, specialist\u00ebt e p\u00ebrgjimeve kan\u00eb kapur edhe disa komunikime nd\u00ebrmjet Bledar Karajit, i cili interesohej p\u00ebr lejimin e transmetimit t\u00eb nj\u00eb televizioni kabllor t\u00eb palicensuar.<\/span><\/p>\n<p><span style=\"color: #000000;\"><strong>Hetimi te AMA<\/strong><\/span><\/p>\n<p><span style=\"color: #000000;\">Nga p\u00ebrgjimet e zhvilluara n\u00eb kuad\u00ebr t\u00eb hetimit t\u00eb prokuroris\u00eb s\u00eb Elbasanit, gjithnj\u00eb sipas burimeve policore, ka rezultuar se Bledar Karaj, n\u00ebp\u00ebrmjet nj\u00eb shtetasi tjet\u00ebr, Artan Drazhi, ka nd\u00ebrhyr\u00eb tek an\u00ebtarja e Autoritetit t\u00eb Mediave Audiovizive (AMA), Suela Musta, p\u00ebr t\u00eb mund\u00ebsuar q\u00eb nj\u00eb televizion kabllor n\u00eb Elbasan t\u00eb vijonte aktivitetin pa licens\u00eb.<\/span><\/p>\n<p><span style=\"color: #000000;\">N\u00eb baz\u00eb t\u00eb k\u00ebtyre p\u00ebrgjimeve, prokuroria e Elbasanit ka regjistruar procedimin penal p\u00ebr \u201ckorrupsion pasiv\u201d ndaj zyrtares s\u00eb AMA-s dhe t\u00eb tjer\u00eb personave q\u00eb kan\u00eb rezultuar nga hetimi.<\/span><\/p>\n<p><span style=\"color: #000000;\">Deri m\u00eb tani \u00ebsht\u00eb ende e paqart\u00eb lidhja e televizionit kabllor me familjen \u00c7apja. N\u00eb media t\u00eb ndryshme \u00ebsht\u00eb raportuar se televizioni kabllor, p\u00ebr t\u00eb cilin \u00ebsht\u00eb nd\u00ebrhyr\u00eb tek zyrtarja e AMA-s \u00ebsht\u00eb n\u00ebn administrimin e fisit \u00c7apja.<\/span><\/p>\n<p><span style=\"color: #000000;\">\u201cBoldnews.al\u201d, deri n\u00eb momentin e k\u00ebtij shkrimi, nuk e ka konfirmuar zyrtarisht lidhjen e \u00c7apjave me televizionin kabllor. Gjith\u00ebsesi, p\u00ebr prokurorin\u00eb dhe policin\u00eb e Elbasanit, kjo lidhje duhet t\u00eb ekzistoj\u00eb. Kjo, p\u00ebr faktin se n\u00eb vijim t\u00eb hetimit p\u00ebr \u201ckorrupsion\u201d, policia ka kryer bastistje edhe n\u00eb biznesin e asaj familjeje n\u00eb Elbasan.<\/span><\/p>\n<p><span style=\"color: #000000;\">N\u00eb vijim t\u00eb k\u00ebtyre hetimeve, sipas informacioneve nga Policia, m\u00ebsohet se i arrestuar me vendim gjykate \u00ebsht\u00eb F. \u00c7apja. Po ashtu, sipas t\u00eb nj\u00ebjtave burime \u00ebsht\u00eb arrestuar an\u00ebtarja e AMA-s, gazetarja Suela Musta dhe shtetasit e identifikuar me iniciale B.K. A.D. A.N. dhe I.H.<\/span><\/p>\n<p><span style=\"color: #000000;\"><strong><span style=\"color: #ff0000;\">VINI RE:<\/span> <\/strong>Shkrimi \u00ebsht\u00eb pron\u00ebsi intelektuale e <a href=\"https:\/\/boldnews.al\/2019\/06\/14\/hetimi-i-plote-nga-atentati-kunder-mikut-te-capjave-tek-korrupsioni-ne-ama\/\"><strong><span style=\"color: #0000ff;\">&#8220;Boldnews&#8221;<\/span><\/strong><\/a>. Titulli redaksional, origjinali: &#8220;Hetimi i plot\u00eb\/ Nga atentati kund\u00ebr mikut t\u00eb \u00c7apjave tek \u201ckorrupsioni\u201d n\u00eb AMA&#8221;<\/span><\/p>\n","protected":false,"gt_translate_keys":[{"key":"rendered","format":"html"}]},"excerpt":{"rendered":"<p>Drejtuesja e Prokuroris\u00eb s\u00eb Elbasanit, Enkeleda Millonai, e kishte parashikuar si bilet\u00ebn e saj fituese p\u00ebrball\u00eb Vetingut nj\u00eb operacion kund\u00ebr familjes \u00c7apja, t\u00eb njohur si rival\u00eb t\u00eb fort\u00eb t\u00eb nj\u00eb bande kriminale, e cila ka lidhje me kryebashkiakun socialist t\u00eb qytetit, Qazim Sejdini. Dy dit\u00eb m\u00eb par\u00eb, shefja e prokuroris\u00eb s\u00eb Elbasanit, e cila konkurron [&hellip;]<\/p>\n","protected":false,"gt_translate_keys":[{"key":"rendered","format":"html"}]},"author":6,"featured_media":303950,"comment_status":"open","ping_status":"open","sticky":false,"template":"","format":"standard","meta":{"footnotes":""},"categories":[22,65,13],"tags":[],"class_list":["post-303949","post","type-post","status-publish","format-standard","has-post-thumbnail","hentry","category-ballina","category-lajme","category-te-fundit"],"gt_translate_keys":[{"key":"link","format":"url"}],"_links":{"self":[{"href":"https:\/\/www.hashtag.al\/index.php\/wp-json\/wp\/v2\/posts\/303949","targetHints":{"allow":["GET"]}}],"collection":[{"href":"https:\/\/www.hashtag.al\/index.php\/wp-json\/wp\/v2\/posts"}],"about":[{"href":"https:\/\/www.hashtag.al\/index.php\/wp-json\/wp\/v2\/types\/post"}],"author":[{"embeddable":true,"href":"https:\/\/www.hashtag.al\/index.php\/wp-json\/wp\/v2\/users\/6"}],"replies":[{"embeddable":true,"href":"https:\/\/www.hashtag.al\/index.php\/wp-json\/wp\/v2\/comments?post=303949"}],"version-history":[{"count":0,"href":"https:\/\/www.hashtag.al\/index.php\/wp-json\/wp\/v2\/posts\/303949\/revisions"}],"wp:featuredmedia":[{"embeddable":true,"href":"https:\/\/www.hashtag.al\/index.php\/wp-json\/wp\/v2\/media\/303950"}],"wp:attachment":[{"href":"https:\/\/www.hashtag.al\/index.php\/wp-json\/wp\/v2\/media?parent=303949"}],"wp:term":[{"taxonomy":"category","embeddable":true,"href":"https:\/\/www.hashtag.al\/index.php\/wp-json\/wp\/v2\/categories?post=303949"},{"taxonomy":"post_tag","embeddable":true,"href":"https:\/\/www.hashtag.al\/index.php\/wp-json\/wp\/v2\/tags?post=303949"}],"curies":[{"name":"wp","href":"https:\/\/api.w.org\/{rel}","templated":true}]}}