{"id":303937,"date":"2019-06-14T17:32:19","date_gmt":"2019-06-14T15:32:19","guid":{"rendered":"https:\/\/hashtag.al\/?p=303937"},"modified":"2019-06-14T22:45:23","modified_gmt":"2019-06-14T20:45:23","slug":"kush-eshte-shqiptari-i-pare-ne-komisionin-e-qeverisjes-boterore","status":"publish","type":"post","link":"https:\/\/www.hashtag.al\/index.php\/2019\/06\/14\/kush-eshte-shqiptari-i-pare-ne-komisionin-e-qeverisjes-boterore\/","title":{"rendered":"Kush \u00ebsht\u00eb shqiptari i par\u00eb n\u00eb &#8216;Komisionin e Qeverisjes Bot\u00ebrore&#8217;","gt_translate_keys":[{"key":"rendered","format":"text"}]},"content":{"rendered":"<p><span style=\"color: #000000;\"><a href=\"https:\/\/hashtag.al\/wp-content\/uploads\/2019\/06\/15025259_10154731743898179_4512483028631280395_o.jpg\"><img loading=\"lazy\" decoding=\"async\" class=\"aligncenter wp-image-303944 size-full\" src=\"https:\/\/hashtag.al\/wp-content\/uploads\/2019\/06\/15025259_10154731743898179_4512483028631280395_o.jpg\" alt=\"\" width=\"1080\" height=\"718\" srcset=\"https:\/\/www.hashtag.al\/wp-content\/uploads\/2019\/06\/15025259_10154731743898179_4512483028631280395_o.jpg 1080w, https:\/\/www.hashtag.al\/wp-content\/uploads\/2019\/06\/15025259_10154731743898179_4512483028631280395_o-300x199.jpg 300w, https:\/\/www.hashtag.al\/wp-content\/uploads\/2019\/06\/15025259_10154731743898179_4512483028631280395_o-768x511.jpg 768w, https:\/\/www.hashtag.al\/wp-content\/uploads\/2019\/06\/15025259_10154731743898179_4512483028631280395_o-1024x681.jpg 1024w\" sizes=\"auto, (max-width: 1080px) 100vw, 1080px\" \/><\/a><\/span><\/p>\n<p><span style=\"color: #000000;\">N\u00eb Paris po zhvillohet mbledhja vjetore e <em><span style=\"color: #0000ff;\"><a style=\"color: #0000ff;\" href=\"http:\/\/trilateral.org\/meeting.viewall\">Komisionit Trilateral<\/a><\/span><\/em>. N\u00eb ndryshim nga p\u00ebrvoja e m\u00ebparshme, sivjet \u00ebsht\u00eb ftuar zyrtarisht n\u00eb punime dhe nj\u00eb shtetas shqiptar, Dorian Du\u00e7ka.<\/span><\/p>\n<p><span style=\"color: #000000;\">Du\u00e7ka m\u00eb her\u00ebt ka mbajtur portofolin e zv.ministrit t\u00eb Energjis\u00eb, por zakonisht i ka shmangur daljet publike, ai dallon p\u00ebr lidhje ky\u00e7e sidomos n\u00eb elit\u00ebn e diplomacis\u00eb dhe biznesit nd\u00ebrkomb\u00ebtar. Du\u00e7ka \u00ebsht\u00eb kujdesur t\u00eb ruaj\u00eb nj\u00eb profil t\u00eb ul\u00ebt, n\u00eb prapasken\u00eb.<\/span><\/p>\n<p><span style=\"color: #000000;\">Shtete si Serbia, Bullgaria apo Kroacia, kan\u00eb pasur p\u00ebrfaq\u00ebsues ose t\u00eb ftuar n\u00eb Komisionin Trilateral (disa prej t\u00eb cil\u00ebve, ish-kryeministra), nd\u00ebrsa Shqip\u00ebria nuk ka pasur m\u00eb par\u00eb t\u00eb ftuar apo an\u00ebtar\u00eb n\u00eb Komision.\u00a0<\/span><\/p>\n<p><span style=\"color: #000000;\"><a href=\"https:\/\/en.wikipedia.org\/wiki\/Trilateral_Commission\"><span style=\"color: #0000ff;\"><em>Komisioni Trilateral<\/em> <\/span><\/a>\u00ebsht\u00eb entitet ku p\u00ebrfshihen personalitete t\u00eb elit\u00ebs bankare, elit\u00ebs diplomatike, sh\u00ebrbimeve t\u00eb inteligjenc\u00ebs dhe t\u00eb elit\u00ebs ushtarake t\u00eb vendeve per\u00ebndimore.<\/span><\/p>\n<p><span style=\"color: #000000;\">Komisioni Trilateral u themelua nga <span style=\"color: #0000ff;\"><em><a style=\"color: #0000ff;\" href=\"https:\/\/en.wikipedia.org\/wiki\/David_Rockefeller\">David Rockefeller<\/a><\/em><\/span> n\u00eb korrik t\u00eb vitit 1973. Harta e veprimit t\u00eb k\u00ebtij Komisioni p\u00ebrfshin Amerik\u00ebn e Veriut, Europ\u00ebn Per\u00ebndimore dhe Japonin\u00eb.<\/span><\/p>\n<p><span style=\"color: #000000;\"><a href=\"https:\/\/en.wikipedia.org\/wiki\/Zbigniew_Brzezinski\"><span style=\"color: #0000ff;\"><em>Zbigniew Brzezinski<\/em><\/span><\/a>, i cili ka qen\u00eb nj\u00eb k\u00ebshilltar i Rockefeller-it (<em>dhe m\u00eb pas k\u00ebshilltar i siguris\u00eb komb\u00ebtare t\u00eb ish-Presidentit t\u00eb SHBA-ve Jimmy Carter<\/em>) \u00ebsht\u00eb personaliteti q\u00eb thuri i pari struktur\u00ebn e Komisionit Trilateral.<\/span><\/p>\n<p><span style=\"color: #000000;\">Disa studiues dhe gazetar\u00eb t\u00eb njohur amerikan\u00eb si Naom Chomsky etj, i kan\u00eb kushtuar me dhjet\u00ebra artikuj kritik\u00eb Komisionit Trilateral, duke v\u00ebn\u00eb theksin n\u00eb ndikimnin okult q\u00eb kjo organizat\u00eb ushtron n\u00eb vendimmarrjen e qeverive per\u00ebndimore, sidomos n\u00eb SHBA dhe Evrop\u00eb.<\/span><\/p>\n<p><span style=\"color: #000000;\">Sot njihen tre entitete t\u00eb elit\u00ebs n\u00eb per\u00ebndim p\u00ebr ndikimin e jasht\u00ebzakonsh\u00ebm q\u00eb luajn\u00eb:<\/span><\/p>\n<p><span style=\"color: #000000;\">-Komisioni Trilateral<\/span><br \/>\n<span style=\"color: #000000;\">-Grupi Bieldeberg<\/span><br \/>\n<span style=\"color: #000000;\">-K\u00ebshilli p\u00ebr Marr\u00ebdh\u00ebniet me Jasht\u00eb.<\/span><\/p>\n<p><span style=\"color: #000000;\">Nj\u00eb artikull i dat\u00ebs 6 Qershor 2019 n\u00eb &#8220;Business Today&#8221; (<span style=\"color: #0000ff;\"><a style=\"color: #0000ff;\" href=\"https:\/\/www.businesstoday.in\/opinion\/columns\/bilderberg-conference-2019-secretive-meeting-of-worlds-most-powerful-people-western-elite-us-mike-pompeo-satya-nadella-microsoft-donald-trump\/story\/354219.html\"><em><strong>lexoje k\u00ebtu<\/strong><\/em><\/a><\/span>) i quajti k\u00ebto tre entitete si nj\u00eb &#8220;<em>triad\u00eb me ndikim alarmant.&#8221; <strong>\/ Hashtag.al<\/strong><\/em><\/span><\/p>\n","protected":false,"gt_translate_keys":[{"key":"rendered","format":"html"}]},"excerpt":{"rendered":"<p>N\u00eb Paris po zhvillohet mbledhja vjetore e Komisionit Trilateral. N\u00eb ndryshim nga p\u00ebrvoja e m\u00ebparshme, sivjet \u00ebsht\u00eb ftuar zyrtarisht n\u00eb punime dhe nj\u00eb shtetas shqiptar, Dorian Du\u00e7ka. Du\u00e7ka m\u00eb her\u00ebt ka mbajtur portofolin e zv.ministrit t\u00eb Energjis\u00eb, por zakonisht i ka shmangur daljet publike, ai dallon p\u00ebr lidhje ky\u00e7e sidomos n\u00eb elit\u00ebn e diplomacis\u00eb dhe [&hellip;]<\/p>\n","protected":false,"gt_translate_keys":[{"key":"rendered","format":"html"}]},"author":30,"featured_media":303944,"comment_status":"open","ping_status":"open","sticky":false,"template":"","format":"standard","meta":{"footnotes":""},"categories":[22,11],"tags":[],"class_list":["post-303937","post","type-post","status-publish","format-standard","has-post-thumbnail","hentry","category-ballina","category-super-click"],"gt_translate_keys":[{"key":"link","format":"url"}],"_links":{"self":[{"href":"https:\/\/www.hashtag.al\/index.php\/wp-json\/wp\/v2\/posts\/303937","targetHints":{"allow":["GET"]}}],"collection":[{"href":"https:\/\/www.hashtag.al\/index.php\/wp-json\/wp\/v2\/posts"}],"about":[{"href":"https:\/\/www.hashtag.al\/index.php\/wp-json\/wp\/v2\/types\/post"}],"author":[{"embeddable":true,"href":"https:\/\/www.hashtag.al\/index.php\/wp-json\/wp\/v2\/users\/30"}],"replies":[{"embeddable":true,"href":"https:\/\/www.hashtag.al\/index.php\/wp-json\/wp\/v2\/comments?post=303937"}],"version-history":[{"count":0,"href":"https:\/\/www.hashtag.al\/index.php\/wp-json\/wp\/v2\/posts\/303937\/revisions"}],"wp:featuredmedia":[{"embeddable":true,"href":"https:\/\/www.hashtag.al\/index.php\/wp-json\/wp\/v2\/media\/303944"}],"wp:attachment":[{"href":"https:\/\/www.hashtag.al\/index.php\/wp-json\/wp\/v2\/media?parent=303937"}],"wp:term":[{"taxonomy":"category","embeddable":true,"href":"https:\/\/www.hashtag.al\/index.php\/wp-json\/wp\/v2\/categories?post=303937"},{"taxonomy":"post_tag","embeddable":true,"href":"https:\/\/www.hashtag.al\/index.php\/wp-json\/wp\/v2\/tags?post=303937"}],"curies":[{"name":"wp","href":"https:\/\/api.w.org\/{rel}","templated":true}]}}