{"id":303930,"date":"2019-06-14T17:03:02","date_gmt":"2019-06-14T15:03:02","guid":{"rendered":"https:\/\/hashtag.al\/?p=303930"},"modified":"2019-06-14T17:15:21","modified_gmt":"2019-06-14T15:15:21","slug":"hakmarrja-e-paster-politike-ndaj-suela-mustes","status":"publish","type":"post","link":"https:\/\/www.hashtag.al\/index.php\/2019\/06\/14\/hakmarrja-e-paster-politike-ndaj-suela-mustes\/","title":{"rendered":"Hakmarrja e past\u00ebr politike ndaj Suela Must\u00ebs","gt_translate_keys":[{"key":"rendered","format":"text"}]},"content":{"rendered":"<p><strong><span style=\"color: #000000;\"><img loading=\"lazy\" decoding=\"async\" class=\"alignright wp-image-154337 size-full\" src=\"https:\/\/hashtag.al\/wp-content\/uploads\/2018\/01\/armand_maho4.jpg\" alt=\"\" width=\"192\" height=\"154\" \/>Nga Armand Maho<\/span><\/strong><\/p>\n<p><span style=\"color: #000000;\">Suela Musta \u00ebsht\u00eb vajza e Agim Must\u00ebs q\u00eb ka kaluar nj\u00eb jet\u00eb burgjeve e internimeve! E njoh prej gati 20 vjet\u00ebve, q\u00eb kur punonte tek &#8220;Top Albania Radio&#8221;.<\/span><\/p>\n<p><span style=\"color: #000000;\">Jeton me prind\u00ebrit n\u00eb nj\u00eb pallat t\u00eb koh\u00ebs s\u00eb diktatur\u00ebs dhe ende ka shum\u00eb prej mobiljeve t\u00eb asaj kohe. N\u00ebna e saj e s\u00ebmur\u00eb nga skleroza ndar\u00eb nga jeta pak koh\u00eb m\u00eb par\u00eb, t\u00eb vetmen p\u00ebrkujdesje kishte Suel\u00ebn! Agimi \u00ebsht\u00eb n\u00eb mosh\u00eb t\u00eb shtyr\u00eb dhe s&#8217;ka m\u00eb energjin\u00eb e para disa viteve. Kur e takova her\u00ebn e fundit m\u00eb tha q\u00eb dilte shum\u00eb rrall\u00eb nga sht\u00ebpia ( koleg\u00ebt po m\u00eb thon\u00eb q\u00eb dhe ai paska z\u00ebn\u00eb shtratin)! Pra, ka nj\u00eb mij\u00eb e nj\u00eb halle.<\/span><\/p>\n<p><span style=\"color: #000000;\">Tani po lexoj se i paska m\u00ebsyr\u00eb RENEA n\u00eb sht\u00ebpi p\u00ebr ta arrestuar se medemek paska nd\u00ebrhyr\u00eb p\u00ebr t\u00eb marr\u00eb nj\u00eb licenc\u00eb p\u00ebr TV Kabllor nga fisi \u00c7apja n\u00eb Elbasan. N\u00eb fakt un\u00eb s&#8217;e di, por Suela ka qen\u00eb vet\u00ebm nj\u00eb an\u00ebtare e thjesht\u00eb e AMA-s, besoj se nuk \u00ebsht\u00eb ajo q\u00eb vendos p\u00ebr licensat.<\/span><\/p>\n<p><span style=\"color: #000000;\">Por megjithat\u00eb, un\u00eb mendoj se arrestimi i njer\u00ebzve si Suela Musta, do t\u00eb thot\u00eb se ky pushtet ka kaluar \u00e7do limit. Arrestimi i saj nuk \u00ebsht\u00eb ai q\u00eb thuhet por \u00ebsht\u00eb nj\u00eb hakmarrje e past\u00ebr politike!<\/span><\/p>\n<p><span style=\"color: #000000;\">Suela ka qen\u00eb pjes\u00eb e Zyr\u00ebs s\u00eb Shtypit t\u00eb PD-s\u00eb, ka punuar n\u00eb Zyr\u00ebn e Shtypit t\u00eb Kuvendit, por \u00ebsht\u00eb po ajo Suel\u00eb q\u00eb kam njohur k\u00ebtu e 20 vjet m\u00eb par\u00eb.<\/span><\/p>\n<p><span style=\"color: #000000;\">Ky njeri q\u00eb ka v\u00ebn\u00eb \u00e7do media, e \u00e7do redaksi lajmesh n\u00ebn k\u00ebmb\u00ebt e bandave, tashm\u00eb ka marr\u00eb vet\u00eb n\u00eb dor\u00eb k\u00ebrc\u00ebnimin e gazetar\u00ebve q\u00eb nuk jan\u00eb pjes\u00eb e borderos\u00eb s\u00eb tij.<\/span><\/p>\n<p><span style=\"color: #000000;\">Ky arrestim pa shkak, vjen pas shkarkimit t\u00eb gazetar\u00ebve nga puna p\u00ebr rastin e Ardit Gjoklajt, vet\u00ebm se nga buka e goj\u00ebs ka kaluar te hekurat e burgut.<\/span><\/p>\n<p><span style=\"color: #000000;\">\u00cbsht\u00eb nj\u00eb shembull q\u00eb i thot\u00eb \u00e7do gazetari q\u00eb ka nj\u00eb z\u00eb n\u00eb k\u00ebt\u00eb vend, se nes\u00ebr mund ta ket\u00eb radh\u00ebn ai!<\/span><\/p>\n<p><span style=\"color: #000000;\">Pra, mos u habisni kur ato pranga t\u00eb jen\u00eb nes\u00ebr n\u00eb duart e \u00e7do kujt prej nesh. Shpejt, madje shum\u00eb shpejt, po arriti t\u00eb b\u00ebj\u00eb zgjedhje m\u00eb 30 qershor, sepse ne gazetar\u00ebt kemi mbetur i vetmi k\u00ebrc\u00ebnim i madh p\u00ebr pushtetin e tij!<\/span><\/p>\n<p><span style=\"color: #000000;\">Un\u00eb p\u00ebr vete nuk habitem m\u00eb, sepse t\u00eb gjith\u00eb jemi fajtor\u00eb, po po t\u00eb gjith\u00eb, q\u00eb me veprimet a mosveprimet tona lejuam k\u00ebt\u00eb monst\u00ebr t\u00eb merrte pushtetin!<\/span><\/p>\n","protected":false,"gt_translate_keys":[{"key":"rendered","format":"html"}]},"excerpt":{"rendered":"<p>Nga Armand Maho Suela Musta \u00ebsht\u00eb vajza e Agim Must\u00ebs q\u00eb ka kaluar nj\u00eb jet\u00eb burgjeve e internimeve! E njoh prej gati 20 vjet\u00ebve, q\u00eb kur punonte tek &#8220;Top Albania Radio&#8221;. Jeton me prind\u00ebrit n\u00eb nj\u00eb pallat t\u00eb koh\u00ebs s\u00eb diktatur\u00ebs dhe ende ka shum\u00eb prej mobiljeve t\u00eb asaj kohe. N\u00ebna e saj e s\u00ebmur\u00eb [&hellip;]<\/p>\n","protected":false,"gt_translate_keys":[{"key":"rendered","format":"html"}]},"author":6,"featured_media":303938,"comment_status":"open","ping_status":"open","sticky":false,"template":"","format":"standard","meta":{"footnotes":""},"categories":[20,65,13],"tags":[],"class_list":["post-303930","post","type-post","status-publish","format-standard","has-post-thumbnail","hentry","category-blog","category-lajme","category-te-fundit"],"gt_translate_keys":[{"key":"link","format":"url"}],"_links":{"self":[{"href":"https:\/\/www.hashtag.al\/index.php\/wp-json\/wp\/v2\/posts\/303930","targetHints":{"allow":["GET"]}}],"collection":[{"href":"https:\/\/www.hashtag.al\/index.php\/wp-json\/wp\/v2\/posts"}],"about":[{"href":"https:\/\/www.hashtag.al\/index.php\/wp-json\/wp\/v2\/types\/post"}],"author":[{"embeddable":true,"href":"https:\/\/www.hashtag.al\/index.php\/wp-json\/wp\/v2\/users\/6"}],"replies":[{"embeddable":true,"href":"https:\/\/www.hashtag.al\/index.php\/wp-json\/wp\/v2\/comments?post=303930"}],"version-history":[{"count":0,"href":"https:\/\/www.hashtag.al\/index.php\/wp-json\/wp\/v2\/posts\/303930\/revisions"}],"wp:featuredmedia":[{"embeddable":true,"href":"https:\/\/www.hashtag.al\/index.php\/wp-json\/wp\/v2\/media\/303938"}],"wp:attachment":[{"href":"https:\/\/www.hashtag.al\/index.php\/wp-json\/wp\/v2\/media?parent=303930"}],"wp:term":[{"taxonomy":"category","embeddable":true,"href":"https:\/\/www.hashtag.al\/index.php\/wp-json\/wp\/v2\/categories?post=303930"},{"taxonomy":"post_tag","embeddable":true,"href":"https:\/\/www.hashtag.al\/index.php\/wp-json\/wp\/v2\/tags?post=303930"}],"curies":[{"name":"wp","href":"https:\/\/api.w.org\/{rel}","templated":true}]}}