{"id":303904,"date":"2019-06-14T15:49:23","date_gmt":"2019-06-14T13:49:23","guid":{"rendered":"https:\/\/hashtag.al\/?p=303904"},"modified":"2019-06-14T16:02:37","modified_gmt":"2019-06-14T14:02:37","slug":"policia-jep-detaje-per-operacionin-ne-elbasan-arrestohet-florenc-capja-dhe-disa-zyrtare-per-korrupsion","status":"publish","type":"post","link":"https:\/\/www.hashtag.al\/index.php\/2019\/06\/14\/policia-jep-detaje-per-operacionin-ne-elbasan-arrestohet-florenc-capja-dhe-disa-zyrtare-per-korrupsion\/","title":{"rendered":"Policia jep detaje p\u00ebr operacionin n\u00eb Elbasan, arrestohet Florenc \u00c7apja dhe disa zyrtar\u00eb p\u00ebr korrupsion","gt_translate_keys":[{"key":"rendered","format":"text"}]},"content":{"rendered":"<p><span style=\"color: #000000;\"><img loading=\"lazy\" decoding=\"async\" class=\"aligncenter size-full wp-image-303905\" src=\"https:\/\/hashtag.al\/wp-content\/uploads\/2019\/06\/policia.png\" alt=\"\" width=\"657\" height=\"348\" srcset=\"https:\/\/www.hashtag.al\/wp-content\/uploads\/2019\/06\/policia.png 657w, https:\/\/www.hashtag.al\/wp-content\/uploads\/2019\/06\/policia-300x160.png 300w\" sizes=\"auto, (max-width: 657px) 100vw, 657px\" \/><\/span><\/p>\n<p><span style=\"color: #000000;\">Policia e Shtetit ka dal\u00eb nj\u00eb \u00a0deklarat\u00eb p\u00ebr mediat p\u00ebr aksionin n\u00eb Elbasan ku u arrestuan disa shtetas t\u00eb lidhur me fisin \u00c7apja.<\/span><\/p>\n<p><span style=\"color: #000000;\">Sipas policis\u00eb hetimi \u00ebsht\u00eb kryer p\u00ebr nj\u00eb periudh\u00eb 1 vje\u00e7are.<\/span><\/p>\n<p><span style=\"color: #000000;\">Nga operacioni &#8220;Krasta&#8221; u ndalua <\/span><span style=\"color: #000000;\">F.\u00c7, 38 vje\u00e7, lindur dhe banues n\u00eb Elbasan lagjia \u201cEmin Matraxhiu\u201d. P\u00ebr k\u00ebt\u00eb shtetas u b\u00eb ekzekutimi i vendimit t\u00eb Gjykat\u00ebs s\u00eb Rrethit Gjyq\u00ebsor Elbasan, me vendimin nr. 477 dat\u00eb 11.06.2019, per t\u00eb cilin ishte caktuar masa e sigurimit \u201cArrest me burg\u201d i dyshuar p\u00ebr veprat penale t\u00eb \u201cVrasjes me paramendim t\u00eb mbetur tentativ\u00eb\u201d dhe \u201cMbajtjes pa leje t\u00eb arm\u00ebve dhe municioneve luftarake\u201d.<\/span><\/p>\n<p><span style=\"color: #000000;\">Si rezultat i hetimeve u arrit t\u00eb zbulohej aktiviteti korruptiv i shtetas\u00ebve t\u00eb p\u00ebr t\u00eb cil\u00ebt \u00ebsht\u00eb dh\u00ebn\u00eb masa arrest me burg.<\/span><\/p>\n<p><span style=\"color: #000000;\">Nga ky operacion u ndaluan edhe p\u00ebr korrupsion aktiv 8 persona q\u00eb ushtrojn\u00eb funksione publike.<\/span><\/p>\n<p><span style=\"color: #000000;\">T\u00eb ndaluar p\u00ebr veprat penale t\u00eb korrupsionit aktiv t\u00eb personave publik ishin shtetasit me iniciale: B.K, A.B, A.N, S.M, I.H, A.D, SH.S, E.T.<\/span><\/p>\n<p><span style=\"color: #000000;\">Nga kontrollet u sekuestruan, drog\u00eb, arm\u00eb dhe celular\u00eb.<\/span><\/p>\n<p><strong><span style=\"color: #000000;\">Njoftimi i policis\u00eb:<\/span><\/strong><\/p>\n<p><span style=\"color: #000000;\">Finalizohet operacioni policor \u201cKRASTA\u201d<\/span><\/p>\n<p><span style=\"color: #000000;\"> Zbardhen dhe dokumentohen me prova ligjore tre ngjarje kriminale t\u00eb ndodhura m\u00eb par\u00eb. Goditet edhe nj\u00eb rast korrupsioni i kryer nga punonj\u00ebs shtet\u00ebror\u00eb t\u00eb Autoritetit t\u00eb Mediave Audiovizive dhe t\u00eb sektorit privat.<\/span><\/p>\n<p><span style=\"color: #000000;\">Sekuestrohen nj\u00eb s\u00ebr\u00eb sendesh t\u00eb kundraligjshme.<\/span><\/p>\n<p><span style=\"color: #000000;\"> M\u00eb dat\u00eb 14.06.2019, n\u00eb kuad\u00ebr t\u00eb operacionit \u201cFORCA E LIGJIT\u201d, nga Nj\u00ebsia Hetimore pran\u00eb Task Forc\u00eb Speciale Q\u00ebndrore, n\u00eb Departamentin e Policis\u00eb Kriminale, n\u00eb Drejtorin\u00eb e P\u00ebrgjithshme t\u00eb Policis\u00eb s\u00eb Shtetit, Drejtoria Vendore e Policis\u00eb Elbasan, pas nj\u00eb hetimi nj\u00eb vje\u00e7ar, n\u00eb bashk\u00ebpunim m\u00eb Prokurorin\u00eb e Rrethit Gjyq\u00ebsor Elbasan, forcat speciale RENEA, FNSH, sot n\u00eb or\u00ebt e para t\u00eb m\u00ebngjesit kan\u00eb zhvilluar operaciopnin policor t\u00eb koduar \u201cKRASTA\u201d, p\u00ebr t\u00eb b\u00ebr\u00eb t\u00eb mundur ekzekutimin e vendimeve t\u00eb <\/span><span style=\"color: #000000;\">Gjykat\u00ebs s\u00eb Rrethit Gjyq\u00ebsor Elbasan t\u00eb masave t\u00eb sigurimit personal \u201cArrest me Burg\u201d dhe kontrollin e banesave e ambienteve p\u00ebr llogari t\u00eb hetimeve t\u00eb procedimeve penale t\u00eb rifilluara si m\u00eb posht\u00eb vijon: <\/span><\/p>\n<p><span style=\"color: #000000;\">1. Pro\u00e7edimit Penal nr 40 t\u00eb vitit 2006, i rregjistruar p\u00ebr veprat penale t\u00eb \u201cVrasjes me paramendim mbetur tentativ\u00eb\u201d, \u201cMbajtjes pa leje arm\u00ebve dhe municionit luftarak\u201d parashikuar nga nenet 78-22, 278\/2 t\u00eb Kodit Penal, q\u00eb b\u00ebn fjal\u00eb p\u00ebr tentativ\u00ebn e vrasjes s\u00eb shtetasit F.M, ngjarje e ndodhur m\u00eb dat\u00eb 30.01.2006 n\u00eb Elbasan. <\/span><\/p>\n<p><span style=\"color: #000000;\">2. Procedimit penal nr 1121\/2012, i rregjistruar p\u00ebr veprat penale t\u00eb \u201cVrasjes n\u00eb rrethena cil\u00ebsuese e kryer n\u00eb bashk\u00ebpunim\u201d, \u201cMbajtjes pa leje t\u00eb arm\u00ebve dhe municionit luftarak\u201d parashikuar nga nenet 79\/dh-25, 278\/2 t\u00eb Kodit Penal, q\u00eb b\u00ebn fjal\u00eb p\u00ebr vrasjen e shtetasit G.B (alias A.M) dhe t\u00eb babait t\u00eb tij shtetasit N.B, ngjarje e ndodhur m\u00eb dat\u00eb 15.08.2012, n\u00eb lagjen \u201c\u00c7lirimi\u201d Elbasan. <\/span><\/p>\n<p><span style=\"color: #000000;\">3. Pro\u00e7edimi Penal nr 627-2013, i rregjistruar p\u00ebr veprat penale t\u00eb \u201cHeqjes s\u00eb paligjshme t\u00eb liris\u00eb\u201d, \u201cPlagosjes m\u00eb dashje\u201d, \u201cMbajtje pa leje te arm\u00ebve dhe municioneve luftarake\u201d parashikuar nga nenet 88, 110\/2, 278\/2 t\u00eb Kodit Penal, ngjarje e ndodhur n\u00eb dat\u00eb 19.04.2013 n\u00eb qytetin e Elbasanit. <\/span><\/p>\n<p><span style=\"color: #000000;\">Si rezultat i hetimeve intensive p\u00ebr k\u00ebto ngjarje t\u00eb kryera nga kjo nj\u00ebsi n\u00eb bashk\u00ebpunim me Prokurorin\u00eb e Rrethit Gjyq\u00ebsor Elbasan, \u00ebsht\u00eb b\u00ebr\u00eb e mundur q\u00eb t\u00eb tre k\u00ebto ngjarje t\u00eb zbulohen dhe t\u00eb dokumentohen me prova ligjore, dhe konkretisht: <\/span><\/p>\n<p><span style=\"color: #000000;\">P\u00ebr Pro\u00e7edimin Penal nr. 40 viti 2006 nga hetimet e zhvillura ka rezultuar se, autor i k\u00ebsaj ngjarje \u00ebsht\u00eb shtetasi : <\/span><\/p>\n<p><span style=\"color: #000000;\">1. F.\u00c7, 38 vje\u00e7, lindur dhe banues n\u00eb Elbasan lagjia \u201cEmin Matraxhiu\u201d. P\u00ebr k\u00ebt\u00eb shtetas u b\u00eb ekzekutimi i vendimit t\u00eb Gjykat\u00ebs s\u00eb Rrethit Gjyq\u00ebsor Elbasan, me vendimin nr. 477 dat\u00eb 11.06.2019, per t\u00eb cilin ishte caktuar masa e sigurimit \u201cArrest me burg\u201d i dyshuar p\u00ebr veprat penale t\u00eb \u201cVrasjes me paramendim t\u00eb mbetur tentativ\u00eb\u201d dhe \u201cMbajtjes pa leje t\u00eb arm\u00ebve dhe municioneve luftarake\u201d.<\/span><\/p>\n<p><span style=\"color: #000000;\"> P\u00ebr Pro\u00e7edimin Penal nr. 627 viti 2013 nga hetimet e zhvillura ka rezultuar se, autor\u00eb t\u00eb k\u00ebsaj ngjarje jan\u00eb shtetasit:<\/span><\/p>\n<p><span style=\"color: #000000;\"> 1. M.L (alias S.\u00c7), 31 vje\u00e7, lindur dhe banues n\u00eb Elbasan \u201cLagjia 5 Maji\u201d, aktualisht person i shpallur n\u00eb k\u00ebrkim p\u00ebr nj\u00eb tjet\u00ebr vep\u00ebr penale. <\/span><\/p>\n<p><span style=\"color: #000000;\">2. E.\u00c7, 30 vje\u00e7, lindur dhe banues n\u00eb Elbasan, aktualisht i ndaluar p\u00ebr nj\u00eb vep\u00ebr tjet\u00ebr penale dhe vendimi ndaj k\u00ebtij shtetasi u ekzekutua n\u00eb ambientet e IEVP Elbasan.<\/span><\/p>\n<p><span style=\"color: #000000;\"> P\u00ebr Pro\u00e7edimin Penal nr. 1121 viti 2012 nga hetimet e zhvillura ka rezultuar se autor\u00eb t\u00eb k\u00ebsaj ngjarje jan\u00eb shtetasit: <\/span><\/p>\n<p><span style=\"color: #000000;\">2. E.B, 38 vje\u00e7, lindur n\u00eb Kavaj\u00eb dhe banues n\u00eb Elbasan,<\/span><span style=\"color: #000000;\">\u201cLagjia Sh\u00ebnkoll\u201d, i cili \u00ebsht\u00eb shpallur n\u00eb k\u00ebrkim. <\/span><\/p>\n<p><span style=\"color: #000000;\">3. E.C, 28 vje\u00e7, lindur dhe banues n\u00eb Elbasan \u201cLagjia \u00c7lirimi\u201d i cili \u00ebsht\u00eb shpallur n\u00eb k\u00ebrkim. <\/span><\/p>\n<p><span style=\"color: #000000;\">N\u00eb kuad\u00ebr t\u00eb hetimeve t\u00eb kryera mbi Pro\u00e7edimin Penal nr 627 viti 2017, \u00ebsht\u00eb b\u00ebr\u00eb e mundur t\u00eb dokumentohet aktiviteti jasht\u00ebligjsh\u00ebm n\u00eb lidhje me disa veprime korruptive, t\u00eb kryera nga punonj\u00ebs shtet\u00ebror\u00eb t\u00eb Autoritetit t\u00eb Mediave Audiovizive dhe t\u00eb sektorit privat. <\/span><\/p>\n<p><span style=\"color: #000000;\">Si rezultat i hetimeve u arrit q\u00eb p\u00ebrmes provave ligjore t\u00eb dokumentohej aktivitetit korrruptiv i shtetasve t\u00eb m\u00ebposht\u00ebm, si dhe u ekzekutuan vendimet e Gjykat\u00ebs s\u00eb Rrethit Gjyq\u00ebsor Elbasan p\u00ebr t\u00eb cil\u00ebt \u00ebsht\u00eb caktuar masa e siguris\u00eb \u201cArrest me Burg\u201d p\u00ebr veprat penale :<\/span><\/p>\n<p><span style=\"color: #000000;\">\u201cKorrupsioni aktiv i personave q\u00eb ushtrojn\u00eb funksione publike\u201d, \u201cKorrupsioni aktiv i funksionar\u00ebve t\u00eb lart\u00eb shtet\u00ebror\u00eb ose t\u00eb zgjedhurve vendor\u00eb\u201d dhe \u201cShkelja e t\u00eb drejtave t\u00eb pron\u00ebsis\u00eb industriale\u201d parashikuar nga nenet 244, 245\/1,2, dhe 149\/a, <\/span><\/p>\n<p><span style=\"color: #000000;\">1. B.K, 39 vje\u00e7, lindur dhe banues n\u00eb Elbasan, <\/span><\/p>\n<p><span style=\"color: #000000;\">2. A.B, 61 vje\u00e7, lindur e banues n\u00eb Elbasan. <\/span><\/p>\n<p><span style=\"color: #000000;\">3. A.N, 67 vje\u00e7, lindur Sarand\u00eb dhe banues n\u00eb Tiran\u00eb. <\/span><\/p>\n<p><span style=\"color: #000000;\">4. S.M, 40 vje\u00e7, lindur dhe banues n\u00eb Tiran\u00eb. <\/span><\/p>\n<p><span style=\"color: #000000;\">5. I.H, 51 vje\u00e7, lindur dhe banues n\u00eb Tiran\u00eb. <\/span><\/p>\n<p><span style=\"color: #000000;\">6. A.D, 34 vje\u00e7, lindur dhe banues n\u00eb Elbasan, <\/span><\/p>\n<p><span style=\"color: #000000;\">7. Sh.S, 38 vje\u00e7, lindur dhe banues n\u00eb Labinot Mal-Elbasan, i cili u shpall n\u00eb k\u00ebrkim <\/span><\/p>\n<p><span style=\"color: #000000;\">8. E.T, 40 vje\u00e7, lindur dhe banues n\u00eb Tropoj\u00eb, <\/span><\/p>\n<p><span style=\"color: #000000;\">N\u00eb vijim t\u00eb ekzekutimeve t\u00eb vendimeve p\u00ebr kontrollet e banesave dhe ambienteve, jan\u00eb gjetur e sekuestruar n\u00eb cil\u00ebsin\u00eb e prov\u00ebs materiale sendet si m\u00eb posht\u00eb: <\/span><\/p>\n<p><span style=\"color: #000000;\">Revolver \u201cNagant\u201d me mulli , me gjasht\u00eb fishek\u00eb, kalib\u00ebr 9 mm. Pistolet\u00eb gjys\u00ebm automatike e mark\u00ebs \u201cZoraki\u201d, me gjasht\u00eb fishek\u00eb, kalibri 7.65 mm nje kr\u00ebh\u00ebr pistolete TT, me kat\u00ebr fishek\u00eb, model 54. <\/span><span style=\"color: #000000;\">26 cop\u00eb fishek\u00eb, model 54. 4 jelek\u00eb antiplumb. Nj\u00eb shkop metalik nga ata me hapje me stampo police USING Nj\u00eb portofol l\u00ebkure me stampe policia e shtetit. 7 pal\u00eb targa automjtesh, shqiptare dhe t\u00eb huaja. 4 radio marr\u00ebse dhe dh\u00ebn\u00ebse Nj\u00eb peshore elektronike 735 gr l\u00ebnd\u00eb narkotike e dyshuar mariuan\u00eb, e paketuar n\u00eb at\u00eb form\u00eb e p\u00ebrgatitur p\u00ebr tu tregtuar. telefona celular ( smartfona dhe t\u00eb thjesht\u00eb), dhe nj\u00eb prej tyre satelitor.<\/span><\/p>\n<p><span style=\"color: #000000;\">Gjithashtu nga kontrollet e banesave si rezultat i sendeve t\u00eb paligjshme t\u00eb gjetura n\u00eb banesa \u00ebsht\u00eb b\u00ebr\u00eb dhe arrestrimi n\u00eb flagranc\u00eb i shtetasve: <\/span><\/p>\n<p><span style=\"color: #000000;\">H.Gj (S), 40 vje\u00e7, p\u00ebr veprat penale \u201cMbajtje pa leje dhe prodhimi i arm\u00ebve, l\u00ebnd\u00ebve shp\u00ebrthyese dhe i municionit\u201d, \u201cProdhimi, mbajtja dhe shitja pa leje e arm\u00ebve t\u00eb ftohta\u201d, dhe \u201cMbajtja pa t\u00eb drejte e uniform\u00ebs\u201d, vepra t\u00eb parashikuara nga nenet, 278, 279 dhe 247 t\u00eb Kodit Penal. <\/span><\/p>\n<p><span style=\"color: #000000;\">Si dhe \u00ebshte shpallur n\u00eb k\u00ebrkim shtetasi Q.H, 25 vje\u00e7, p\u00ebr veprat penale \u201cProdhimi dhe shitja e Narkotik\u00ebve\u201d vep\u00ebr e parashikuar nga neni 283 i Kodit Penal. <\/span><\/p>\n<p><span style=\"color: #000000;\">N\u00eb p\u00ebrfundim ju b\u00ebjm\u00eb me dije se vijojn\u00eb hetimet intensive n\u00eb lidhje me nj\u00eb num\u00ebr ngjarjesh t\u00eb vjetra t\u00eb ndodhura n\u00eb Qarkun e Elbasanit dhe Tiran\u00ebs, duke bashk\u00ebpunuar me autoritet e Prokuroris\u00eb s\u00eb Rrethit Gjyq\u00ebsor Elbasan.<\/span><\/p>\n","protected":false,"gt_translate_keys":[{"key":"rendered","format":"html"}]},"excerpt":{"rendered":"<p>Policia e Shtetit ka dal\u00eb nj\u00eb \u00a0deklarat\u00eb p\u00ebr mediat p\u00ebr aksionin n\u00eb Elbasan ku u arrestuan disa shtetas t\u00eb lidhur me fisin \u00c7apja. Sipas policis\u00eb hetimi \u00ebsht\u00eb kryer p\u00ebr nj\u00eb periudh\u00eb 1 vje\u00e7are. Nga operacioni &#8220;Krasta&#8221; u ndalua F.\u00c7, 38 vje\u00e7, lindur dhe banues n\u00eb Elbasan lagjia \u201cEmin Matraxhiu\u201d. P\u00ebr k\u00ebt\u00eb shtetas u b\u00eb ekzekutimi [&hellip;]<\/p>\n","protected":false,"gt_translate_keys":[{"key":"rendered","format":"html"}]},"author":32,"featured_media":303909,"comment_status":"open","ping_status":"open","sticky":false,"template":"","format":"standard","meta":{"footnotes":""},"categories":[65,13],"tags":[],"class_list":["post-303904","post","type-post","status-publish","format-standard","has-post-thumbnail","hentry","category-lajme","category-te-fundit"],"gt_translate_keys":[{"key":"link","format":"url"}],"_links":{"self":[{"href":"https:\/\/www.hashtag.al\/index.php\/wp-json\/wp\/v2\/posts\/303904","targetHints":{"allow":["GET"]}}],"collection":[{"href":"https:\/\/www.hashtag.al\/index.php\/wp-json\/wp\/v2\/posts"}],"about":[{"href":"https:\/\/www.hashtag.al\/index.php\/wp-json\/wp\/v2\/types\/post"}],"author":[{"embeddable":true,"href":"https:\/\/www.hashtag.al\/index.php\/wp-json\/wp\/v2\/users\/32"}],"replies":[{"embeddable":true,"href":"https:\/\/www.hashtag.al\/index.php\/wp-json\/wp\/v2\/comments?post=303904"}],"version-history":[{"count":0,"href":"https:\/\/www.hashtag.al\/index.php\/wp-json\/wp\/v2\/posts\/303904\/revisions"}],"wp:featuredmedia":[{"embeddable":true,"href":"https:\/\/www.hashtag.al\/index.php\/wp-json\/wp\/v2\/media\/303909"}],"wp:attachment":[{"href":"https:\/\/www.hashtag.al\/index.php\/wp-json\/wp\/v2\/media?parent=303904"}],"wp:term":[{"taxonomy":"category","embeddable":true,"href":"https:\/\/www.hashtag.al\/index.php\/wp-json\/wp\/v2\/categories?post=303904"},{"taxonomy":"post_tag","embeddable":true,"href":"https:\/\/www.hashtag.al\/index.php\/wp-json\/wp\/v2\/tags?post=303904"}],"curies":[{"name":"wp","href":"https:\/\/api.w.org\/{rel}","templated":true}]}}