{"id":303902,"date":"2019-06-14T15:35:17","date_gmt":"2019-06-14T13:35:17","guid":{"rendered":"https:\/\/hashtag.al\/?p=303902"},"modified":"2019-06-14T15:35:17","modified_gmt":"2019-06-14T13:35:17","slug":"kerkohej-per-vrasje-ne-shqiperi-arrestohet-pas-7-vitesh-ne-greqi","status":"publish","type":"post","link":"https:\/\/www.hashtag.al\/index.php\/2019\/06\/14\/kerkohej-per-vrasje-ne-shqiperi-arrestohet-pas-7-vitesh-ne-greqi\/","title":{"rendered":"K\u00ebrkohej p\u00ebr vrasje n\u00eb Shqip\u00ebri, arrestohet pas 7 vitesh n\u00eb Greqi","gt_translate_keys":[{"key":"rendered","format":"text"}]},"content":{"rendered":"<p><img loading=\"lazy\" decoding=\"async\" class=\"aligncenter size-full wp-image-260056\" src=\"https:\/\/hashtag.al\/wp-content\/uploads\/2018\/12\/auto_policia-greke1545472034.jpg\" alt=\"\" width=\"900\" height=\"518\" srcset=\"https:\/\/www.hashtag.al\/wp-content\/uploads\/2018\/12\/auto_policia-greke1545472034.jpg 900w, https:\/\/www.hashtag.al\/wp-content\/uploads\/2018\/12\/auto_policia-greke1545472034-300x173.jpg 300w, https:\/\/www.hashtag.al\/wp-content\/uploads\/2018\/12\/auto_policia-greke1545472034-768x442.jpg 768w\" sizes=\"auto, (max-width: 900px) 100vw, 900px\" \/><\/p>\n<p>&nbsp;<\/p>\n<p><span style=\"color: #000000;\">Nj\u00eb 29-vje\u00e7ar shqiptar i shpallur n\u00eb k\u00ebrkim nd\u00ebrkomb\u00ebtar\u00a0 p\u00ebr nj\u00eb vrasje t\u00eb kryer shtat\u00eb vite m\u00eb par\u00eb, n\u00eb 4 tetor 2012 n\u00eb Shqip\u00ebri u kap nga policia greke e Evrotas, q\u00eb argumentoi se 29-vje\u00e7ari i arratisur ndodhej\u00a0 n\u00eb Greqi i fshehur n\u00eb Spart\u00eb\u00a0n\u00eb shkelje t\u00eb ligjit t\u00eb emigracionit.<\/span><\/p>\n<p><span style=\"color: #000000;\">29-vje\u00e7ari akuzohet p\u00ebr nj\u00eb vrasje me paramendim t\u00eb kryer n\u00eb Shqip\u00ebri.<\/span><\/p>\n<p><span style=\"color: #000000;\">P\u00ebr rrjedhoj\u00eb 29-vje\u00e7ari u arrestua dhe dokumentacioni n\u00eb ngarkim t\u00eb tij \u00ebsht\u00eb referuar n\u00eb prokurorin\u00eb e Apelit n\u00eb Nafplion, e cila\u00a0 \u00ebsht\u00eb duke u shqyrtuar n\u00ebse do t\u00eb udh\u00ebzoj\u00eb p\u00ebr ekstradimin e tij n\u00eb Shqip\u00ebri n\u00eb baz\u00eb t\u00eb dokumentit t\u00eb proceseve nd\u00ebrkomb\u00ebtare, ose do t\u00eb urdh\u00ebroj\u00eb p\u00ebr kryerjen e\u00a0 d\u00ebnimin t\u00eb tij\u00a0nga gjykatat greke.<\/span><\/p>\n","protected":false,"gt_translate_keys":[{"key":"rendered","format":"html"}]},"excerpt":{"rendered":"<p>&nbsp; Nj\u00eb 29-vje\u00e7ar shqiptar i shpallur n\u00eb k\u00ebrkim nd\u00ebrkomb\u00ebtar\u00a0 p\u00ebr nj\u00eb vrasje t\u00eb kryer shtat\u00eb vite m\u00eb par\u00eb, n\u00eb 4 tetor 2012 n\u00eb Shqip\u00ebri u kap nga policia greke e Evrotas, q\u00eb argumentoi se 29-vje\u00e7ari i arratisur ndodhej\u00a0 n\u00eb Greqi i fshehur n\u00eb Spart\u00eb\u00a0n\u00eb shkelje t\u00eb ligjit t\u00eb emigracionit. 29-vje\u00e7ari akuzohet p\u00ebr nj\u00eb vrasje me [&hellip;]<\/p>\n","protected":false,"gt_translate_keys":[{"key":"rendered","format":"html"}]},"author":32,"featured_media":167838,"comment_status":"open","ping_status":"open","sticky":false,"template":"","format":"standard","meta":{"footnotes":""},"categories":[65,13],"tags":[],"class_list":["post-303902","post","type-post","status-publish","format-standard","has-post-thumbnail","hentry","category-lajme","category-te-fundit"],"gt_translate_keys":[{"key":"link","format":"url"}],"_links":{"self":[{"href":"https:\/\/www.hashtag.al\/index.php\/wp-json\/wp\/v2\/posts\/303902","targetHints":{"allow":["GET"]}}],"collection":[{"href":"https:\/\/www.hashtag.al\/index.php\/wp-json\/wp\/v2\/posts"}],"about":[{"href":"https:\/\/www.hashtag.al\/index.php\/wp-json\/wp\/v2\/types\/post"}],"author":[{"embeddable":true,"href":"https:\/\/www.hashtag.al\/index.php\/wp-json\/wp\/v2\/users\/32"}],"replies":[{"embeddable":true,"href":"https:\/\/www.hashtag.al\/index.php\/wp-json\/wp\/v2\/comments?post=303902"}],"version-history":[{"count":0,"href":"https:\/\/www.hashtag.al\/index.php\/wp-json\/wp\/v2\/posts\/303902\/revisions"}],"wp:featuredmedia":[{"embeddable":true,"href":"https:\/\/www.hashtag.al\/index.php\/wp-json\/"}],"wp:attachment":[{"href":"https:\/\/www.hashtag.al\/index.php\/wp-json\/wp\/v2\/media?parent=303902"}],"wp:term":[{"taxonomy":"category","embeddable":true,"href":"https:\/\/www.hashtag.al\/index.php\/wp-json\/wp\/v2\/categories?post=303902"},{"taxonomy":"post_tag","embeddable":true,"href":"https:\/\/www.hashtag.al\/index.php\/wp-json\/wp\/v2\/tags?post=303902"}],"curies":[{"name":"wp","href":"https:\/\/api.w.org\/{rel}","templated":true}]}}