{"id":303648,"date":"2019-06-13T16:19:35","date_gmt":"2019-06-13T14:19:35","guid":{"rendered":"https:\/\/hashtag.al\/?p=303648"},"modified":"2019-06-13T16:36:25","modified_gmt":"2019-06-13T14:36:25","slug":"parlamenti-miraton-rezoluten-kunder-metes","status":"publish","type":"post","link":"https:\/\/www.hashtag.al\/index.php\/2019\/06\/13\/parlamenti-miraton-rezoluten-kunder-metes\/","title":{"rendered":"Parlamenti miraton rezolut\u00ebn kund\u00ebr Met\u00ebs","gt_translate_keys":[{"key":"rendered","format":"text"}]},"content":{"rendered":"<p><img loading=\"lazy\" decoding=\"async\" class=\"aligncenter size-full wp-image-303631\" src=\"https:\/\/hashtag.al\/wp-content\/uploads\/2019\/06\/meta13qershor-e1560429756392.jpg\" alt=\"\" width=\"638\" height=\"578\" srcset=\"https:\/\/www.hashtag.al\/wp-content\/uploads\/2019\/06\/meta13qershor-e1560429756392.jpg 638w, https:\/\/www.hashtag.al\/wp-content\/uploads\/2019\/06\/meta13qershor-e1560429756392-300x272.jpg 300w\" sizes=\"auto, (max-width: 638px) 100vw, 638px\" \/><\/p>\n<p><span style=\"color: #000000;\">Parlamenti ka miratuar Rezolut\u00ebn kund\u00ebr presidentit Ilir Meta, me 100 vota pro dhe vet\u00ebm 7 kund\u00ebr. Vendimi i propozuar nga maxhoranca, erdhi pas dekretit t\u00eb presidentit Meta, p\u00ebr anulimin e zgjedhjeve lokale m\u00eb 30 qershor.<\/span><\/p>\n<p><span style=\"color: #000000;\">100 deputet\u00eb votuan pro rezolut\u00ebs <em>\u201cMbi aktin e Presidentit t\u00eb Republik\u00ebs p\u00ebr shfuqizimin e dekretit Nr. 10928, dat\u00eb 05.11.2018 \u201cP\u00ebr caktimin e dat\u00ebs s\u00eb zgjedhjeve p\u00ebr organet e qeverisjes vendore\u201d.<\/em><\/span><\/p>\n<p><span style=\"color: #000000;\">2 votuan abstenim, 7 kund\u00ebr dhe 1 mbeti pa votuar.<\/span><\/p>\n<p><span style=\"color: #000000;\">Nd\u00ebrkoh\u00eb Kreu i Kuvendit njoftoi se seanca e radh\u00ebs do t\u00eb jet\u00eb t\u00eb h\u00ebn\u00ebn, 17 qershor ora 10:00.<\/span><\/p>\n<p><span style=\"color: #000000;\">N\u00eb rezolut\u00eb, maxhoranca e konsideron dekretin p\u00ebr anulimin e zgjedhjeve t\u00eb 30 qershorit, nj\u00eb akt t\u00eb paprecedent\u00eb q\u00eb synon t\u00eb mohoj\u00eb realizimin e s\u00eb drejt\u00ebs kushtetuese t\u00eb shtetasve shqiptar\u00eb p\u00ebr t\u00eb zgjedhur p\u00ebrfaq\u00ebsuesit e tyre n\u00eb pushtetin vendor.<\/span><\/p>\n<p><em><span style=\"color: #000000;\">\u201cKuvendi i Shqip\u00ebris\u00eb vler\u00ebson se akti i Presidentit dat\u00eb 10.06.2019 p\u00ebr shfuqizimin e dekretit nr. 10928, dat\u00eb 05.11.2018 \u201cP\u00ebr caktimin e dat\u00ebs s\u00eb zgjedhjeve p\u00ebr organet e qeverisjes vendore\u201d, \u00ebsht\u00eb nj\u00eb akt absolutisht i pavlefsh\u00ebm, i nxjerr\u00eb n\u00eb kap\u00ebrcim t\u00eb kompetencave kushtetuese dhe ligjore t\u00eb institucionit t\u00eb Presidentit dhe si i till\u00eb ai konsiderohet nul dhe sikur nuk ka ekzistuar asnj\u00ebher\u00eb.<\/span><\/em><\/p>\n<p><span style=\"color: #000000;\"><em>Kuvendi i Shqip\u00ebris\u00eb mb\u00ebshtet q\u00ebndrimin e Komisionit Q\u00ebndror t\u00eb Zgjedhjeve p\u00ebr vijimin e procesit zgjedhor dhe inkurajon k\u00ebt\u00eb organ t\u00eb vijoj\u00eb t\u00eb mbroj\u00eb pac\u00ebnueshm\u00ebrin\u00eb si dhe t\u00eb garantoj\u00eb vazhdim\u00ebsin\u00eb e procesit zgjedhor p\u00ebr zgjedhjet vendore t\u00eb dat\u00ebs 30 Qershor 2019 nisur si rrjedhoj\u00eb e zbatimit t\u00eb Dekretit t\u00eb Presidentit nr. 10928, dat\u00eb 05.11.2018 \u201cP\u00ebr caktimin e dat\u00ebs s\u00eb zgjedhjeve p\u00ebr organet e qeverisjes vendore\u201d, duke e njohur k\u00ebt\u00eb t\u00eb fundit si t\u00eb vetmin akt t\u00eb ligjsh\u00ebm t\u00eb nxjerr\u00eb nga Presidenti i Republik\u00ebs s\u00eb Shqip\u00ebris\u00eb n\u00eb kuad\u00ebr t\u00eb zgjedhjeve vendore 2019\u201d<\/em>, citohet n\u00eb rezolut\u00eb.<\/span><\/p>\n<p><span style=\"color: #000000;\">Gjat\u00eb 5 or\u00ebve t\u00eb mocion-debatit, socialist\u00ebt por edhe deputet\u00ebt e rinj q\u00eb kan\u00eb marr\u00eb mandatet e djegura t\u00eb opozit\u00ebs, artikuluan arsyet e tyre se p\u00ebrse presidenti duhej shkarkuar.<\/span><\/p>\n<p><span style=\"color: #000000;\">I pari fjal\u00ebn e mori kreu i grupit parlamentar t\u00eb PS-s\u00eb, Balla, e m\u00eb pas t\u00eb gjith\u00eb t\u00eb tjer\u00ebt. Spiropali, Bra\u00e7e, Ahmetaj, Xhafaj, Manja, Bushka, Fino etj.<\/span><\/p>\n<p><span style=\"color: #000000;\">T\u00eb gjith\u00eb deklaruan se vendimi i Met\u00ebs ishte n\u00eb shkelje t\u00eb Kushtetut\u00ebs dhe se zgjedhje n\u00eb dat\u00ebn 30 qershor do ket\u00eb.<\/span><\/p>\n<p><span style=\"color: #000000;\">Ata nuk ngurruan t\u00eb b\u00ebjn\u00eb batuta lidhur me vendimin e kreut t\u00eb shtetit nd\u00ebrsa nuk harruan gjithashtu t\u00eb shigjetojn\u00eb opozit\u00ebn p\u00ebr d\u00ebmin e madh q\u00eb po i b\u00ebn vendit dhe integrimit europian.<\/span><\/p>\n<p><span style=\"color: #000000;\">I vetmi deputet socialist q\u00eb nuk e ka k\u00ebrkuar shkarkimin e Met\u00ebs \u00ebsht\u00eb Fino, i cili tha se kreu i shtetit duhej l\u00ebn\u00eb t\u00eb \u00e7onte deri n\u00eb fund teatrin presidencial.<\/span><\/p>\n<p><span style=\"color: #000000;\">Meta nga ana e tij ka paralajm\u00ebruar nj\u00eb tjet\u00ebr konferenc\u00eb t\u00eb jasht\u00ebzakonshme p\u00ebr shtyp n\u00eb or\u00ebn 17:00, pas asaj t\u00eb dy dit\u00ebve m\u00eb par\u00eb.\/<strong>Hashtag.al<\/strong><\/span><\/p>\n<p>&nbsp;<\/p>\n","protected":false,"gt_translate_keys":[{"key":"rendered","format":"html"}]},"excerpt":{"rendered":"<p>Parlamenti ka miratuar Rezolut\u00ebn kund\u00ebr presidentit Ilir Meta, me 100 vota pro dhe vet\u00ebm 7 kund\u00ebr. Vendimi i propozuar nga maxhoranca, erdhi pas dekretit t\u00eb presidentit Meta, p\u00ebr anulimin e zgjedhjeve lokale m\u00eb 30 qershor. 100 deputet\u00eb votuan pro rezolut\u00ebs \u201cMbi aktin e Presidentit t\u00eb Republik\u00ebs p\u00ebr shfuqizimin e dekretit Nr. 10928, dat\u00eb 05.11.2018 \u201cP\u00ebr [&hellip;]<\/p>\n","protected":false,"gt_translate_keys":[{"key":"rendered","format":"html"}]},"author":30,"featured_media":302969,"comment_status":"open","ping_status":"open","sticky":false,"template":"","format":"standard","meta":{"footnotes":""},"categories":[22,65,13],"tags":[],"class_list":["post-303648","post","type-post","status-publish","format-standard","has-post-thumbnail","hentry","category-ballina","category-lajme","category-te-fundit"],"gt_translate_keys":[{"key":"link","format":"url"}],"_links":{"self":[{"href":"https:\/\/www.hashtag.al\/index.php\/wp-json\/wp\/v2\/posts\/303648","targetHints":{"allow":["GET"]}}],"collection":[{"href":"https:\/\/www.hashtag.al\/index.php\/wp-json\/wp\/v2\/posts"}],"about":[{"href":"https:\/\/www.hashtag.al\/index.php\/wp-json\/wp\/v2\/types\/post"}],"author":[{"embeddable":true,"href":"https:\/\/www.hashtag.al\/index.php\/wp-json\/wp\/v2\/users\/30"}],"replies":[{"embeddable":true,"href":"https:\/\/www.hashtag.al\/index.php\/wp-json\/wp\/v2\/comments?post=303648"}],"version-history":[{"count":0,"href":"https:\/\/www.hashtag.al\/index.php\/wp-json\/wp\/v2\/posts\/303648\/revisions"}],"wp:featuredmedia":[{"embeddable":true,"href":"https:\/\/www.hashtag.al\/index.php\/wp-json\/wp\/v2\/media\/302969"}],"wp:attachment":[{"href":"https:\/\/www.hashtag.al\/index.php\/wp-json\/wp\/v2\/media?parent=303648"}],"wp:term":[{"taxonomy":"category","embeddable":true,"href":"https:\/\/www.hashtag.al\/index.php\/wp-json\/wp\/v2\/categories?post=303648"},{"taxonomy":"post_tag","embeddable":true,"href":"https:\/\/www.hashtag.al\/index.php\/wp-json\/wp\/v2\/tags?post=303648"}],"curies":[{"name":"wp","href":"https:\/\/api.w.org\/{rel}","templated":true}]}}