{"id":303548,"date":"2019-06-13T09:45:24","date_gmt":"2019-06-13T07:45:24","guid":{"rendered":"https:\/\/hashtag.al\/?p=303548"},"modified":"2019-06-13T09:50:57","modified_gmt":"2019-06-13T07:50:57","slug":"konference-per-shtyp-ne-presidence-pas-debateve-ne-parlament","status":"publish","type":"post","link":"https:\/\/www.hashtag.al\/index.php\/2019\/06\/13\/konference-per-shtyp-ne-presidence-pas-debateve-ne-parlament\/","title":{"rendered":"Konferenc\u00eb p\u00ebr shtyp n\u00eb Presidenc\u00eb pas debateve n\u00eb Parlament","gt_translate_keys":[{"key":"rendered","format":"text"}]},"content":{"rendered":"<p><span style=\"color: #000000;\"><img loading=\"lazy\" decoding=\"async\" class=\"aligncenter size-full wp-image-302969\" src=\"https:\/\/hashtag.al\/wp-content\/uploads\/2019\/06\/ilir-meta-1.jpg\" alt=\"\" width=\"960\" height=\"640\" srcset=\"https:\/\/www.hashtag.al\/wp-content\/uploads\/2019\/06\/ilir-meta-1.jpg 960w, https:\/\/www.hashtag.al\/wp-content\/uploads\/2019\/06\/ilir-meta-1-300x200.jpg 300w, https:\/\/www.hashtag.al\/wp-content\/uploads\/2019\/06\/ilir-meta-1-768x512.jpg 768w\" sizes=\"auto, (max-width: 960px) 100vw, 960px\" \/><\/span><\/p>\n<p><span style=\"color: #000000;\">Sot n\u00eb or\u00ebn 17:00, do t\u00eb mbahet nj\u00eb konferenc\u00eb p\u00ebr shtyp n\u00eb Presidenc\u00eb. Konferenca do t\u00eb mbahet pas debateve n\u00eb Parlament, lidhur me vendimin e presidentit t\u00eb Republik\u00ebs Ilir Meta, p\u00ebr shtyrjen e dat\u00ebs s\u00eb zgjedhjeve.<\/span><\/p>\n<p><span style=\"color: #000000;\">Kjo \u00ebsht\u00eb konferenca e tret\u00eb n\u00eb Presidenc\u00eb brenda pak dit\u00ebsh q\u00eb pas vendimit t\u00eb s\u00eb shtun\u00ebs p\u00ebr t\u00eb shfuqizuar dekretin p\u00ebr dat\u00ebn e zgjedhjeve t\u00eb 30 qershorit.<\/span><\/p>\n<p><span style=\"color: #000000;\">Socialist\u00ebt e kan\u00eb quajtur veprimin e Met\u00ebs antikushtetues dhe n\u00eb Parlament do t\u00eb zhvillohen 5 or\u00eb mocion-debat p\u00ebr shkarkimin e tij.<\/span><\/p>\n<p><span style=\"color: #000000;\">N\u00eb Konferenc\u00ebn e Kryetar\u00ebve t\u00eb mbledhur t\u00eb mart\u00ebn nga kreu i Kuvendit, Gramoz Ru\u00e7i,\u00a0 \u00ebsht\u00eb vendosur p\u00ebr t\u00eb mbajtur nj\u00eb debat 5 or\u00eb p\u00ebr shkarkimin e presidentit Ilir Meta, debat i cili <\/span><span style=\"color: #000000;\">do t\u00eb ndahet n\u00eb m\u00ebnyr\u00eb proporcionale mes grupeve parlamentare dhe koha m\u00eb e gjat\u00eb do i takoj\u00eb grupit t\u00eb PS-s\u00eb.<\/span><\/p>\n<p><span style=\"color: #000000;\">Maxhoranca ka n\u00eb dispozicion 170 minuta, nd\u00ebrsa p\u00ebr deputet\u00ebt e rinj dhe ata t\u00eb pavarur do t\u00eb ken\u00eb 130 minuta koh\u00eb.<\/span><\/p>\n<p><span style=\"color: #000000;\">Mir\u00ebpo shkarkimi i presidentit nuk b\u00ebhet dot, pasi vendimi i Parlamentit duhet t\u00eb shkoj\u00eb n\u00eb Gjykat\u00ebn Kushtetuese, e cila \u00ebsht\u00eb e vetmja q\u00eb jep verdiktin p\u00ebr shkarkimin ose jo t\u00eb presidentit, si\u00e7 thuhet n\u00eb nenin 90 t\u00eb Kushtetut\u00ebs:<\/span><\/p>\n<p><img loading=\"lazy\" decoding=\"async\" class=\"aligncenter size-full wp-image-303142\" src=\"https:\/\/hashtag.al\/wp-content\/uploads\/2019\/06\/neni-90.jpg\" alt=\"\" width=\"745\" height=\"536\" srcset=\"https:\/\/www.hashtag.al\/wp-content\/uploads\/2019\/06\/neni-90.jpg 745w, https:\/\/www.hashtag.al\/wp-content\/uploads\/2019\/06\/neni-90-300x216.jpg 300w\" sizes=\"auto, (max-width: 745px) 100vw, 745px\" \/><\/p>\n<p><span style=\"color: #000000;\">Por si\u00e7 e dim\u00eb kjo gjykat\u00eb prej dy vitesh nuk funksionon.<\/span><\/p>\n","protected":false,"gt_translate_keys":[{"key":"rendered","format":"html"}]},"excerpt":{"rendered":"<p>Sot n\u00eb or\u00ebn 17:00, do t\u00eb mbahet nj\u00eb konferenc\u00eb p\u00ebr shtyp n\u00eb Presidenc\u00eb. Konferenca do t\u00eb mbahet pas debateve n\u00eb Parlament, lidhur me vendimin e presidentit t\u00eb Republik\u00ebs Ilir Meta, p\u00ebr shtyrjen e dat\u00ebs s\u00eb zgjedhjeve. Kjo \u00ebsht\u00eb konferenca e tret\u00eb n\u00eb Presidenc\u00eb brenda pak dit\u00ebsh q\u00eb pas vendimit t\u00eb s\u00eb shtun\u00ebs p\u00ebr t\u00eb shfuqizuar [&hellip;]<\/p>\n","protected":false,"gt_translate_keys":[{"key":"rendered","format":"html"}]},"author":30,"featured_media":302969,"comment_status":"open","ping_status":"open","sticky":false,"template":"","format":"standard","meta":{"footnotes":""},"categories":[65,13],"tags":[],"class_list":["post-303548","post","type-post","status-publish","format-standard","has-post-thumbnail","hentry","category-lajme","category-te-fundit"],"gt_translate_keys":[{"key":"link","format":"url"}],"_links":{"self":[{"href":"https:\/\/www.hashtag.al\/index.php\/wp-json\/wp\/v2\/posts\/303548","targetHints":{"allow":["GET"]}}],"collection":[{"href":"https:\/\/www.hashtag.al\/index.php\/wp-json\/wp\/v2\/posts"}],"about":[{"href":"https:\/\/www.hashtag.al\/index.php\/wp-json\/wp\/v2\/types\/post"}],"author":[{"embeddable":true,"href":"https:\/\/www.hashtag.al\/index.php\/wp-json\/wp\/v2\/users\/30"}],"replies":[{"embeddable":true,"href":"https:\/\/www.hashtag.al\/index.php\/wp-json\/wp\/v2\/comments?post=303548"}],"version-history":[{"count":0,"href":"https:\/\/www.hashtag.al\/index.php\/wp-json\/wp\/v2\/posts\/303548\/revisions"}],"wp:featuredmedia":[{"embeddable":true,"href":"https:\/\/www.hashtag.al\/index.php\/wp-json\/wp\/v2\/media\/302969"}],"wp:attachment":[{"href":"https:\/\/www.hashtag.al\/index.php\/wp-json\/wp\/v2\/media?parent=303548"}],"wp:term":[{"taxonomy":"category","embeddable":true,"href":"https:\/\/www.hashtag.al\/index.php\/wp-json\/wp\/v2\/categories?post=303548"},{"taxonomy":"post_tag","embeddable":true,"href":"https:\/\/www.hashtag.al\/index.php\/wp-json\/wp\/v2\/tags?post=303548"}],"curies":[{"name":"wp","href":"https:\/\/api.w.org\/{rel}","templated":true}]}}