{"id":303545,"date":"2019-06-13T09:40:43","date_gmt":"2019-06-13T07:40:43","guid":{"rendered":"https:\/\/hashtag.al\/?p=303545"},"modified":"2019-06-13T10:02:09","modified_gmt":"2019-06-13T08:02:09","slug":"pas-holandes-edhe-zvicra-nis-diskutimin-per-heqjen-e-vizave-per-shqiptaret","status":"publish","type":"post","link":"https:\/\/www.hashtag.al\/index.php\/2019\/06\/13\/pas-holandes-edhe-zvicra-nis-diskutimin-per-heqjen-e-vizave-per-shqiptaret\/","title":{"rendered":"Pas Holand\u00ebs, edhe Zvicra nis diskutimin p\u00ebr heqjen e vizave p\u00ebr shqiptar\u00ebt","gt_translate_keys":[{"key":"rendered","format":"text"}]},"content":{"rendered":"<p><img loading=\"lazy\" decoding=\"async\" class=\"aligncenter size-full wp-image-303546\" src=\"https:\/\/hashtag.al\/wp-content\/uploads\/2019\/06\/bern.jpg\" alt=\"\" width=\"620\" height=\"368\" srcset=\"https:\/\/www.hashtag.al\/wp-content\/uploads\/2019\/06\/bern.jpg 620w, https:\/\/www.hashtag.al\/wp-content\/uploads\/2019\/06\/bern-300x178.jpg 300w\" sizes=\"auto, (max-width: 620px) 100vw, 620px\" \/><\/p>\n<p><span style=\"color: #000000;\">Pas Holand\u00ebs dhe politikan\u00ebt zviceran\u00eb po eksplorojn\u00eb mund\u00ebsin\u00eb e heqjes s\u00eb vizave p\u00ebr shqiptar\u00ebt. Si\u00e7 raportohet nga <span style=\"color: #0000ff;\"><a style=\"color: #0000ff;\" href=\"https:\/\/www.cdt.ch\/svizzera\/politica\/l-olanda-verso-la-reintroduzione-del-visto-per-gli-albanesi-e-la-svizzera-JX1303182\">Corriere Del Ticino,<\/a> <span style=\"color: #000000;\">k<\/span><\/span>\u00ebshilltari komb\u00ebtar nga Kantoni i Ticin\u00ebs, q\u00eb i p\u00ebrket partis\u00eb komb\u00ebtare t\u00eb lig\u00ebs, Lorenzo Quadri, k\u00ebrkoi nj\u00eb interpelanc\u00eb me K\u00ebshillin Federal pasi rikujtoi se parlamenti holandez n\u00eb jav\u00ebt e fundit ka miratuar me shumic\u00eb t\u00eb madhe nj\u00eb mocion p\u00ebr rip\u00ebrt\u00ebritjen e k\u00ebrkes\u00ebs p\u00ebr viza p\u00ebr shtetasit shqiptar\u00eb q\u00eb udh\u00ebtojn\u00eb n\u00eb zon\u00ebn Shengen.<\/span><\/p>\n<p><span style=\"color: #000000;\"><em>\u201cParlamenti holandez \u2013\u00a0shkruan Quadri \u2013\u00a0ka motivuar k\u00ebrkes\u00ebn e tij me rritjen s<span style=\"color: #000000;\">hqet\u00ebsuese t\u00eb krimit, ve\u00e7an\u00ebrisht t\u00eb tipit mafioz, q\u00eb vjen nga Shqip\u00ebria. \u00cbsht\u00eb theksuar se n\u00eb Holand\u00eb jetojn\u00eb gjasht\u00eb her\u00eb m\u00eb shum\u00eb shqiptar\u00eb sesa ato q\u00eb jan\u00eb deklaruar zyrtarisht, dhe se sipas policis\u00eb s\u00eb Roterdamit, mafia shqiptare \u00ebsht\u00eb organizata m\u00eb e dhunshme kriminale n\u00eb at\u00eb qytet gjat\u00eb viteve t\u00eb fundit. <\/span><\/em><\/span><\/p>\n<p><span style=\"color: #000000;\"><em>Nj\u00eb problem tjet\u00ebr i ngritur \u00ebsht\u00eb emigracioni i paligjsh\u00ebm i shtetasve shqiptar\u00eb n\u00eb Holand\u00eb, ve\u00e7an\u00ebrisht meshkujt e rinj. K\u00ebrkesa e Holand\u00ebs n\u00eb Komisionin Evropian gjithashtu ndikon Zvicr\u00ebn, pasi vendi yn\u00eb ka n\u00ebnshkruar marr\u00ebveshjet e Shengenit\u201d<\/em>,\u00a0thot\u00eb teksti i k\u00ebrkes\u00ebs p\u00ebr interpelanc\u00eb, e cila k\u00ebrkon nga Ekzekutivi q\u00eb Zvicra t\u00eb mb\u00ebshtes\u00eb k\u00ebrkes\u00ebn holandeze dhe t\u00eb pyetet se si \u00ebsht\u00eb gjendja n\u00eb Zvic\u00ebr sa i p\u00ebrket krimit shqiptar, dhe n\u00eb ve\u00e7anti mafias.<\/span><\/p>\n<p><span style=\"color: #000000;\">Nd\u00ebrkoh\u00eb shtypi francez po tregon gjithashtu shp\u00ebrthimin e k\u00ebrkesave p\u00ebr azil nga qytetar\u00ebt shqiptar\u00eb. Sipas Le Figaro, k\u00ebrkesat e azilk\u00ebrkuesve shqiptar\u00eb jan\u00eb n\u00eb rritje gjat\u00eb vitit 2019, me 32%, duke i renditur ato n\u00eb t\u00eb nj\u00ebjtin grup me haitian\u00ebt, malian\u00ebt, gjeorgjian\u00ebt dhe guineasit.<strong>\/Hashtag.al<\/strong><\/span><\/p>\n<p><img loading=\"lazy\" decoding=\"async\" class=\"aligncenter size-full wp-image-303556\" src=\"https:\/\/hashtag.al\/wp-content\/uploads\/2019\/06\/zvicer.jpg\" alt=\"\" width=\"960\" height=\"640\" srcset=\"https:\/\/www.hashtag.al\/wp-content\/uploads\/2019\/06\/zvicer.jpg 960w, https:\/\/www.hashtag.al\/wp-content\/uploads\/2019\/06\/zvicer-300x200.jpg 300w, https:\/\/www.hashtag.al\/wp-content\/uploads\/2019\/06\/zvicer-768x512.jpg 768w\" sizes=\"auto, (max-width: 960px) 100vw, 960px\" \/><\/p>\n","protected":false,"gt_translate_keys":[{"key":"rendered","format":"html"}]},"excerpt":{"rendered":"<p>Pas Holand\u00ebs dhe politikan\u00ebt zviceran\u00eb po eksplorojn\u00eb mund\u00ebsin\u00eb e heqjes s\u00eb vizave p\u00ebr shqiptar\u00ebt. Si\u00e7 raportohet nga Corriere Del Ticino, k\u00ebshilltari komb\u00ebtar nga Kantoni i Ticin\u00ebs, q\u00eb i p\u00ebrket partis\u00eb komb\u00ebtare t\u00eb lig\u00ebs, Lorenzo Quadri, k\u00ebrkoi nj\u00eb interpelanc\u00eb me K\u00ebshillin Federal pasi rikujtoi se parlamenti holandez n\u00eb jav\u00ebt e fundit ka miratuar me shumic\u00eb t\u00eb [&hellip;]<\/p>\n","protected":false,"gt_translate_keys":[{"key":"rendered","format":"html"}]},"author":30,"featured_media":303546,"comment_status":"open","ping_status":"open","sticky":false,"template":"","format":"standard","meta":{"footnotes":""},"categories":[22,65],"tags":[],"class_list":["post-303545","post","type-post","status-publish","format-standard","has-post-thumbnail","hentry","category-ballina","category-lajme"],"gt_translate_keys":[{"key":"link","format":"url"}],"_links":{"self":[{"href":"https:\/\/www.hashtag.al\/index.php\/wp-json\/wp\/v2\/posts\/303545","targetHints":{"allow":["GET"]}}],"collection":[{"href":"https:\/\/www.hashtag.al\/index.php\/wp-json\/wp\/v2\/posts"}],"about":[{"href":"https:\/\/www.hashtag.al\/index.php\/wp-json\/wp\/v2\/types\/post"}],"author":[{"embeddable":true,"href":"https:\/\/www.hashtag.al\/index.php\/wp-json\/wp\/v2\/users\/30"}],"replies":[{"embeddable":true,"href":"https:\/\/www.hashtag.al\/index.php\/wp-json\/wp\/v2\/comments?post=303545"}],"version-history":[{"count":0,"href":"https:\/\/www.hashtag.al\/index.php\/wp-json\/wp\/v2\/posts\/303545\/revisions"}],"wp:featuredmedia":[{"embeddable":true,"href":"https:\/\/www.hashtag.al\/index.php\/wp-json\/wp\/v2\/media\/303546"}],"wp:attachment":[{"href":"https:\/\/www.hashtag.al\/index.php\/wp-json\/wp\/v2\/media?parent=303545"}],"wp:term":[{"taxonomy":"category","embeddable":true,"href":"https:\/\/www.hashtag.al\/index.php\/wp-json\/wp\/v2\/categories?post=303545"},{"taxonomy":"post_tag","embeddable":true,"href":"https:\/\/www.hashtag.al\/index.php\/wp-json\/wp\/v2\/tags?post=303545"}],"curies":[{"name":"wp","href":"https:\/\/api.w.org\/{rel}","templated":true}]}}