{"id":303469,"date":"2019-06-12T21:30:26","date_gmt":"2019-06-12T19:30:26","guid":{"rendered":"https:\/\/hashtag.al\/?p=303469"},"modified":"2019-06-12T21:30:26","modified_gmt":"2019-06-12T19:30:26","slug":"bylykbashi-nxjerr-vendimin-e-gjykates-se-larte-ne-2003-dekreti-ankohet-vetem-ne-kushtetuese","status":"publish","type":"post","link":"https:\/\/www.hashtag.al\/index.php\/2019\/06\/12\/bylykbashi-nxjerr-vendimin-e-gjykates-se-larte-ne-2003-dekreti-ankohet-vetem-ne-kushtetuese\/","title":{"rendered":"Bylykbashi nxjerr vendimin e Gjykat\u00ebs s\u00eb Lart\u00eb n\u00eb 2003: Dekreti ankohet vet\u00ebm n\u00eb Kushtetuese","gt_translate_keys":[{"key":"rendered","format":"text"}]},"content":{"rendered":"<p><img loading=\"lazy\" decoding=\"async\" class=\"aligncenter size-full wp-image-280024\" src=\"https:\/\/hashtag.al\/wp-content\/uploads\/2019\/03\/oered-bylykbashi.jpg\" alt=\"\" width=\"1009\" height=\"564\" srcset=\"https:\/\/www.hashtag.al\/wp-content\/uploads\/2019\/03\/oered-bylykbashi.jpg 1009w, https:\/\/www.hashtag.al\/wp-content\/uploads\/2019\/03\/oered-bylykbashi-300x168.jpg 300w, https:\/\/www.hashtag.al\/wp-content\/uploads\/2019\/03\/oered-bylykbashi-768x429.jpg 768w\" sizes=\"auto, (max-width: 1009px) 100vw, 1009px\" \/><\/p>\n<p><span style=\"color: #000000;\">Ish-deputeti i Partis\u00eb Demokratike Oerd Bylykbashi ka publikuar nj\u00eb vendim t\u00eb Gjykat\u00ebs s\u00eb Lart\u00eb e cila shprehej n\u00eb at\u00eb koh\u00eb se Dekreti mund t\u00eb ankohet vet\u00ebm n\u00eb Gjykat\u00ebn Kushtetuese.<\/span><\/p>\n<p><span style=\"color: #000000;\">Sipas Bylykbashit ky vendim duhet t\u00eb merret parasysh n\u00eb debatin se cilit organ i takon q\u00eb t\u00eb gjykoj\u00eb dekretin e Met\u00ebs p\u00ebr anulimin e zgjedhjeve t\u00eb 30 qershorit.<\/span><\/p>\n<p><span style=\"color: #000000;\"><em>\u201cP\u00ebrgjigjja e vendimit unifikues t\u00eb Gjykat\u00ebs s\u00eb Lart\u00eb \u00ebsht\u00eb e qart\u00eb dhe shteruese: Dekreti i Presidentit nuk \u00ebsht\u00eb akt administrativ por \u00ebsht\u00eb AKT ME NATYRE JURIDIKO-KUSHTETUESE. \u200eAi nxirret nga organi m\u00eb i lart\u00eb n\u00eb ushtrim t\u00eb kompetencave kushtetuese.<\/em><\/span><\/p>\n<p><span style=\"color: #000000;\"><em>Gjykata e Lart\u00eb urdh\u00ebron t\u00eb gjitha gjykatat e tjera posht\u00eb saj se &#8220;Dekretet e Presidentit t\u00eb Republik\u00ebs t\u00eb nxjerra n\u00eb baz\u00eb t\u00eb kompetencave t\u00eb tij kushtetuese nuk i n\u00ebnshtrohen shqyrtimit gjyq\u00ebsor sepse vet\u00eb Kushtetuta e ka p\u00ebrjashtuar k\u00ebt\u00eb mund\u00ebsi.&#8221; Pik\u00eb!\u201d-<\/em>shkruan Bylykbashi n\u00eb Facebook.<\/span><\/p>\n<p><span style=\"color: #000000;\"><strong>Postimi i plot\u00eb:<\/strong><\/span><\/p>\n<p><span style=\"color: #000000;\">Gjykata e Larte 2003:<\/span><br \/>\n<span style=\"color: #000000;\">Dekreti ankohet vet\u00ebm ne Gjykate Kushtetuese<\/span><\/p>\n<p><span style=\"color: #000000;\">Edi Rama po kerkon te gjeje \u200enje gjykate apo dicka te ngjashme qe t&#8217;i anuloje dekretin. Po ben forum-shopping, apo pazar ne shqip, qe te gjeje se cila gjykate ia mbyll hallin. Gjykate Kushtetuese nuk ka, sepse e vrau vete. Denglat se kjo mungese na paska qene nje e keqe e domosdoshme e menduar me heret, i jane perplasur ne fytyre tani qe kjo gjykate i duhet.\u200e<\/span><\/p>\n<p><span style=\"color: #000000;\">Rama po kerkon konfliktin me 30 qershor me cdo kusht. Sepse ate dite ai do te perdore dhunen e shtetit dhe te bandave.<\/span><\/p>\n<p><span style=\"color: #000000;\">Per kete i dha urdher marionetave te tij ne KQZ qe te shpallin nul dekretin e Presidentit. \u200eAtyre qe me telefon i beri te braktisin detyren ne 2013, apo qe te thone se me akt normativ mund te ndryshohet edhe Kushtetuta e beri kete qe ata te vazhdojne pregatitjet e paligjeshme duke i bere fakt te kryer. Ne fakt ata po bejne gati dosjen e tyre penale.<\/span><\/p>\n<p><span style=\"color: #000000;\">Disa i thone Rames te shkoje ne Kolegj Zgjedhor, por Kolegji Zgjedhor nuk ka kompetence te tille. Fare, zero!<\/span><\/p>\n<p><span style=\"color: #000000;\">Te tjere i thone qe ta mbylle kete hall ne gjykaten administrative. Se gjoja dekreti i Presidentit qenka akt administrativ. Cfare cudirash do te degjojme! Madje citojne nje vendim procedural te Kolegjit te Gjykates Kushtetuese me vetem tre antare qe paska thene dicka te tille. Se pari ai eshte vendim joperfundimtar sepse Gjykata Kushtetuese vendos ne meyre perfundimtare me se paku 5 vota ne prani te jo me pak se 6 antareve. Tre antare nuk vendosin ceshtje ne themel, pra nuk eshte gjykuar kushtetutshmeria e dekretit qe shtyu zgjedhjet ne 2017. Gjykata atehere e bente te qarte qe ceshtjet e ngritura nuk ishin kushtetuese ndaj ajo nuk mund te shprehej.<\/span><\/p>\n<p><span style=\"color: #000000;\">Per ata qe thone se dekreti i Presidentit te Republikes na qenka akt administrativ, madje akt individual le ta sqarojme, dhe ben vaki e kupton edhe KQZ:<\/span><\/p>\n<p><span style=\"color: #000000;\">Dekreti per daten e zgjedhjeve rregullon te drejta dhe mardhenie per rreth 3,5 milione zgjedhes, 120 partite politike dhe kandidatet e tyre, KQZ, 90 KZAZ, rreth 5300 KQV me rreth 40.000 komisionere, 61 bashki qe pregatisin lista zgjedhesish dhe infrastrukture, \u200enje numer te madh institucionesh shteterore qe kane detyrim per te pregatitur infrastrkture apo garantuar ate si Ministria e Brendeshme, e Drejtesise per votuesit ne burgje, Policia e Shtetit per masat qe duhet te marre si dhe te gjitha institucionet e tjera qe kane detyrimin te mos bejne veprime qe cenojne zgjedhjet.<\/span><\/p>\n<p><span style=\"color: #000000;\">Dekreti i presidentit, vetem ai, ve te gjithe kete proces ne levizje. \u200eTe thuash qe ky eshte akt administrativ, madje qe na qenka akt administrativ individual, ose ke hall qe t&#8217;i sherbesh Edi Rames, ose nuk ke kuptuar gje.<\/span><\/p>\n<p><span style=\"color: #000000;\">Po le ta mbyllim kete debat, sepse e ka mbyllur Gjykata e Larte me kohe: Vendimi Unifikues nr. 3, date 30.04.2003 i\u200e Gjykates se Larte. Ky vendim unifikes ka fuqi detyruese per te gjitha gjykatat e shkalles se pare dhe apelit, civile, administrative apo Kolegj Zgjedhor. Per TE GJITHA!<\/span><\/p>\n<p><span style=\"color: #000000;\">Ky vendim unifikues \u200eka marre ne shqyrtim NATYREN e dekretit te presidentit, pra a eshte dekreti akt administrativ apo jo dhe a mundet te goditet ne gjykate dekreti.<\/span><\/p>\n<p><span style=\"color: #000000;\">Pergjigja e vendimit unifikues te Gjykates se Larte eshte e qarte dhe shteruese: Dekreti i Presidentit NUK eshte akt administrativ por eshte AKT ME NATYRE JURIDIKO-KUSHTETUESE. \u200eAi. Nxirret nga organi me i larte ne ushtrim te kompetencave kushtetuese.<\/span><\/p>\n<p><span style=\"color: #000000;\">Gjykata e Larte urdheron te gjitha gjykatat e tjera poshte saj se &#8220;Dekretet e Presidentit te Republikes te nxjerra ne baze te kompetencave te tij kushtetuese nuk i nenshtrohen shqyrtimit gjyqesor sepse vete Kushtetuta e ka perjashtuar kete mundesi.&#8221; Pike!<\/span><\/p>\n<p><span style=\"color: #000000;\">Sipas Gjykates se Larte , nuk mund te goditet ne gjykate as edhe nje dekret individual me te cilin Presidenti emeron apo shkarkon nje zyrtar, e aq me pak nje dekret qe rregullon miliona te drejta e detyrime individuale pergjate nje procesi pregatitor zgjedhor apo edhe ne diten e zgjedhjeve.<\/span><\/p>\n<p><span style=\"color: #000000;\">Pra Gjykata e Larte ia ka prere nje here e mire rrugen Kryeministrit qe te shkoje ne gjykata te zakonshme apo administrative. Me kete vendim, KQZ e cila nuk eshte gjykate, jo vete ka bere nje sharlatanizem, por te kater antaret socialiste kane kryer veper penale!<\/span><\/p>\n<p><span style=\"color: #000000;\">Sa kohe nuk ka Gjykate Kushtetuese qe te gjykoje kushtetutshmerine e dekretit, Edi Rama nuk ka asnje rruge tjeter: si Kryeminister, ka detyrimin kushtetues t&#8217;i bindet dekretit te Presidentit. Ai dekret per zgjedhjet vendore as del me propozim te Kryeministrit, as Kushtetuta nuk e lidh me nje ligj nxjerrjen e tij (lexojeni me kujdes neni 92 dhe nenin 109)\u200e dhe as ka Kryeministri te drejte te kunderfirmoje dekretet e Presidentit. Thjesht ai nuk ka asnje ze ne ate kapitull! Sa keq per Kryeministrin!<\/span><\/p>\n<p><span style=\"color: #000000;\">Si kryetar partie, zeri i tij vlen po aq sa zeri i kryetarit te partise me te vogel ne koalicionin e tij. Thjesht si subjekt zgjedhor i barabarte.<\/span><\/p>\n<p><span style=\"color: #000000;\">Mosrespektimi Kushtetutes, i dekretit te presidentit\u200e, vendimit unifikues te Gjykates se Larte, parimeve te shkelura kushtetuese per zgjedhje te lira e te ndershme, provokimi i konfliktit dhe cenimi i rendit publik nga Kryeministri, kane vetem nje emer: GRUSHT SHTETI! Dhe ky eshte krim i rende.<\/span><\/p>\n<p><span style=\"color: #000000;\">Ndaj ta mbyllim kete debat shterpe nese Dekreti eshte akt administrativ apo jo dhe ne cilen gjykate goditet. Problemi real eshte Kryeministri qe nuk ka bere asgje per te garantuar zgjedhjet demokratike, por ka bere kontratat e reja me krimin e organizuar te shkembimit te tenderave me vota\u200e. Problemi real jane ato fakte te tmerrshme qe Bild dhe Zeri i Amerikes nxoren ne shesh pa lejen e Arta Markut.<\/span><\/p>\n<p><img loading=\"lazy\" decoding=\"async\" class=\"aligncenter size-full wp-image-303475\" src=\"https:\/\/hashtag.al\/wp-content\/uploads\/2019\/06\/64643028_10219334664306817_3046685092081565696_n.jpg\" alt=\"\" width=\"720\" height=\"960\" srcset=\"https:\/\/www.hashtag.al\/wp-content\/uploads\/2019\/06\/64643028_10219334664306817_3046685092081565696_n.jpg 720w, https:\/\/www.hashtag.al\/wp-content\/uploads\/2019\/06\/64643028_10219334664306817_3046685092081565696_n-225x300.jpg 225w\" sizes=\"auto, (max-width: 720px) 100vw, 720px\" \/> <img loading=\"lazy\" decoding=\"async\" class=\"aligncenter size-full wp-image-303474\" src=\"https:\/\/hashtag.al\/wp-content\/uploads\/2019\/06\/64286154_10219334665186839_2495890750806425600_n.jpg\" alt=\"\" width=\"720\" height=\"960\" srcset=\"https:\/\/www.hashtag.al\/wp-content\/uploads\/2019\/06\/64286154_10219334665186839_2495890750806425600_n.jpg 720w, https:\/\/www.hashtag.al\/wp-content\/uploads\/2019\/06\/64286154_10219334665186839_2495890750806425600_n-225x300.jpg 225w\" sizes=\"auto, (max-width: 720px) 100vw, 720px\" \/> <img loading=\"lazy\" decoding=\"async\" class=\"aligncenter size-full wp-image-303473\" src=\"https:\/\/hashtag.al\/wp-content\/uploads\/2019\/06\/62516257_10219334666666876_1712995629531136000_n.jpg\" alt=\"\" width=\"720\" height=\"960\" srcset=\"https:\/\/www.hashtag.al\/wp-content\/uploads\/2019\/06\/62516257_10219334666666876_1712995629531136000_n.jpg 720w, https:\/\/www.hashtag.al\/wp-content\/uploads\/2019\/06\/62516257_10219334666666876_1712995629531136000_n-225x300.jpg 225w\" sizes=\"auto, (max-width: 720px) 100vw, 720px\" \/> <img loading=\"lazy\" decoding=\"async\" class=\"aligncenter size-full wp-image-303472\" src=\"https:\/\/hashtag.al\/wp-content\/uploads\/2019\/06\/62513141_10219334666066861_6591867466043883520_n.jpg\" alt=\"\" width=\"720\" height=\"960\" srcset=\"https:\/\/www.hashtag.al\/wp-content\/uploads\/2019\/06\/62513141_10219334666066861_6591867466043883520_n.jpg 720w, https:\/\/www.hashtag.al\/wp-content\/uploads\/2019\/06\/62513141_10219334666066861_6591867466043883520_n-225x300.jpg 225w\" sizes=\"auto, (max-width: 720px) 100vw, 720px\" \/> <img loading=\"lazy\" decoding=\"async\" class=\"aligncenter size-full wp-image-303471\" src=\"https:\/\/hashtag.al\/wp-content\/uploads\/2019\/06\/62474593_10219334666186864_3804032931836461056_n.jpg\" alt=\"\" width=\"720\" height=\"960\" srcset=\"https:\/\/www.hashtag.al\/wp-content\/uploads\/2019\/06\/62474593_10219334666186864_3804032931836461056_n.jpg 720w, https:\/\/www.hashtag.al\/wp-content\/uploads\/2019\/06\/62474593_10219334666186864_3804032931836461056_n-225x300.jpg 225w\" sizes=\"auto, (max-width: 720px) 100vw, 720px\" \/> <img loading=\"lazy\" decoding=\"async\" class=\"aligncenter size-full wp-image-303470\" src=\"https:\/\/hashtag.al\/wp-content\/uploads\/2019\/06\/62407149_10219334665546848_3402027519099011072_n.jpg\" alt=\"\" width=\"720\" height=\"960\" srcset=\"https:\/\/www.hashtag.al\/wp-content\/uploads\/2019\/06\/62407149_10219334665546848_3402027519099011072_n.jpg 720w, https:\/\/www.hashtag.al\/wp-content\/uploads\/2019\/06\/62407149_10219334665546848_3402027519099011072_n-225x300.jpg 225w\" sizes=\"auto, (max-width: 720px) 100vw, 720px\" \/><\/p>\n","protected":false,"gt_translate_keys":[{"key":"rendered","format":"html"}]},"excerpt":{"rendered":"<p>Ish-deputeti i Partis\u00eb Demokratike Oerd Bylykbashi ka publikuar nj\u00eb vendim t\u00eb Gjykat\u00ebs s\u00eb Lart\u00eb e cila shprehej n\u00eb at\u00eb koh\u00eb se Dekreti mund t\u00eb ankohet vet\u00ebm n\u00eb Gjykat\u00ebn Kushtetuese. Sipas Bylykbashit ky vendim duhet t\u00eb merret parasysh n\u00eb debatin se cilit organ i takon q\u00eb t\u00eb gjykoj\u00eb dekretin e Met\u00ebs p\u00ebr anulimin e zgjedhjeve t\u00eb [&hellip;]<\/p>\n","protected":false,"gt_translate_keys":[{"key":"rendered","format":"html"}]},"author":32,"featured_media":280024,"comment_status":"open","ping_status":"open","sticky":false,"template":"","format":"standard","meta":{"footnotes":""},"categories":[65,13],"tags":[],"class_list":["post-303469","post","type-post","status-publish","format-standard","has-post-thumbnail","hentry","category-lajme","category-te-fundit"],"gt_translate_keys":[{"key":"link","format":"url"}],"_links":{"self":[{"href":"https:\/\/www.hashtag.al\/index.php\/wp-json\/wp\/v2\/posts\/303469","targetHints":{"allow":["GET"]}}],"collection":[{"href":"https:\/\/www.hashtag.al\/index.php\/wp-json\/wp\/v2\/posts"}],"about":[{"href":"https:\/\/www.hashtag.al\/index.php\/wp-json\/wp\/v2\/types\/post"}],"author":[{"embeddable":true,"href":"https:\/\/www.hashtag.al\/index.php\/wp-json\/wp\/v2\/users\/32"}],"replies":[{"embeddable":true,"href":"https:\/\/www.hashtag.al\/index.php\/wp-json\/wp\/v2\/comments?post=303469"}],"version-history":[{"count":0,"href":"https:\/\/www.hashtag.al\/index.php\/wp-json\/wp\/v2\/posts\/303469\/revisions"}],"wp:featuredmedia":[{"embeddable":true,"href":"https:\/\/www.hashtag.al\/index.php\/wp-json\/wp\/v2\/media\/280024"}],"wp:attachment":[{"href":"https:\/\/www.hashtag.al\/index.php\/wp-json\/wp\/v2\/media?parent=303469"}],"wp:term":[{"taxonomy":"category","embeddable":true,"href":"https:\/\/www.hashtag.al\/index.php\/wp-json\/wp\/v2\/categories?post=303469"},{"taxonomy":"post_tag","embeddable":true,"href":"https:\/\/www.hashtag.al\/index.php\/wp-json\/wp\/v2\/tags?post=303469"}],"curies":[{"name":"wp","href":"https:\/\/api.w.org\/{rel}","templated":true}]}}