{"id":303340,"date":"2019-06-12T09:59:26","date_gmt":"2019-06-12T07:59:26","guid":{"rendered":"https:\/\/hashtag.al\/?p=303340"},"modified":"2019-06-12T10:04:13","modified_gmt":"2019-06-12T08:04:13","slug":"meta-nis-konsultimet-me-partite-politike-per-daten-e-zgjedhjeve-lokale","status":"publish","type":"post","link":"https:\/\/www.hashtag.al\/index.php\/2019\/06\/12\/meta-nis-konsultimet-me-partite-politike-per-daten-e-zgjedhjeve-lokale\/","title":{"rendered":"Meta nis konsultimet me partit\u00eb politike p\u00ebr dat\u00ebn e zgjedhjeve lokale","gt_translate_keys":[{"key":"rendered","format":"text"}]},"content":{"rendered":"<p><span style=\"color: #000000;\"><img loading=\"lazy\" decoding=\"async\" class=\"aligncenter size-full wp-image-303342\" src=\"https:\/\/hashtag.al\/wp-content\/uploads\/2019\/06\/Metagqd12qershor.jpg1_.jpg\" alt=\"\" width=\"1280\" height=\"853\" srcset=\"https:\/\/www.hashtag.al\/wp-content\/uploads\/2019\/06\/Metagqd12qershor.jpg1_.jpg 1280w, https:\/\/www.hashtag.al\/wp-content\/uploads\/2019\/06\/Metagqd12qershor.jpg1_-300x200.jpg 300w, https:\/\/www.hashtag.al\/wp-content\/uploads\/2019\/06\/Metagqd12qershor.jpg1_-768x512.jpg 768w, https:\/\/www.hashtag.al\/wp-content\/uploads\/2019\/06\/Metagqd12qershor.jpg1_-1024x682.jpg 1024w\" sizes=\"auto, (max-width: 1280px) 100vw, 1280px\" \/><\/span><\/p>\n<p><span style=\"color: #000000;\">Presidenti Meta do nis\u00eb sot konsultimet me partit\u00eb politike lidhur me kriz\u00ebn n\u00eb vend. <\/span><\/p>\n<p><span style=\"color: #000000;\">Takimet pritet t\u00eb nisin sot, 2 dit\u00eb pasi kreu i shtetit firmosi shtyrjen e zgjedhjeve lokale t\u00eb 30 qershorit dhe pas vendimit t\u00eb mazhoranc\u00ebs p\u00ebr nisjen e procedurave p\u00ebr shkarkimin e tij. <\/span><\/p>\n<p><span style=\"color: #000000;\">Konsultimet kan\u00eb t\u00eb b\u00ebjn\u00eb me caktimin e dat\u00ebs s\u00eb zgjedhjeve lokale. Takimi i par\u00eb pritet t\u00eb zhvillohet n\u00eb or\u00ebn 19:00 me Grupimin e Qendr\u00ebs s\u00eb Djatht\u00eb ku b\u00ebjn\u00eb pjes\u00eb Partia Republikane, Partia Bashkimi p\u00ebr t\u00eb Drejtat e Njeriut, Partia Agrare Ambientaliste, Partia Demokristiane dhe L\u00ebvizja p\u00ebr Zhvillim Komb\u00ebtar.<\/span><\/p>\n<p><span style=\"color: #000000;\"> Kan\u00eb qen\u00eb p\u00ebrfaq\u00ebsuesit e k\u00ebtij grupimi q\u00eb pak dit\u00eb m\u00eb par\u00eb kan\u00eb k\u00ebrkuar takim me presidentin dhe nd\u00ebrhyrjen e tij p\u00ebr zgjidhjen e kriz\u00ebs politike. <\/span><\/p>\n<p><span style=\"color: #000000;\">N\u00eb konferenc\u00ebn p\u00ebr shtyp p\u00ebr mediat dit\u00ebn e djeshme, presidenti Meta shpjegoi t\u00eb gjitha argumentet q\u00eb e kishin \u00e7uar t\u00eb firmoste shtyrjen e zgjedhjeve lokale. <\/span><\/p>\n<p><span style=\"color: #000000;\">Ai tha se vendi ka nevoj\u00eb p\u00ebr zgjedhje dhe jo p\u00ebr votime. Nd\u00ebrsa shtyrja e zgjedhjeve ishte nj\u00eb mund\u00ebsi p\u00ebr t\u00eb gjitha pal\u00ebt politike q\u00eb t\u00eb uleshin n\u00eb dialog p\u00ebr t\u00eb zgjidhur kriz\u00ebn e thell\u00eb ku ndodhet vendi.<\/span><\/p>\n<p><span style=\"color: #000000;\"><em><strong>\/ Hashtag.al<\/strong><\/em><\/span><\/p>\n","protected":false,"gt_translate_keys":[{"key":"rendered","format":"html"}]},"excerpt":{"rendered":"<p>Presidenti Meta do nis\u00eb sot konsultimet me partit\u00eb politike lidhur me kriz\u00ebn n\u00eb vend. Takimet pritet t\u00eb nisin sot, 2 dit\u00eb pasi kreu i shtetit firmosi shtyrjen e zgjedhjeve lokale t\u00eb 30 qershorit dhe pas vendimit t\u00eb mazhoranc\u00ebs p\u00ebr nisjen e procedurave p\u00ebr shkarkimin e tij. Konsultimet kan\u00eb t\u00eb b\u00ebjn\u00eb me caktimin e dat\u00ebs s\u00eb [&hellip;]<\/p>\n","protected":false,"gt_translate_keys":[{"key":"rendered","format":"html"}]},"author":51,"featured_media":303342,"comment_status":"open","ping_status":"open","sticky":false,"template":"","format":"standard","meta":{"footnotes":""},"categories":[22,65,13],"tags":[],"class_list":["post-303340","post","type-post","status-publish","format-standard","has-post-thumbnail","hentry","category-ballina","category-lajme","category-te-fundit"],"gt_translate_keys":[{"key":"link","format":"url"}],"_links":{"self":[{"href":"https:\/\/www.hashtag.al\/index.php\/wp-json\/wp\/v2\/posts\/303340","targetHints":{"allow":["GET"]}}],"collection":[{"href":"https:\/\/www.hashtag.al\/index.php\/wp-json\/wp\/v2\/posts"}],"about":[{"href":"https:\/\/www.hashtag.al\/index.php\/wp-json\/wp\/v2\/types\/post"}],"author":[{"embeddable":true,"href":"https:\/\/www.hashtag.al\/index.php\/wp-json\/wp\/v2\/users\/51"}],"replies":[{"embeddable":true,"href":"https:\/\/www.hashtag.al\/index.php\/wp-json\/wp\/v2\/comments?post=303340"}],"version-history":[{"count":0,"href":"https:\/\/www.hashtag.al\/index.php\/wp-json\/wp\/v2\/posts\/303340\/revisions"}],"wp:featuredmedia":[{"embeddable":true,"href":"https:\/\/www.hashtag.al\/index.php\/wp-json\/wp\/v2\/media\/303342"}],"wp:attachment":[{"href":"https:\/\/www.hashtag.al\/index.php\/wp-json\/wp\/v2\/media?parent=303340"}],"wp:term":[{"taxonomy":"category","embeddable":true,"href":"https:\/\/www.hashtag.al\/index.php\/wp-json\/wp\/v2\/categories?post=303340"},{"taxonomy":"post_tag","embeddable":true,"href":"https:\/\/www.hashtag.al\/index.php\/wp-json\/wp\/v2\/tags?post=303340"}],"curies":[{"name":"wp","href":"https:\/\/api.w.org\/{rel}","templated":true}]}}