{"id":303298,"date":"2019-06-12T07:51:37","date_gmt":"2019-06-12T05:51:37","guid":{"rendered":"https:\/\/hashtag.al\/?p=303298"},"modified":"2019-06-12T10:21:41","modified_gmt":"2019-06-12T08:21:41","slug":"plasin-memet-ne-rrjet-pas-gafes-se-juncker-foto","status":"publish","type":"post","link":"https:\/\/www.hashtag.al\/index.php\/2019\/06\/12\/plasin-memet-ne-rrjet-pas-gafes-se-juncker-foto\/","title":{"rendered":"Ngat\u00ebrron muajin e zgjedhjeve dhe puth Ram\u00ebn, plasin memet n\u00eb rrjet p\u00ebr Juncker (FOTO)","gt_translate_keys":[{"key":"rendered","format":"text"}]},"content":{"rendered":"<p><span style=\"color: #000000;\"><img loading=\"lazy\" decoding=\"async\" class=\"aligncenter size-full wp-image-303307\" src=\"https:\/\/hashtag.al\/wp-content\/uploads\/2019\/06\/rama-juncker-1.jpg\" alt=\"\" width=\"2000\" height=\"863\" srcset=\"https:\/\/www.hashtag.al\/wp-content\/uploads\/2019\/06\/rama-juncker-1.jpg 2000w, https:\/\/www.hashtag.al\/wp-content\/uploads\/2019\/06\/rama-juncker-1-300x129.jpg 300w, https:\/\/www.hashtag.al\/wp-content\/uploads\/2019\/06\/rama-juncker-1-768x331.jpg 768w, https:\/\/www.hashtag.al\/wp-content\/uploads\/2019\/06\/rama-juncker-1-1024x442.jpg 1024w\" sizes=\"auto, (max-width: 2000px) 100vw, 2000px\" \/><\/span><\/p>\n<p><span style=\"color: #000000;\">Presidenti i KE-s\u00eb \u00ebsht\u00eb i njohur jo vet\u00ebm p\u00ebr shkak t\u00eb postit t\u00eb tij por edhe p\u00ebr shkak t\u00eb gafave q\u00eb b\u00ebn n\u00ebp\u00ebr takime dhe evente zyrtare.<\/span><\/p>\n<p><span style=\"color: #000000;\">Her\u00eb komentohet si i s\u00ebmur\u00eb e her\u00eb si i pir\u00eb, nj\u00eb her\u00eb tjet\u00ebr desh i vuri flak\u00ebn Zonj\u00ebs s\u00eb par\u00eb t\u00eb Ruand\u00ebs.<\/span><\/p>\n<p><span style=\"color: #000000;\">K\u00ebshtu edhe gjat\u00eb takimit t\u00eb djesh\u00ebm me kryeministrin Edi Rama n\u00eb Bruksel nuk kishte s&#8217;i t&#8217;i shp\u00ebtonte nj\u00eb tjet\u00ebr gafe.<\/span><\/p>\n<p><span style=\"color: #000000;\">Nd\u00ebrsa po thoshte se zgjedhjet jan\u00eb vendosur p\u00ebr n\u00eb qershor dhe duhet t\u00eb mbahen po at\u00eb muaj, Juncker tha n\u00eb prill, por u detyrua t\u00eb sqarohej pas korigjimit t\u00eb kryeministrit Rama.<\/span><\/p>\n<p><span style=\"color: #000000;\"><em>&#8220;Do t\u00eb mbahen zgjedhjet n\u00eb Shqip\u00ebri, n\u00eb fund t\u00eb muajit\u2026prill. (Qershor e korrigjon Rama). Po, dometh\u00ebn\u00eb, n\u00eb muajin e fundit pas muajit t\u00eb fundit\u2026 Ah, po qershor, k\u00ebto zgjedhje duhet t\u00eb mbahen, dhe shqiptar\u00ebt duhet t\u00eb votojn\u00eb.&#8221;<\/em>, tha ai duke u munduar p\u00ebr t\u00eb tejkaluar situat\u00ebn.<\/span><\/p>\n<p><span style=\"color: #000000;\">Kaq mjaftoi q\u00eb rrjeti t\u00eb mbushej me meme dhe presidenti n\u00eb largim i KE-s\u00eb t\u00eb akuzohet se kishte pir\u00eb.<\/span><\/p>\n<p><span style=\"color: #000000;\">N\u00eb fund t\u00eb konferenc\u00ebs s\u00eb p\u00ebrbashk\u00ebt p\u00ebr mediat, n\u00eb vend t\u00eb shtr\u00ebngonin duart, Juncker i \u00ebsht\u00eb afruar Ram\u00ebs p\u00ebr ta puthur.<\/span><\/p>\n<p><span style=\"color: #000000;\"><img loading=\"lazy\" decoding=\"async\" class=\"aligncenter size-full wp-image-303299\" src=\"https:\/\/hashtag.al\/wp-content\/uploads\/2019\/06\/juncker-3.jpg\" alt=\"\" width=\"900\" height=\"450\" srcset=\"https:\/\/www.hashtag.al\/wp-content\/uploads\/2019\/06\/juncker-3.jpg 900w, https:\/\/www.hashtag.al\/wp-content\/uploads\/2019\/06\/juncker-3-300x150.jpg 300w, https:\/\/www.hashtag.al\/wp-content\/uploads\/2019\/06\/juncker-3-768x384.jpg 768w\" sizes=\"auto, (max-width: 900px) 100vw, 900px\" \/> <img loading=\"lazy\" decoding=\"async\" class=\"aligncenter size-full wp-image-303300\" src=\"https:\/\/hashtag.al\/wp-content\/uploads\/2019\/06\/juncker-6.jpg\" alt=\"\" width=\"900\" height=\"1125\" srcset=\"https:\/\/www.hashtag.al\/wp-content\/uploads\/2019\/06\/juncker-6.jpg 900w, https:\/\/www.hashtag.al\/wp-content\/uploads\/2019\/06\/juncker-6-240x300.jpg 240w, https:\/\/www.hashtag.al\/wp-content\/uploads\/2019\/06\/juncker-6-768x960.jpg 768w, https:\/\/www.hashtag.al\/wp-content\/uploads\/2019\/06\/juncker-6-819x1024.jpg 819w\" sizes=\"auto, (max-width: 900px) 100vw, 900px\" \/> <img loading=\"lazy\" decoding=\"async\" class=\"aligncenter size-full wp-image-303301\" src=\"https:\/\/hashtag.al\/wp-content\/uploads\/2019\/06\/juncker-5.jpg\" alt=\"\" width=\"900\" height=\"522\" srcset=\"https:\/\/www.hashtag.al\/wp-content\/uploads\/2019\/06\/juncker-5.jpg 900w, https:\/\/www.hashtag.al\/wp-content\/uploads\/2019\/06\/juncker-5-300x174.jpg 300w, https:\/\/www.hashtag.al\/wp-content\/uploads\/2019\/06\/juncker-5-768x445.jpg 768w\" sizes=\"auto, (max-width: 900px) 100vw, 900px\" \/> <img loading=\"lazy\" decoding=\"async\" class=\"aligncenter size-full wp-image-303302\" src=\"https:\/\/hashtag.al\/wp-content\/uploads\/2019\/06\/juncker-4.jpg\" alt=\"\" width=\"900\" height=\"866\" srcset=\"https:\/\/www.hashtag.al\/wp-content\/uploads\/2019\/06\/juncker-4.jpg 900w, https:\/\/www.hashtag.al\/wp-content\/uploads\/2019\/06\/juncker-4-300x289.jpg 300w, https:\/\/www.hashtag.al\/wp-content\/uploads\/2019\/06\/juncker-4-768x739.jpg 768w\" sizes=\"auto, (max-width: 900px) 100vw, 900px\" \/> <img loading=\"lazy\" decoding=\"async\" class=\"aligncenter size-full wp-image-303303\" src=\"https:\/\/hashtag.al\/wp-content\/uploads\/2019\/06\/juncker-3.png\" alt=\"\" width=\"900\" height=\"572\" srcset=\"https:\/\/www.hashtag.al\/wp-content\/uploads\/2019\/06\/juncker-3.png 900w, https:\/\/www.hashtag.al\/wp-content\/uploads\/2019\/06\/juncker-3-300x191.png 300w, https:\/\/www.hashtag.al\/wp-content\/uploads\/2019\/06\/juncker-3-768x488.png 768w\" sizes=\"auto, (max-width: 900px) 100vw, 900px\" \/> <img loading=\"lazy\" decoding=\"async\" class=\"aligncenter size-full wp-image-303304\" src=\"https:\/\/hashtag.al\/wp-content\/uploads\/2019\/06\/juncker-2.jpg\" alt=\"\" width=\"900\" height=\"635\" srcset=\"https:\/\/www.hashtag.al\/wp-content\/uploads\/2019\/06\/juncker-2.jpg 900w, https:\/\/www.hashtag.al\/wp-content\/uploads\/2019\/06\/juncker-2-300x212.jpg 300w, https:\/\/www.hashtag.al\/wp-content\/uploads\/2019\/06\/juncker-2-768x542.jpg 768w\" sizes=\"auto, (max-width: 900px) 100vw, 900px\" \/> <img loading=\"lazy\" decoding=\"async\" class=\"aligncenter size-full wp-image-303305\" src=\"https:\/\/hashtag.al\/wp-content\/uploads\/2019\/06\/juncker.jpg\" alt=\"\" width=\"749\" height=\"512\" srcset=\"https:\/\/www.hashtag.al\/wp-content\/uploads\/2019\/06\/juncker.jpg 749w, https:\/\/www.hashtag.al\/wp-content\/uploads\/2019\/06\/juncker-300x205.jpg 300w\" sizes=\"auto, (max-width: 749px) 100vw, 749px\" \/><\/span><\/p>\n","protected":false,"gt_translate_keys":[{"key":"rendered","format":"html"}]},"excerpt":{"rendered":"<p>Presidenti i KE-s\u00eb \u00ebsht\u00eb i njohur jo vet\u00ebm p\u00ebr shkak t\u00eb postit t\u00eb tij por edhe p\u00ebr shkak t\u00eb gafave q\u00eb b\u00ebn n\u00ebp\u00ebr takime dhe evente zyrtare. Her\u00eb komentohet si i s\u00ebmur\u00eb e her\u00eb si i pir\u00eb, nj\u00eb her\u00eb tjet\u00ebr desh i vuri flak\u00ebn Zonj\u00ebs s\u00eb par\u00eb t\u00eb Ruand\u00ebs. K\u00ebshtu edhe gjat\u00eb takimit t\u00eb djesh\u00ebm [&hellip;]<\/p>\n","protected":false,"gt_translate_keys":[{"key":"rendered","format":"html"}]},"author":30,"featured_media":303306,"comment_status":"open","ping_status":"open","sticky":false,"template":"","format":"standard","meta":{"footnotes":""},"categories":[53],"tags":[],"class_list":["post-303298","post","type-post","status-publish","format-standard","has-post-thumbnail","hentry","category-fast-foodi"],"gt_translate_keys":[{"key":"link","format":"url"}],"_links":{"self":[{"href":"https:\/\/www.hashtag.al\/index.php\/wp-json\/wp\/v2\/posts\/303298","targetHints":{"allow":["GET"]}}],"collection":[{"href":"https:\/\/www.hashtag.al\/index.php\/wp-json\/wp\/v2\/posts"}],"about":[{"href":"https:\/\/www.hashtag.al\/index.php\/wp-json\/wp\/v2\/types\/post"}],"author":[{"embeddable":true,"href":"https:\/\/www.hashtag.al\/index.php\/wp-json\/wp\/v2\/users\/30"}],"replies":[{"embeddable":true,"href":"https:\/\/www.hashtag.al\/index.php\/wp-json\/wp\/v2\/comments?post=303298"}],"version-history":[{"count":0,"href":"https:\/\/www.hashtag.al\/index.php\/wp-json\/wp\/v2\/posts\/303298\/revisions"}],"wp:featuredmedia":[{"embeddable":true,"href":"https:\/\/www.hashtag.al\/index.php\/wp-json\/wp\/v2\/media\/303306"}],"wp:attachment":[{"href":"https:\/\/www.hashtag.al\/index.php\/wp-json\/wp\/v2\/media?parent=303298"}],"wp:term":[{"taxonomy":"category","embeddable":true,"href":"https:\/\/www.hashtag.al\/index.php\/wp-json\/wp\/v2\/categories?post=303298"},{"taxonomy":"post_tag","embeddable":true,"href":"https:\/\/www.hashtag.al\/index.php\/wp-json\/wp\/v2\/tags?post=303298"}],"curies":[{"name":"wp","href":"https:\/\/api.w.org\/{rel}","templated":true}]}}