{"id":303274,"date":"2019-06-11T21:27:44","date_gmt":"2019-06-11T19:27:44","guid":{"rendered":"https:\/\/hashtag.al\/?p=303274"},"modified":"2019-06-11T21:27:44","modified_gmt":"2019-06-11T19:27:44","slug":"roli-ne-clirimin-e-kosoves-clintonit-i-akordohet-titulli-urdhri-i-lirise","status":"publish","type":"post","link":"https:\/\/www.hashtag.al\/index.php\/2019\/06\/11\/roli-ne-clirimin-e-kosoves-clintonit-i-akordohet-titulli-urdhri-i-lirise\/","title":{"rendered":"Roli n\u00eb \u00e7lirimin e Kosov\u00ebs, Clintonit i akordohet titulli \u201cUrdhri i Liris\u00eb\u201d","gt_translate_keys":[{"key":"rendered","format":"text"}]},"content":{"rendered":"<p><img loading=\"lazy\" decoding=\"async\" class=\"aligncenter size-full wp-image-303275\" src=\"https:\/\/hashtag.al\/wp-content\/uploads\/2019\/06\/FE80F632-741C-49C0-A775-A23AA4A16F5E_w650_r0_s.jpg\" alt=\"\" width=\"650\" height=\"366\" srcset=\"https:\/\/www.hashtag.al\/wp-content\/uploads\/2019\/06\/FE80F632-741C-49C0-A775-A23AA4A16F5E_w650_r0_s.jpg 650w, https:\/\/www.hashtag.al\/wp-content\/uploads\/2019\/06\/FE80F632-741C-49C0-A775-A23AA4A16F5E_w650_r0_s-300x169.jpg 300w\" sizes=\"auto, (max-width: 650px) 100vw, 650px\" \/><\/p>\n<p><span style=\"color: #000000;\">\u201cKosova meriton t\u00eb jet\u00eb n\u00eb Bashkimin Evropian, n\u00eb NATO dhe n\u00eb \u00e7do organizat\u00eb nd\u00ebrkomb\u00ebtare si vend i lir\u00eb e i pavarur\u201d, ka deklaruar t\u00eb mart\u00ebn n\u00eb Prishtin\u00eb, ish-presidenti amerikan Bill Clinton, raporton Radio Europa e Lir\u00eb.<\/span><\/p>\n<p><span style=\"color: #000000;\">K\u00ebto komente, Clinton i b\u00ebri pas nj\u00eb takimi q\u00eb zhvilloi me presidentin e Kosov\u00ebs, Hashim Tha\u00e7i, i cili i ndau ish-presidentit amerikan \u201cUrdhrin e Liris\u00eb\u201d, p\u00ebr merita t\u00eb ve\u00e7anta.<\/span><\/p>\n<p><span style=\"color: #000000;\">\u201cIsha i lumtur q\u00eb pasardh\u00ebsi im, presidenti George W.Bush njohu Kosov\u00ebn, besoj vet\u00ebm nj\u00eb dit\u00eb pasi ju shpall\u00ebt pavar\u00ebsin\u00eb\u201d, tha Clinton.<\/span><\/p>\n<p><span style=\"color: #000000;\">Clinton tha se ndihej krenar q\u00eb ishte president i SHBA-s\u00eb n\u00eb koh\u00ebn ishte marr\u00eb vendimi p\u00ebr nd\u00ebrhyrje ushtarake n\u00eb Kosov\u00eb.<\/span><\/p>\n<p><span style=\"color: #000000;\">\u201cUn\u00eb gjithmon\u00eb do t\u00eb jam krenar me faktin se un\u00eb isha president i SHBA-s\u00eb n\u00eb koh\u00ebn kur ju pat\u00ebt nevoj\u00eb q\u00eb dikush t\u00eb ngritet dhe ta thot\u00eb se nuk ka m\u00eb spastrim etnik, nuk ka m\u00eb p\u00ebrndjekje t\u00eb njer\u00ebzve nga sht\u00ebpit\u00eb e tyre, jo m\u00eb vrasje t\u00eb civil\u00ebve t\u00eb pafajsh\u00ebm\u201d, tha Clinton.<\/span><\/p>\n<p><span style=\"color: #000000;\">Ai tha se jo vet\u00ebm SHBA, por gjith\u00eb bota duhet t\u00eb jet\u00eb krenare me t\u00eb arriturat n\u00eb Kosov\u00eb, demokracin\u00eb e saj dhe shtet-nd\u00ebrtimin. Ai inkurajoi lidershipin e Kosov\u00ebs q\u00eb tani t\u00eb nd\u00ebrtojn\u00eb paqen brenda e jasht\u00eb kufijve t\u00eb Kosov\u00ebs, p\u00ebr d\u00ebshmuar se \u00ebsht\u00eb shtet demokratik.<\/span><\/p>\n<p><span style=\"color: #000000;\">N\u00eb an\u00ebn tjet\u00ebr, presidenti i Kosov\u00ebs, Hashim Tha\u00e7i tha se Clinton \u00ebsht\u00eb heroi i Kosov\u00ebs dhe i shprehu mir\u00ebnjohjen m\u00eb t\u00eb m\u00eb lart\u00eb atij p\u00ebr vendimin historik q\u00eb kishte marr\u00eb n\u00eb vitin 1999 p\u00ebr nd\u00ebrhyrjen e NATO-s dhe \u00e7lirimin e Kosov\u00ebs.<\/span><\/p>\n<p><span style=\"color: #000000;\">\u201cJu jeni heroi yn\u00eb dhe ju fal\u00ebnderoj shum\u00eb, shum\u00eb n\u00eb em\u00ebr t\u00eb t\u00eb gjith\u00eb qytetar\u00ebve t\u00eb Kosov\u00ebs edhe nj\u00ebher\u00eb. Prandaj, duke u bazuar n\u00eb kompetencat e mia si president i Kosov\u00ebs, por edhe si mik i juaj, sot ndaj \u00e7mimin n\u00eb em\u00ebr t\u00eb institucioneve dhe popullit t\u00eb Kosov\u00ebs \u201cUrdhrin e Liris\u00eb\u201d. Nuk ka \u00e7mim q\u00eb mund t\u00eb shp\u00ebrblej\u00eb at\u00eb kontribut tuajin, sepse dekorimi m\u00eb i madh \u00ebsht\u00eb liria e Kosov\u00ebs\u201d, tha Tha\u00e7i.<\/span><\/p>\n<p><span style=\"color: #000000;\">Clinton u takua edhe me kryeministrin e Kosov\u00ebs, Ramush Haradinaj, i cili i shprehi mir\u00ebnjohje ish-presidentit amerikan, p\u00ebr ndihm\u00ebn n\u00eb \u00e7lirimin e Kosov\u00ebs.<\/span><\/p>\n<p><span style=\"color: #000000;\">\u201cFal\u00eb vendosm\u00ebris\u00eb, humanizmit dhe guximit tuaj, ne jet\u00ebsuam t\u00eb drejt\u00ebn ton\u00eb p\u00ebr liri dhe demokraci dhe nd\u00ebrtuam shtetin e Kosov\u00ebs\u201d, tha Haradinaj.<\/span><\/p>\n<p><span style=\"color: #000000;\">Ish-presidenti Clinton dhe ish-sekretarja amerikan, Madeline Albright po q\u00ebndrojn\u00eb n\u00eb Kosov\u00eb p\u00ebr t\u00eb marr\u00eb pjes\u00eb n\u00eb sh\u00ebnimin e 20-vjetorit t\u00eb hyrjes s\u00eb trupave t\u00eb NATO-s n\u00eb Kosov\u00eb, q\u00eb sh\u00ebnon edhe dit\u00ebn e liris\u00eb s\u00eb Kosov\u00ebs.<\/span><\/p>\n<p><span style=\"color: #000000;\">Kosova sh\u00ebnon t\u00eb m\u00ebrkur\u00ebn, 20-vjetorin e hyrjes ushtarake t\u00eb NATO-s, p\u00ebrkat\u00ebsisht trupave shum\u00ebkomb\u00ebshe t\u00eb KFOR-it. Kjo dit\u00eb, sh\u00ebnohet edhe si dita e liris\u00eb apo \u00e7lirimit t\u00eb Kosov\u00ebs.<\/span><\/p>\n<p><span style=\"color: #000000;\">Si dat\u00eb e cil\u00ebsuar historike, autoritetet n\u00eb Prishtin\u00eb kan\u00eb ftuar q\u00eb t\u00eb marrin pjes\u00eb n\u00eb k\u00ebt\u00eb jubile, edhe ish-presidentin amerikan Bill Clinton, ish-sekretaren e shtetit Madeline Albright dhe shum\u00eb personalitete tjera q\u00eb ndihmuan n\u00eb \u00e7lirimin e Kosov\u00ebs.<\/span><\/p>\n<p><span style=\"color: #000000;\">Nd\u00ebrhyrja e NATO-s, p\u00ebrkat\u00ebsisht dislokimi i trupave paqeruajt\u00ebse t\u00eb KFOR-it m\u00eb 12 qershor, 1999, pasoi fushat\u00ebn e sulmeve ajrore t\u00eb Aleanc\u00ebs Veri-Atlantike kund\u00ebr caqeve serbe n\u00eb Kosov\u00eb dhe n\u00eb Serbi, q\u00eb zgjati 78 dit\u00eb.<\/span><\/p>\n<p><span style=\"color: #000000;\">Pas 78 dit\u00ebsh t\u00eb sulmeve, bombardimet jan\u00eb nd\u00ebrprer\u00eb m\u00eb 10 qershor 1999, me miratimin e Rezolut\u00ebs 1244 t\u00eb K\u00ebshillit t\u00eb Sigurimit t\u00eb Kombeve t\u00eb Bashkuara. Kjo Rezolut\u00eb, ishte nj\u00eb kompromis i pes\u00eb vendeve t\u00eb p\u00ebrhershme an\u00ebtare t\u00eb K\u00ebshillit t\u00eb Sigurimit n\u00eb baz\u00eb t\u00eb s\u00eb cil\u00ebs, n\u00eb Kosov\u00eb vendosej nj\u00eb administrat\u00eb e Kombeve t\u00eb Bashkuara \u2013 UNMIK, e cila administronte faz\u00ebn tranzitore deri n\u00eb ngritjen e institucioneve vendore dhe zgjidhjen e p\u00ebrhershme t\u00eb statusit t\u00eb Kosov\u00ebs.<\/span><\/p>\n<p><span style=\"color: #000000;\">Nj\u00eb dit\u00eb m\u00eb her\u00ebt, ishte n\u00ebnshkruar edhe Marr\u00ebveshja Teknike e Kumanov\u00ebs, e cila parashihte t\u00ebrheqjen e t\u00eb gjitha forcave serbe nga Kosova dhe hyrjen e trupave nd\u00ebrkomb\u00ebtare t\u00eb NATO-s n\u00eb Kosov\u00eb.<\/span><\/p>\n<p><span style=\"color: #000000;\">N\u00eb Kosov\u00eb, n\u00eb kuad\u00ebr t\u00eb KFOR-it, m\u00eb 12 qershor 1999 filloi vendoja e rreth 50,000 ushtar\u00ebve nga 36 vende, prej t\u00eb cil\u00ebve 30.000 ishin nga vendet e NATO-s.<\/span><\/p>\n<p><span style=\"color: #000000;\">Sot, 20 vjet pas k\u00ebsaj nd\u00ebrhyrje, trupat e paqeruajt\u00ebse t\u00eb KFOR-it (NATO-s) jan\u00eb n\u00eb num\u00ebr m\u00eb t\u00eb vog\u00ebl dhe num\u00ebrojn\u00eb nga 6 deri n\u00eb 7 mij\u00eb ushtar\u00eb, t\u00eb cil\u00ebt jan\u00eb t\u00eb dislokuar n\u00eb pjes\u00eb t\u00eb ndryshme t\u00eb Kosov\u00ebs me mision paqeruajt\u00ebs.<\/span><\/p>\n<p>&nbsp;<\/p>\n","protected":false,"gt_translate_keys":[{"key":"rendered","format":"html"}]},"excerpt":{"rendered":"<p>\u201cKosova meriton t\u00eb jet\u00eb n\u00eb Bashkimin Evropian, n\u00eb NATO dhe n\u00eb \u00e7do organizat\u00eb nd\u00ebrkomb\u00ebtare si vend i lir\u00eb e i pavarur\u201d, ka deklaruar t\u00eb mart\u00ebn n\u00eb Prishtin\u00eb, ish-presidenti amerikan Bill Clinton, raporton Radio Europa e Lir\u00eb. K\u00ebto komente, Clinton i b\u00ebri pas nj\u00eb takimi q\u00eb zhvilloi me presidentin e Kosov\u00ebs, Hashim Tha\u00e7i, i cili i [&hellip;]<\/p>\n","protected":false,"gt_translate_keys":[{"key":"rendered","format":"html"}]},"author":32,"featured_media":303275,"comment_status":"open","ping_status":"open","sticky":false,"template":"","format":"standard","meta":{"footnotes":""},"categories":[149,13],"tags":[],"class_list":["post-303274","post","type-post","status-publish","format-standard","has-post-thumbnail","hentry","category-kosoverajon","category-te-fundit"],"gt_translate_keys":[{"key":"link","format":"url"}],"_links":{"self":[{"href":"https:\/\/www.hashtag.al\/index.php\/wp-json\/wp\/v2\/posts\/303274","targetHints":{"allow":["GET"]}}],"collection":[{"href":"https:\/\/www.hashtag.al\/index.php\/wp-json\/wp\/v2\/posts"}],"about":[{"href":"https:\/\/www.hashtag.al\/index.php\/wp-json\/wp\/v2\/types\/post"}],"author":[{"embeddable":true,"href":"https:\/\/www.hashtag.al\/index.php\/wp-json\/wp\/v2\/users\/32"}],"replies":[{"embeddable":true,"href":"https:\/\/www.hashtag.al\/index.php\/wp-json\/wp\/v2\/comments?post=303274"}],"version-history":[{"count":0,"href":"https:\/\/www.hashtag.al\/index.php\/wp-json\/wp\/v2\/posts\/303274\/revisions"}],"wp:featuredmedia":[{"embeddable":true,"href":"https:\/\/www.hashtag.al\/index.php\/wp-json\/wp\/v2\/media\/303275"}],"wp:attachment":[{"href":"https:\/\/www.hashtag.al\/index.php\/wp-json\/wp\/v2\/media?parent=303274"}],"wp:term":[{"taxonomy":"category","embeddable":true,"href":"https:\/\/www.hashtag.al\/index.php\/wp-json\/wp\/v2\/categories?post=303274"},{"taxonomy":"post_tag","embeddable":true,"href":"https:\/\/www.hashtag.al\/index.php\/wp-json\/wp\/v2\/tags?post=303274"}],"curies":[{"name":"wp","href":"https:\/\/api.w.org\/{rel}","templated":true}]}}