{"id":303270,"date":"2019-06-11T20:44:19","date_gmt":"2019-06-11T18:44:19","guid":{"rendered":"https:\/\/hashtag.al\/?p=303270"},"modified":"2019-06-11T20:44:19","modified_gmt":"2019-06-11T18:44:19","slug":"perfundon-mbledhja-e-keshillit-kombetar-te-pd-se-merren-vendime-kryesore-per-ecurine-politike","status":"publish","type":"post","link":"https:\/\/www.hashtag.al\/index.php\/2019\/06\/11\/perfundon-mbledhja-e-keshillit-kombetar-te-pd-se-merren-vendime-kryesore-per-ecurine-politike\/","title":{"rendered":"P\u00ebrfundon mbledhja e K\u00ebshillit Komb\u00ebtar t\u00eb PD-s\u00eb, merren vendime kryesore p\u00ebr ecurin\u00eb politike","gt_translate_keys":[{"key":"rendered","format":"text"}]},"content":{"rendered":"<p><img loading=\"lazy\" decoding=\"async\" class=\"aligncenter size-full wp-image-266909\" src=\"https:\/\/hashtag.al\/wp-content\/uploads\/2019\/01\/KESHILLI-PD-1280x720.jpg\" alt=\"\" width=\"1280\" height=\"720\" srcset=\"https:\/\/www.hashtag.al\/wp-content\/uploads\/2019\/01\/KESHILLI-PD-1280x720.jpg 1280w, https:\/\/www.hashtag.al\/wp-content\/uploads\/2019\/01\/KESHILLI-PD-1280x720-300x169.jpg 300w, https:\/\/www.hashtag.al\/wp-content\/uploads\/2019\/01\/KESHILLI-PD-1280x720-768x432.jpg 768w, https:\/\/www.hashtag.al\/wp-content\/uploads\/2019\/01\/KESHILLI-PD-1280x720-1024x576.jpg 1024w\" sizes=\"auto, (max-width: 1280px) 100vw, 1280px\" \/><\/p>\n<p><span style=\"color: #000000;\">K\u00ebshilli Komb\u00ebtar i PD-s\u00eb i mbledhur dit\u00ebn e sotme ka dal\u00eb me disa vendime p\u00ebr ecurin\u00eb e aksionit t\u00eb saj politik.<\/span><\/p>\n<p><span style=\"color: #000000;\">K\u00ebshilli i PD-s\u00eb duke vler\u00ebsuar gjendjen politike, keq qeverisjen e Partis\u00eb Socialiste sipas tyre dhe mosveprimin e ligjit mori disa vendime.<\/span><\/p>\n<p><span style=\"color: #000000;\">Vendimi kryesor i marr\u00eb nga K\u00ebshilli \u00ebsht\u00eb krijimi i Aleanc\u00ebs Qytetare p\u00ebr Mbrojtjen e Demokracis\u00eb e cila do merret edhe me krijimin e nj\u00eb programi p\u00ebr nd\u00ebrgjegj\u00ebsimin e qytetar\u00ebve p\u00ebr gjendjen n\u00eb t\u00eb cil\u00ebn ndodhet vendi.<\/span><\/p>\n<p><span style=\"color: #000000;\">Vendim tjet\u00ebr i K\u00ebshillit ishte q\u00eb Aleanca t\u00eb merrej me hartimin e nj\u00eb programi p\u00ebr ndryshime t\u00eb thella kushtetuese.<\/span><\/p>\n<p><span style=\"color: #000000;\"><strong>Vendimet e dala nga K\u00ebshilli Komb\u00ebtar i PD-s\u00eb:<\/strong><\/span><\/p>\n<p><span style=\"color: #000000;\">K\u00ebshilli Komb\u00ebtar i Partis\u00eb Demokratike t\u00eb Shqip\u00ebris\u00eb, i mbledhur m\u00eb dat\u00eb 11 Qershor 2019,<\/span><\/p>\n<p><span style=\"color: #000000;\">VLER\u00cbSON SE N\u00cb KUSHTET KUR:<\/span><\/p>\n<p><span style=\"color: #000000;\">(I)\u00a0\u00a0 \u00cbsht\u00eb provuar para shqiptar\u00ebve dhe mbar\u00eb bot\u00ebs se qeveria \u00ebsht\u00eb produkt i vjedhjes s\u00eb zgjedhjeve n\u00eb bashk\u00ebpunim me krimin e organizuar, si\u00e7 d\u00ebshmojn\u00eb dosjet n\u00eb Prokurori dhe p\u00ebrgjimet e b\u00ebra publike n\u00eb median nd\u00ebrkomb\u00ebtare, t\u00eb cilat v\u00ebrtetojn\u00eb krimin elektoral, si dhe marr\u00ebveshjen para dhe pas elektorale, midis drejtuesve t\u00eb lart\u00eb t\u00eb Partis\u00eb Socialiste dhe grupeve m\u00eb t\u00eb rrezikshme kriminale n\u00eb vend;<\/span><\/p>\n<p><span style=\"color: #000000;\">(II) Edi Rama po rrezikon seriozisht stabilitetin demokratik t\u00eb vendit dhe themelet e demokracis\u00eb, duke tentuar, s\u00eb fundmi, organizimin e nj\u00eb grushti shteti ndaj zgjedhjeve t\u00eb lira dhe t\u00eb ndershme, n\u00ebp\u00ebrmjet vijimit t\u00eb nj\u00eb farse elektorale, q\u00eb synon marrjen me dhun\u00eb t\u00eb pushtetit dhe eleminimin e pluralizimit politik;<\/span><\/p>\n<p><span style=\"color: #000000;\">(III) Edi Rama ka asgjesuar Gjykat\u00ebn Kushtetuese, ka asgjesuar Gjykat\u00ebn e Lart\u00eb, ka asgjesuar Prokurorin e P\u00ebrgjithsh\u00ebm, ka marr\u00eb n\u00ebn kontroll organet e reja t\u00eb drejt\u00ebsis\u00eb, p\u00ebrdor si instrumenta politik\u00eb kund\u00ebr kund\u00ebrshtar\u00ebve politik\u00eb dhe qytetar\u00ebve t\u00eb lir\u00eb e t\u00eb ndersh\u00ebm Policin\u00eb dhe Sh\u00ebrbimin Informativ, p\u00ebrdor si kamikaz\u00eb kund\u00ebr zgjedhjeve t\u00eb lira e t\u00eb ndershme an\u00ebtar\u00ebt e Komisionit Qendror t\u00eb Zgjedhjeve;\u00a0<\/span><\/p>\n<p><span style=\"color: #000000;\">(IV)Qeveria e dal\u00eb nga zgjedhje t\u00eb deformuara dhe t\u00eb diktuara nga bashk\u00ebpunimi me krimin e organizuar, ka krijuar nj\u00eb situat\u00eb t\u00eb paprecedent\u00eb t\u00eb kriz\u00ebs ekonomike, emigracionit masiv komb\u00ebtar dhe gjendje katastrofale t\u00eb mjerimit social;<\/span><\/p>\n<p><span style=\"color: #000000;\">(V)Qeverisja ka degraduar n\u00eb nivele t\u00eb paprecedenta korrupsioni, me grabitje qindra milion\u00eb euro nga parat\u00eb e qytetar\u00ebve, me koncesione dhe vepra korruptive, si Kullat tek \u201cTeatri Komb\u00ebtar\u201d, Unaza e Re, rruga Milot-Balldren, rruga Orikum-Dukat, rruga e Arbrit, koncesionet n\u00eb sh\u00ebndet\u00ebsi, incenerator\u00eb etj.<\/span><\/p>\n<p><span style=\"color: #000000;\">DUKE MBAJTUR N\u00cb KONSIDERAT\u00cb:<\/span><\/p>\n<ul>\n<li><span style=\"color: #000000;\">Vendimin nr. 20\/1, dat\u00eb 18.04.2019 t\u00eb K\u00ebshillit Komb\u00ebtar, ku p\u00ebrcaktohet se: \u201cN\u00eb mbrojtje t\u00eb demokracis\u00eb dhe t\u00eb vot\u00ebs s\u00eb lir\u00eb, Partia Demokratike e Shqip\u00ebris\u00eb angazhohet t\u00eb mos lejoj\u00eb p\u00ebrve\u00e7 zgjedhjeve t\u00eb lira asnj\u00eb fars\u00eb elektorale, t\u00eb organizuar nga Qeveria ilegjitime e Edi Ram\u00ebs. P\u00ebrmes p\u00ebrshkall\u00ebzimit t\u00eb aksionit opozitar, Partia Demokratike e Shqip\u00ebris\u00eb angazhohet t\u00eb pamund\u00ebsoj\u00eb mbajtjen e zgjedhjeve fasad\u00eb, t\u00eb diktuara nga pakti i Edi Ram\u00ebs me krimin e organizuar dhe parat\u00eb e pista t\u00eb tyre, shkat\u00ebrrimtare p\u00ebr demokracin\u00eb dhe zgjedhjet e lira.\u201d.<\/span><\/li>\n<li><span style=\"color: #000000;\">Kriz\u00ebn e r\u00ebnd\u00eb politike n\u00eb vend, q\u00eb nuk mund\u00ebson standardet demokratike minimale p\u00ebr zgjedhje t\u00eb lira dhe t\u00eb ndershme.<\/span><\/li>\n<li><span style=\"color: #000000;\">Situat\u00ebn e re politike t\u00eb krijuar pas anulimit kushtetues t\u00eb dat\u00ebs s\u00eb zgjedhjeve lokale n\u00eb vend, dhe q\u00ebndrimin e Edi Ram\u00ebs se do t\u00eb shkoj\u00eb n\u00eb zgjedhje pavar\u00ebsisht k\u00ebtij fakti.<\/span><\/li>\n<\/ul>\n<p><span style=\"color: #000000;\">N\u00eb mb\u00ebshtetje t\u00eb nenit 49 dhe 50 t\u00eb Statutit t\u00eb Partis\u00eb Demokratike t\u00eb Shqip\u00ebris\u00eb, si dhe n\u00eb vijim t\u00eb vendimit nr. 20, dat\u00eb 20.02.2019 dhe nr. 20\/1, dat\u00eb 18.04.2019 t\u00eb K\u00ebshillit Komb\u00ebtar, n? mbledhjen e dat\u00ebs 11\/06\/2019,<\/span><\/p>\n<p><span style=\"color: #000000;\">K\u00cbSHILLI KOMB\u00cbTAR I PARTIS\u00cb DEMOKRATIKE<\/span><\/p>\n<p><span style=\"color: #000000;\">VENDOSI:<\/span><\/p>\n<p><span style=\"color: #000000;\">1.Formimin e Aleanc\u00ebs Qytetare p\u00ebr Mbrojtjen e Demokracis\u00eb n\u00eb nivel komb\u00ebtar dhe n\u00eb nivel lokal, si nj\u00eb bashkim qytetar dhe intelektual, q\u00eb do t\u00eb nd\u00ebrgjegj\u00ebsoj\u00eb qytetar\u00ebt p\u00ebr rrezikun q\u00eb i kanoset demokracis\u00eb n\u00eb vend, si dhe do t\u00eb angazhohet p\u00ebr marrjen e t\u00eb gjitha masave p\u00ebr t\u00eb mbrojtur rendin demokratik dhe kushtetues.<\/span><\/p>\n<ol start=\"2\">\n<li><span style=\"color: #000000;\">Aleanca Qytetare p\u00ebr Mbrojtjen e Demokracis\u00eb do t\u00eb angazhohet gjithashtu, q\u00eb, p\u00ebrmes nj\u00eb dialogu gjith\u00ebp\u00ebrfshir\u00ebs komb\u00ebtar, t\u00eb hartoj\u00eb nj\u00eb platform\u00eb t\u00eb ndryshimeve t\u00eb thella politike, kushtetuese dhe zgjedhore p\u00ebr t\u2019i dh\u00ebn\u00eb fund, p\u00ebrgjithmon\u00eb, modelit kriminalo-autokratik t\u00eb Edi Ram\u00ebs, q\u00eb p\u00ebrqendroi t\u00eb gjitha pushtetin dhe pasurit\u00eb e vendit n\u00eb nj\u00eb grusht pushtetar\u00ebsh t\u00eb korruptuar, oligark\u00ebsh grabitqar\u00eb dhe bandash mafioze, me q\u00ebllim q\u00eb t\u00eb vendos\u00eb standardet europiane t\u00eb demokracis\u00eb, shtetit t\u00eb s\u00eb drejt\u00ebs, lirive ekonomike e mund\u00ebsive p\u00ebr t\u00eb gjith\u00eb dhe mb\u00ebshtetjes sociale p\u00ebr shtresat n\u00eb nevoj\u00eb.<\/span><\/li>\n<li><span style=\"color: #000000;\">Deg\u00ebt e Partis\u00eb Demokratike n\u00eb bashk\u00ebpunim me partit\u00eb e tjera t\u00eb Opozit\u00ebs s\u00eb Bashkuar, jan\u00eb p\u00ebrgjegj\u00ebse q\u00eb, brenda dat\u00ebs 15 Qershor 2019, t\u00eb formojn\u00eb Aleancat Qytetare p\u00ebr Mbrojtjen e Demokracis\u00eb n\u00eb nivel lokal, n\u00eb 61 bashkit\u00eb e vendit. Ato duhet t\u00eb fillojn\u00eb menj\u00ebher\u00eb procesin e nd\u00ebrgjegj\u00ebsimit t\u00eb qytetar\u00ebve p\u00ebr rrezikun q\u00eb i kanoset demokracis\u00eb n\u00eb vend, si dhe planin e masave q\u00eb duhet t\u00eb nd\u00ebrmerren n\u00eb terren p\u00ebr t\u00eb mbrojtur rendin demokratik dhe kushtetues.<\/span><\/li>\n<\/ol>\n<p><span style=\"color: #000000;\">4.Deg\u00ebt e Partis\u00eb Demokratike t\u00eb fillojn\u00eb menj\u00ebher\u00eb procesin e kontaktimit t\u00eb intelektual\u00ebve, pedagog\u00ebve, student\u00ebve, shoq\u00ebris\u00eb civile, sip\u00ebrmarrjes dhe faktor\u00ebve t\u00eb tjer\u00eb ekonomiko-social\u00eb n\u00eb zonat e tyre, p\u00ebr t\u2019i ftuar q\u00eb t\u00eb b\u00ebhen pjes\u00eb e Aleanc\u00ebs n\u00eb nivel bashkiak.<\/span><\/p>\n<ol start=\"5\">\n<li><span style=\"color: #000000;\">Ngarkohet Kryetari i Partis\u00eb dhe Sekretari i P\u00ebrgjithsh\u00ebm q\u00eb t\u00eb ndjek\u00eb zbatimin e k\u00ebtij vendimi.<\/span><\/li>\n<\/ol>\n<p><span style=\"color: #000000;\">Ky vendim hyn n\u00eb fuqi menj\u00ebher\u00eb.<\/span><\/p>\n<p>&nbsp;<\/p>\n<p><span style=\"color: #000000;\">KRYETARI I K\u00cbSHILLIT\u00a0\u00a0\u00a0\u00a0\u00a0\u00a0\u00a0\u00a0\u00a0\u00a0\u00a0\u00a0\u00a0\u00a0\u00a0\u00a0\u00a0\u00a0\u00a0\u00a0\u00a0\u00a0\u00a0\u00a0\u00a0\u00a0\u00a0\u00a0\u00a0 KRYETARI<\/span><\/p>\n<p><span style=\"color: #000000;\">BUJAR NISHANI\u00a0\u00a0\u00a0\u00a0\u00a0\u00a0\u00a0\u00a0\u00a0\u00a0\u00a0\u00a0\u00a0\u00a0\u00a0\u00a0\u00a0\u00a0\u00a0\u00a0\u00a0\u00a0\u00a0\u00a0\u00a0\u00a0\u00a0\u00a0\u00a0\u00a0\u00a0\u00a0\u00a0\u00a0\u00a0\u00a0 LULZIM BASHA<\/span><\/p>\n<p><span style=\"color: #000000;\">SEKRETARI I P\u00cbRGJITHSH\u00cbM<\/span><\/p>\n<p><span style=\"color: #000000;\">GAZMENT BARDHI<\/span><\/p>\n<p>&nbsp;<\/p>\n","protected":false,"gt_translate_keys":[{"key":"rendered","format":"html"}]},"excerpt":{"rendered":"<p>K\u00ebshilli Komb\u00ebtar i PD-s\u00eb i mbledhur dit\u00ebn e sotme ka dal\u00eb me disa vendime p\u00ebr ecurin\u00eb e aksionit t\u00eb saj politik. K\u00ebshilli i PD-s\u00eb duke vler\u00ebsuar gjendjen politike, keq qeverisjen e Partis\u00eb Socialiste sipas tyre dhe mosveprimin e ligjit mori disa vendime. Vendimi kryesor i marr\u00eb nga K\u00ebshilli \u00ebsht\u00eb krijimi i Aleanc\u00ebs Qytetare p\u00ebr Mbrojtjen [&hellip;]<\/p>\n","protected":false,"gt_translate_keys":[{"key":"rendered","format":"html"}]},"author":32,"featured_media":266974,"comment_status":"open","ping_status":"open","sticky":false,"template":"","format":"standard","meta":{"footnotes":""},"categories":[65,13],"tags":[],"class_list":["post-303270","post","type-post","status-publish","format-standard","has-post-thumbnail","hentry","category-lajme","category-te-fundit"],"gt_translate_keys":[{"key":"link","format":"url"}],"_links":{"self":[{"href":"https:\/\/www.hashtag.al\/index.php\/wp-json\/wp\/v2\/posts\/303270","targetHints":{"allow":["GET"]}}],"collection":[{"href":"https:\/\/www.hashtag.al\/index.php\/wp-json\/wp\/v2\/posts"}],"about":[{"href":"https:\/\/www.hashtag.al\/index.php\/wp-json\/wp\/v2\/types\/post"}],"author":[{"embeddable":true,"href":"https:\/\/www.hashtag.al\/index.php\/wp-json\/wp\/v2\/users\/32"}],"replies":[{"embeddable":true,"href":"https:\/\/www.hashtag.al\/index.php\/wp-json\/wp\/v2\/comments?post=303270"}],"version-history":[{"count":0,"href":"https:\/\/www.hashtag.al\/index.php\/wp-json\/wp\/v2\/posts\/303270\/revisions"}],"wp:featuredmedia":[{"embeddable":true,"href":"https:\/\/www.hashtag.al\/index.php\/wp-json\/wp\/v2\/media\/266974"}],"wp:attachment":[{"href":"https:\/\/www.hashtag.al\/index.php\/wp-json\/wp\/v2\/media?parent=303270"}],"wp:term":[{"taxonomy":"category","embeddable":true,"href":"https:\/\/www.hashtag.al\/index.php\/wp-json\/wp\/v2\/categories?post=303270"},{"taxonomy":"post_tag","embeddable":true,"href":"https:\/\/www.hashtag.al\/index.php\/wp-json\/wp\/v2\/tags?post=303270"}],"curies":[{"name":"wp","href":"https:\/\/api.w.org\/{rel}","templated":true}]}}