{"id":303234,"date":"2019-06-11T17:16:49","date_gmt":"2019-06-11T15:16:49","guid":{"rendered":"https:\/\/hashtag.al\/?p=303234"},"modified":"2019-06-11T17:46:53","modified_gmt":"2019-06-11T15:46:53","slug":"regjistrime-bisedash-takime-sekrete-dhe-mesazhe-per-nderkombetaret-deklaratat-e-forta-te-metes","status":"publish","type":"post","link":"https:\/\/www.hashtag.al\/index.php\/2019\/06\/11\/regjistrime-bisedash-takime-sekrete-dhe-mesazhe-per-nderkombetaret-deklaratat-e-forta-te-metes\/","title":{"rendered":"Regjistrime bisedash, takime sekrete dhe mesazhe p\u00ebr nd\u00ebrkomb\u00ebtar\u00ebt, deklaratat e forta t\u00eb Met\u00ebs","gt_translate_keys":[{"key":"rendered","format":"text"}]},"content":{"rendered":"<p><span style=\"color: #000000;\"><img loading=\"lazy\" decoding=\"async\" class=\"aligncenter size-full wp-image-303227\" src=\"https:\/\/hashtag.al\/wp-content\/uploads\/2019\/06\/meta-kushtetuta.jpg\" alt=\"\" width=\"780\" height=\"440\" srcset=\"https:\/\/www.hashtag.al\/wp-content\/uploads\/2019\/06\/meta-kushtetuta.jpg 780w, https:\/\/www.hashtag.al\/wp-content\/uploads\/2019\/06\/meta-kushtetuta-300x169.jpg 300w, https:\/\/www.hashtag.al\/wp-content\/uploads\/2019\/06\/meta-kushtetuta-768x433.jpg 768w\" sizes=\"auto, (max-width: 780px) 100vw, 780px\" \/><\/span><\/p>\n<p><span style=\"color: #000000;\">Presidenti i Republik\u00ebs Ilir Meta, doli sot n\u00eb nj\u00eb Konferenc\u00eb t\u00eb Jasht\u00ebzakonshme p\u00ebr mediat, ku dha nj\u00eb mesazh t\u00eb r\u00ebnd\u00ebsish\u00ebm pas deklaratave t\u00eb maxhoranc\u00ebs se ai \u201cka shkelur Kushtetut\u00ebn me shfuqizimin e dat\u00ebs s\u00eb zgjedhjeve\u201d dhe debateve p\u00ebr synimet e Ram\u00ebs p\u00ebr shkarkimin e tij.<\/span><\/p>\n<p><span style=\"color: #000000;\">Meta u b\u00ebri thirrje pal\u00ebve politike q\u00eb kishin dyshime n\u00eb kushtetutshm\u00ebrin\u00eb e aktit t\u00eb tij, q\u00eb t\u00eb lexonin Kushtetut\u00ebn e sakt\u00eb t\u00eb Republik\u00ebs s\u00eb Shqip\u00ebris\u00eb, madje duke ua nxjerr\u00eb at\u00eb p\u00ebrpara kamerave.<\/span><\/p>\n<p><span style=\"color: #000000;\">Presidenti tha se ai kishte informacione se m\u00eb dat\u00ebn 8 qershor mund t\u00eb kishte destabilitet n\u00eb vend dhe u detyrua t\u00eb merrte masa. Ai tregoi se kishte b\u00ebr\u00eb disa takime sekrete me kryeministrin Edi Rama p\u00ebr \u00e7\u00ebshtjen e shtyrjes s\u00eb dat\u00ebs s\u00eb zgjedhjeve dhe vendimi i tij nuk ishte surpriz\u00eb p\u00ebr t\u00eb. Presidenti pati edhe disa mesazhe p\u00ebr nd\u00ebrkomb\u00ebtar\u00ebt, t\u00eb cil\u00ebve u k\u00ebrkoi t\u00eb mos kontribuonin me ngat\u00ebrresa por vet\u00ebm p\u00ebr zgjidhjen e kriz\u00ebs.<\/span><\/p>\n<p><span style=\"color: #000000;\"><strong>Informacionet p\u00ebr destabilitet<\/strong><\/span><\/p>\n<p><span style=\"color: #000000;\">Presidenti tha se kishte marr\u00eb informacione se dit\u00ebn e protest\u00ebs s\u00eb 8 qershorit mund t\u00eb kishte destabilitet. N\u00eb k\u00ebto kushte ai u detyrua t\u00eb merrte nj\u00eb veprim urgjent p\u00ebr t\u00eb ndihmuar n\u00eb zbutjen e kriz\u00ebs dhe pengimin e p\u00ebrshkall\u00ebzimit t\u00eb m\u00ebtejsh\u00ebm t\u00eb saj.<\/span><\/p>\n<p><span style=\"color: #000000;\"><em>&#8220;Me p\u00ebrgjegj\u00ebsi t\u00eb lart\u00eb n\u00eb dat\u00ebn 8 qershor para zhvillimit t\u00eb protest\u00ebs b\u00ebra publik vendimin p\u00ebr shfuqizimin e dekretit t\u00eb zgjedhjeve. Vendimi u mor me p\u00ebrgjegj\u00ebsi t\u00eb plot\u00eb nisur nga faktet dhe informacionet se n\u00eb dat\u00eb 8 qershor mund t\u00eb kishte destabilitet p\u00ebr jet\u00ebn e qytetar\u00ebve dhe rendin Kushtetues. Dje b\u00ebra t\u00eb ditur argumentet. Q\u00eb n\u00eb momentin e shpalljes s\u00eb vendimit kam v\u00ebn\u00eb re p\u00ebr fat t\u00eb keq disa reagime t\u00eb ndryshme se Presidenti ka shkelur Kushtetut\u00ebn duke krijuar q\u00ebllimisht nj\u00eb gjendje emullie.&#8221;<\/em>, tha Meta.<\/span><\/p>\n<p><span style=\"color: #000000;\"><strong>&#8220;\u00c7far\u00eb t\u00eb pres, t\u00eb sh\u00ebnohet nj\u00eb viktim\u00eb?! &#8220;<\/strong><\/span><\/p>\n<p><span style=\"color: #000000;\">Meta tha se nuk d\u00ebshironte t\u00eb priste t\u00eb sh\u00ebnoheshin edhe viktima nga p\u00ebrplasja m\u00eb 30 qershor, nd\u00ebrsa e quajti shantazh reagimin e maxhoranc\u00ebs p\u00ebr vendimine\u00a0 tij.<\/span><\/p>\n<p><span style=\"color: #000000;\"><em>&#8220;Kemi koh\u00eb p\u00ebr t&#8217;i konsumuar t\u00eb gjitha hap pas hapi. Un\u00eb dua tu siguroj q\u00eb ky akt \u00ebsht\u00eb bazuar edhe ky n\u00eb nj\u00eb konsensus, jo si t\u00eb m\u00ebparshmit ku zhvillohej nj\u00eb dialog pastaj zgjidhej kriza, por p\u00ebrs\u00ebri mbi nj\u00eb konsensusin e dy pal\u00ebve p\u00ebr t\u00eb mos dialoguar, pretendimi i Ram\u00ebs se 30 qershori nuk l\u00ebviz dhe pretendimi i Bash\u00ebs se me Ram\u00ebn si kryeminist\u00ebr nuk ka zgjedhje. Mendoj se Rama duhet t\u00eb tregonte m\u00eb shum\u00eb fleksibilitet. Kryeministri \u00ebsht\u00eb p\u00ebrgjegj\u00ebsi shum\u00eb e madhe. Edhe ata mij\u00ebra shqiptar\u00eb q\u00eb protestojn\u00eb jan\u00eb t\u00eb Shqip\u00ebris\u00eb, ku ai \u00ebsht\u00eb kryeminist\u00ebr, paguajn\u00eb taksa dhe kan\u00eb k\u00ebrkesat dhe pretendimet e tyre dhe duhet t\u00eb respektohen dhe jo t\u00eb fyhen dhe denigrohen. P\u00ebrpjekja ime ishte jo vet\u00ebm p\u00ebr t\u00eb parandaluar t\u00eb keqen q\u00eb mund t\u00eb ndodhte, por edhe p\u00ebr nj\u00eb dialog. A do ta zgjidh\u00eb? \u00cbsht\u00eb nj\u00eb p\u00ebrpjekje mjaft kurajoze, por e kam b\u00ebr\u00eb me bindje q\u00eb tu jap\u00eb t\u00eb gjith\u00eb pal\u00ebve nj\u00eb mund\u00ebsi q\u00eb Shqip\u00ebria t\u00eb vijoj\u00eb n\u00eb rrug\u00ebn e integrimit. N\u00eb rast se do t\u00eb kishte ndodhur di\u00e7ka n\u00eb dat\u00eb 8 t\u00eb gjith\u00eb do t\u00eb thoshin, shum\u00eb von\u00eb zoti President, \u00e7far\u00eb b\u00ebr\u00eb pritej q\u00eb t\u00eb sh\u00ebnohej edhe nj\u00eb viktim\u00eb?! Pa nj\u00eb vullnet serioz t\u00eb dy pal\u00ebve n\u00eb radh\u00eb t\u00eb par\u00eb t\u00eb qeveris\u00eb se duhet t\u00eb jap\u00eb garanci p\u00ebr zgjedhjet dhe p\u00ebr fat t\u00eb keq me m\u00ebnyr\u00ebn q\u00eb ka reaguar edhe iniciativa e fundit kund\u00ebr presidentit \u00ebsht\u00eb shantazh dhe presion q\u00eb i b\u00ebhet institucionit m\u00eb t\u00eb lart\u00eb, kryetarit t\u00eb shtetit sepse b\u00ebn nj\u00eb p\u00ebrpjekje p\u00ebr t\u00eb dh\u00ebn\u00eb mund\u00ebsi q\u00eb kolonat e republik\u00ebs s\u00eb Shqip\u00ebris\u00eb t\u00eb mos tronditen dhe t\u00eb mos rr\u00ebzohen&#8221;,<\/em> u shpreh Presidenti.<\/span><\/p>\n<p><span style=\"color: #000000;\"><strong>&#8220;Lexoni Kushtetut\u00ebn!&#8221;<\/strong><\/span><\/p>\n<p><span style=\"color: #000000;\">Meta dha nj\u00eb mesazh p\u00ebr t\u00eb gjith\u00eb ata q\u00eb e kritikuan vendimin e tij p\u00ebr shfuqizimin e dekretit p\u00ebr dat\u00ebn e zgjedhjeve, duke e quajtur antikushtetues. Ai u b\u00ebri thirrje t\u00eb lexojn\u00eb Kushtetut\u00ebn.<\/span><\/p>\n<p><span style=\"color: #000000;\">\u201c<em>Dit\u00ebn e djeshme kam b\u00ebr\u00eb publike t\u00eb gjitha argumentet mbi t\u00eb cilat mora k\u00ebt\u00eb vendim. Kam v\u00ebn\u00eb re dhe disa reagime se presidenti ka shkelur kushtetut\u00ebn.<\/em><\/span><\/p>\n<p><span style=\"color: #000000;\"><em>Duke e ditur fort mir\u00eb se n\u00eb Tiran\u00eb qarkullojn\u00eb disa modele e botime t\u00eb ndryshme t\u00eb tekstit t\u00eb Kushtetut\u00ebs, jam i detyruar t\u00eb dal s\u00ebrish p\u00ebrpara jush.<\/em><\/span><\/p>\n<p><span style=\"color: #000000;\"><em>Q\u00eb t\u00eb lexojn\u00eb si\u00e7 duhet, ju b\u00ebj me dije se Kushtetuta zyrtare \u00ebsht\u00eb pik\u00ebrisht kjo k\u00ebtu q\u00eb po ju tregoj un\u00eb. Q\u00eb nga neni 1 deri n\u00eb fund nuk p\u00ebrcakton afatin me dit\u00eb apo me muaj.<\/em><\/span><\/p>\n<p><span style=\"color: #000000;\"><em>K\u00ebto detaje formale i ka kodi zgjedhor, t\u00eb cilin partit\u00eb politike e din\u00eb si jan\u00eb sjell\u00eb e sa e kan\u00eb respektuar. Kan\u00eb ndryshuar jo vet\u00ebm kodin por edhe Kushtetut\u00ebn brenda nj\u00eb nate?<\/em><\/span><\/p>\n<p><span style=\"color: #000000;\"><em>Si ka mund\u00ebsi q\u00eb ata nuk jan\u00eb akuzuar p\u00ebr shkelje t\u00eb Kushtetut\u00ebs?<\/em><\/span><\/p>\n<p><span style=\"color: #000000;\"><em>Koleg\u00ebt e mi nuk e kan\u00eb shkelur Kushtetut\u00ebn por kan\u00eb vepruar n\u00eb em\u00ebr t\u00eb stabilitetit t\u00eb vendit.<\/em><\/span><\/p>\n<p><span style=\"color: #000000;\"><em>Ka d\u00ebgjuar se dekretet e presidentit quhen Kushtetuese vet\u00ebm pasi t\u00eb marr\u00eb leje nga dy partit\u00eb politike. \u00cbsht\u00eb publik fakti se precedenti i par\u00eb \u00ebsht\u00eb krijuar fal\u00eb kontributit t\u00eb kryetarit t\u00eb PS-s\u00eb, dhjetor 2006 janar-2007.<\/em><\/span><\/p>\n<p><span style=\"color: #000000;\"><em>Vendimi p\u00ebr shfuqizimin e dekretit p\u00ebr dat\u00ebn e zgjedhjeve b\u00eb e domosdoshme n\u00eb kushtet e p\u00ebrshkall\u00ebzimit t\u00eb q\u00ebndrimeve dhe aksioneve histerike t\u00eb dy pal\u00ebve politike, p\u00ebr t\u00eb kulmuar n\u00eb p\u00ebrplasje mes tyre m\u00eb 30 qershor.<\/em><\/span><\/p>\n<p><span style=\"color: #000000;\"><em>T\u00eb dy partit\u00eb e kishin shpallur dat\u00ebn 30 si dit\u00eb force, p\u00ebr jet\u00eb a vdekje midis tyre. Mora vendimin e duhur p\u00ebr t\u00eb shmangur nj\u00eb konflikt civil n\u00eb vend.<\/em><\/span><\/p>\n<p><span style=\"color: #000000;\"><em>Zgjedhjet p\u00ebr pushtetin vendor do t\u00eb zhvillohen n\u00eb nj\u00eb dat\u00eb t\u00eb m\u00ebvonshme, t\u00eb lira, t\u00eb ndershme, demokratike dhe konkuruese. Presidenti u b\u00ebn thirrje pal\u00ebve t\u00eb thellohen dhe shfryt\u00ebzojn\u00eb k\u00ebt\u00eb hap\u00ebsir\u00eb kohore p\u00ebr gjetjen e nj\u00eb zhgjidhjeje p\u00ebr kriz\u00ebn.\u201d<\/em>, tha Meta.<\/span><\/p>\n<p><span style=\"color: #000000;\"><strong>Telefonata e regjistruar me Bash\u00ebn<\/strong><\/span><\/p>\n<p><span style=\"color: #000000;\">Meta tregoi se m\u00eb 8 qershor pati nj\u00eb telefonat\u00eb me kreun e PD-s\u00eb Lulzim Basha, telefonat\u00eb t\u00eb cil\u00ebn e regjistroi p\u00ebr arsye p\u00ebrgjegj\u00ebsie. Ai theksoi se as Basha dhe as bashk\u00ebshortja e tij, kryetarja e LSI-s\u00eb Monika Kryemadhi, nuk kan\u00eb ndikuar n\u00eb marrjen e vendimit t\u00eb tij p\u00ebr shtyrjen e dat\u00ebs s\u00eb zgjedhjeve.<\/span><\/p>\n<p><span style=\"color: #000000;\"><em>&#8220;P\u00ebrsa i takon n\u00ebse vendimi \u00ebsht\u00eb influencuar nga Basha, Berisha, ja po e shtoj edhe nga Monika\u2026Absolutisht. Madje d\u00ebgjova edhe nj\u00eb politikan me p\u00ebrvoj\u00eb q\u00eb thoshte se Presidenti e ka b\u00ebr\u00eb k\u00ebt\u00eb vendim p\u00ebr t\u2019i sh\u00ebrbyer opozit\u00ebs, kur vet\u00eb \u00ebsht\u00eb n\u00eb opozit\u00eb. N\u00ebse kjo i sh\u00ebrben, i sh\u00ebrben pik\u00ebrisht atij. Zoti Basha k\u00ebt\u00eb vendim e ka marr\u00eb vesh vet\u00ebm n\u00eb or\u00ebn 7:10-15 t\u00eb fillimit t\u00eb mitingut, p\u00ebrmes nj\u00eb telefonate zyrtare dhe Basha nuk e ka ditur, e cila \u00ebsht\u00eb e regjistruar p\u00ebrmes sekretaris\u00eb telefonike. Ku i \u00ebsht\u00eb k\u00ebrkuar q\u00eb t\u00eb nd\u00ebrpritet mitingu n\u00eb \u00e7do moment q\u00eb do t\u00eb ket\u00eb manifestim dhune, edhe q\u00eb do t\u00eb b\u00ebhej publik vendimi p\u00ebr anulimin e zgjedhjeve p\u00ebr t\u00eb \u00e7tensionuar manifestimin dhe q\u00eb t\u00eb p\u00ebrfundonte sa m\u00eb shpejt. Ky vendim nuk b\u00ebhet p\u00ebr t\u00eb plot\u00ebsuar tekat e opozit\u00ebs p\u00ebrkundrazi opozita ka \u00e7\u00ebshtje mjaft t\u00eb drejta q\u00eb i ngre dhe un\u00eb i kam p\u00ebrkrahur edhe nga pozita t\u00eb drejta. Por opozita ka edhe tekat e saj n\u00eb kushte t\u00eb caktuara dhe un\u00eb nuk jam k\u00ebtu p\u00ebr t\u00eb ndihmuar tekat e opozit\u00ebs, por as kurrsesi p\u00ebr t\u00eb toleruar q\u00eb Shqip\u00ebria p\u00ebrve\u00e7 datave mjaft problematike q\u00eb ka me historin\u00eb e saj q\u00eb nga 2 Prilli, 26 Maji apo m\u00eb pas 28 Maji, 14 shtatori, 21 Janari t\u00eb kishte edhe 30 Qershorin apo di\u00e7ka e till\u00eb m\u00eb para. N\u00eb baz\u00eb t\u00eb gjith\u00eb ta dh\u00ebnave jo p\u00ebr shkak t\u00eb vullnetit t\u00eb drejtuesve t\u00eb dy pal\u00ebve por p\u00ebr shkak t\u00eb grupeve t\u00eb interesave t\u00eb caktuara jasht\u00eb dhe brenda vendit situata n\u00eb 8 qershor mund t\u00eb shfryt\u00ebzohej p\u00ebr akte q\u00eb do t\u00eb d\u00ebmtonin r\u00ebnd\u00eb stabilitetin e vendit. N\u00eb baz\u00eb t\u00eb gjith\u00eb ta dh\u00ebnave jo p\u00ebr shkak t\u00eb vullnetit t\u00eb drejtuesve t\u00eb dy pal\u00ebve por p\u00ebr shkak t\u00eb grupeve t\u00eb interesave t\u00eb caktuara jasht\u00eb dhe brenda vendit situata n\u00eb 8 qershor mund t\u00eb shfryt\u00ebzohej p\u00ebr akte q\u00eb do t\u00eb d\u00ebmtonin r\u00ebnd\u00eb stabilitetin e vendit dhe q\u00eb faji t\u00eb mbetet jetim. Vendimi u mor pas bisedave me partner\u00ebt dhe agjencit\u00eb ligjzbatuese k\u00ebtu.&#8221;<\/em><\/span><\/p>\n<p><span style=\"color: #000000;\"><em>&#8220;Ajo ishte p\u00ebr p\u00ebrgjegj\u00ebsit\u00eb e mia dhe t\u00eb zotit Basha n\u00ebse do t\u00eb kishte probleme n\u00eb miting.&#8221;<\/em>, tha presidenti.<\/span><\/p>\n<p><span style=\"color: #000000;\"><strong>Takimet sekrete me Ram\u00ebn<\/strong><\/span><\/p>\n<p><span style=\"color: #000000;\">Presidenti zbuloi se gjat\u00eb k\u00ebtyre ka zhvilluar disa takime sekrete me kryeministrin Edi Rama dhe se vendimi tek ai nuk ka ardhur aspak si surpriz\u00eb.<\/span><\/p>\n<p><span style=\"color: #000000;\"><em>&#8220;Kam qen\u00eb dhe pak s\u00ebmur\u00eb k\u00ebt\u00eb jav\u00eb me th\u00ebn\u00eb t\u00eb drejt\u00ebn por sikur po b\u00ebhem pak m\u00eb mri\u00eb. Dreka ime me Berish\u00ebn nuk ishte sekret si\u00e7 e pat\u00eb, dhe un\u00eb pata shum\u00eb k\u00ebnaq\u00ebsi. Nga e dinte zoti Rama. Kemi patur nj\u00eb drek\u00eb sekrete. Kemi patur disa. Kemi biseduar dhe ai e di shum\u00eb mir\u00eb se sa i shqet\u00ebsuar jam un\u00eb p\u00ebr k\u00ebt\u00eb situat\u00eb dhe p\u00ebr tejkalimin e saj dhe sigurisht i takonte atij si kryeminist\u00ebr t\u00eb k\u00ebrkonte nj\u00eb dat\u00eb tjet\u00ebr p\u00ebr zgjedhjet vendore. Q\u00eb me dat\u00eb 24 maj kam shprehur gatishm\u00ebrin\u00eb time p\u00ebr t\u2019i sh\u00ebrbyer nj\u00eb zgjidhjeje pas dakord\u00ebsimit t\u00eb pal\u00ebve, p\u00ebr t\u00eb gjetur zgjidhjen p\u00ebr nj\u00eb dat\u00eb tjet\u00ebr. Kjo nxitje e imja p\u00ebr diLog nuk ka funksionuar dhe dy tre dit\u00eb p\u00ebrpara se t\u00eb merrej ky vendim, zoti Rama ka qen\u00eb n\u00eb nj\u00eb emision televiziv dhe ka v\u00ebn\u00eb n\u00eb dijeni se pala e tij nuk e v\u00eb n\u00eb diskutim 30 qershorin. Nuk e kam par\u00eb t\u00eb arsyeshme t\u00eb vizitoj kryeministrin Rama ato dit\u00eb. E v\u00ebrteta \u00ebsht\u00eb q\u00eb kam b\u00ebr\u00eb nj\u00eb p\u00ebrpjekje p\u00ebr t\u00eb takuar zotin Ru\u00e7i si kryetar Kuvendi, por ai ka qen\u00eb duke udh\u00ebtuar drejt Tepelen\u00ebs k\u00ebshtu q\u00eb kjo \u00ebsht\u00eb arsyeja se pse zoti Rama nuk ka qen\u00eb i surprizuar pas k\u00ebtij vendimi. Un\u00eb jam\u00a0 suprizuar nga vendimi i tij.\u201d,<\/em> tha Meta.<\/span><\/p>\n<p><span style=\"color: #000000;\"><strong>Mesazhi p\u00ebr nd\u00ebrkomb\u00ebtar\u00ebt<\/strong><\/span><\/p>\n<p><span style=\"color: #000000;\">Presidenti Meta gjat\u00eb fjal\u00ebs s\u00eb tij p\u00ebrcolli dhe disa mesazhe p\u00ebr nd\u00ebrkomb\u00ebtar\u00ebt, t\u00eb cil\u00ebve u k\u00ebrkoi t\u00eb mos krijonin ngat\u00ebrresa por t\u00eb kontribuonin me p\u00ebrgjegjshm\u00ebri n\u00eb zgjidhjen e kriz\u00ebs. Ai u kujtoi se nd\u00ebrkomb\u00ebtar\u00ebt nuk kan\u00eb tag\u00ebr lidhur me vendosjen e dat\u00ebs s\u00eb zgjedhjeve.<\/span><\/p>\n<p><span style=\"color: #000000;\"><em>&#8220;Un\u00eb me zotin Laj\u00e7ak kam patur nj\u00eb bised\u00eb shum\u00eb t\u00eb k\u00ebndshme dhe pak m\u00eb par\u00eb. N\u00ebse dikush nga Brukseli mund t\u00eb nxjerr\u00eb ndonj\u00eb dekret p\u00ebr zgjedhjet, ta nxjerr\u00eb. P\u00ebr mua \u00ebsht\u00eb e qart\u00eb, presidenti i Republik\u00ebs jam un\u00eb. P\u00ebrgjegj\u00ebsin\u00eb p\u00ebr stabilitetin e vendit e kam un\u00eb, t\u00eb gjith\u00eb jan\u00eb t\u00eb mir\u00ebpritur p\u00ebr kontribute konstruktive. Kontribute me ngat\u00ebrresa jemi lodhur me ngat\u00ebresa deri m\u00eb tani.<\/em><\/span><\/p>\n<p><span style=\"color: #000000;\"><em>Nuk kemi nevoj\u00eb as p\u00ebr eurojurist\u00eb, as p\u00ebr eurodiplomat\u00eb. Kemi nevoj\u00eb p\u00ebr njer\u00ebz t\u00eb p\u00ebrgjegjsh\u00ebm, q\u00eb i q\u00ebndrojn\u00eb parimeve europiane.\u201d<\/em>, tha Meta.<\/span><\/p>\n<p><span style=\"color: #000000;\">Po ashtu ai u b\u00ebri thirrje duke u treguar se p\u00ebr t\u00eb ndjekur votime dhe jo zgjedhje, t\u00eb shkonin n\u00eb Koren\u00eb e Veriut dhe jo n\u00eb Shqip\u00ebri.<\/span><\/p>\n<p><span style=\"color: #000000;\"><em>&#8220;Pluraliz\u00ebm zgjedhje t\u00eb lira dhe unitet. A ka ndonj\u00eb q\u00eb beson se zgjedhjet e 30 qershorit do t\u00eb ishin t\u00eb lira dhe demokratike dhe shqiptar\u00ebt do t\u00eb shprehin vullnetin e tyre? Ju jeni t\u00eb rinj, por ka nj\u00eb dallim mes zgjedhjeve dhe votimeve, shqiptar\u00ebt kan\u00eb nevoj\u00eb p\u00ebr zgjedhje jo votime, se ashtu kan\u00eb pasur 45 vite. N\u00ebse ka ndonj\u00eb europian dhe amerikan q\u00eb do t\u00eb monitoroj\u00eb zgjedhje t\u00eb tilla, le t\u00eb shkoj\u00eb n\u00eb Koren\u00eb e Veriut, k\u00ebtu jo se ka ardhur pluralizimi politik. Zero jan\u00eb mund\u00ebsit\u00eb pa e zgjidhur k\u00ebt\u00eb kriz\u00eb, jo p\u00ebr t\u00eb \u00e7elur negociatat tani, por as n\u00eb shtator dhe shum\u00eb vite integrimi nuk do t\u00eb duket n\u00eb horizont&#8221;<\/em>,\u00a0tha Meta.<\/span><\/p>\n<p><span style=\"color: #000000;\"><strong>Tagrin e ka vet\u00ebm Presidenti<\/strong><\/span><\/p>\n<p><span style=\"color: #000000;\">Meta theksoi jo nj\u00eb, por disa her\u00eb se tagrin p\u00ebr t\u00eb vendosur dat\u00ebn e zgjedhjeve e ka vet\u00ebm ai.<\/span><\/p>\n<p><span style=\"color: #000000;\"><em>&#8220;Mos u b\u00ebni qesharak\u00eb ju lutem shum\u00eb. N\u00eb Republik\u00ebn e Shqip\u00ebris\u00eb ka vet\u00ebm nj\u00eb institucion i cili shpall zgjedhjet dhe ky institucion \u00ebsht\u00eb presidenti i Republik\u00ebs. Vendimet e tij i gjykon vet\u00ebm Gjykata Kushtetuese. Nuk i ndaloj t&#8217;i \u00e7ojn\u00eb dhe n\u00eb gjykat\u00ebn Administrative, apo Gjykat\u00ebn e rrethit t\u00eb Skraparit por zgjedhje n\u00eb Republik\u00ebn e Shqip\u00ebris\u00eb nuk ka dhe nuk do t\u00eb ket\u00eb pa e vendosur presidenti.&#8221;,<\/em> tha Meta.<\/span><\/p>\n<p><span style=\"color: #000000;\"><strong>Frik\u00eb nga Rama?<\/strong><\/span><\/p>\n<p><span style=\"color: #000000;\">I pyetur nga gazetar\u00ebt, n\u00ebse ai kishte frik\u00eb nga drejt\u00ebsia e Ram\u00ebs Meta kishte k\u00ebt\u00eb p\u00ebrgjigje: <em>&#8220;Kam un\u00eb frik\u00eb?\u00a0 Rama e di q\u00eb un\u00eb nuk kam frik\u00eb nga asgj\u00eb, pastaj e di dhe Ambasada Amerikane. <\/em><\/span><\/p>\n<p><span style=\"color: #000000;\"><em>Un\u00eb kam frik\u00eb vet\u00ebm nga p\u00ebrgjegj\u00ebsia q\u00eb kam para popullit shqiptar p\u00ebr detyrat q\u00eb un\u00eb kam dhe populli duhet ta dij\u00eb se Reforma n\u00eb Drejt\u00ebsi, n\u00ebse u miratua n\u00eb konsensus dhe n\u00ebse sot Shqip\u00ebria ka nj\u00eb rekomandim pozitiv e ka prej asa lufte q\u00eb un\u00eb kam b\u00ebr\u00eb p\u00ebr t\u00eb arritur k\u00ebt\u00eb konsensus sepse Shqip\u00ebria as rekomandimin p\u00ebr \u00e7eljen e negociatave nuk do ta kishte.&#8221;<\/em>.<\/span><\/p>\n<p><span style=\"color: #000000;\"><strong>P\u00ebrpjekjet p\u00ebr shkarkim<\/strong><\/span><\/p>\n<p><span style=\"color: #000000;\">Presidenti Meta filloi t\u00eb qeshte kur e pyet\u00ebn p\u00ebr p\u00ebrpjekjet e maxhoranc\u00ebs p\u00ebr ta shkarkuar. Ai kujtoi se vet\u00eb ishte ofruar p\u00ebr t\u00eb dh\u00ebn\u00eb dor\u00ebheqjen n\u00eb rast se i sh\u00ebrbente kriz\u00ebs dhe nuk e kuptonte arsyen e k\u00ebtyre p\u00ebrpjekjeve nga ana e socialist\u00ebve.<\/span><\/p>\n<p><span style=\"color: #000000;\"><em>&#8220;Un\u00eb nuk e kuptoj pse duan t\u00eb m\u00eb shkarkojn\u00eb. Kujtoj se un\u00eb jam vet\u00ebofruar p\u00ebr ta l\u00ebn\u00eb k\u00ebt\u00eb detyr\u00eb edhe gjithmon\u00eb gati q\u00eb kjo sakrific\u00eb t\u00eb b\u00ebhet n\u00eb zgjedhjen e k\u00ebsaj krize dhe gjith\u00e7ka t\u00eb funksionoj\u00eb normalisht. Zgjidhim kriz\u00ebn pastaj ik\u00ebn presidenti.\u201d<\/em>, tha Meta.<\/span><\/p>\n<p><span style=\"color: #000000;\"><strong>Kriza do zgjidhet<\/strong><\/span><\/p>\n<p><span style=\"color: #000000;\">Meta n\u00eb fund t\u00eb fjalimit t\u00eb tij u tregua u vendosur dhe i bindur se kriza politike n\u00eb vend do t\u00eb gjej\u00eb zgjidhje.<\/span><\/p>\n<p><span style=\"color: #000000;\"><em>\u201cOre si s\u2019do ta zgjidhim kriz\u00ebn ne, jeni n\u00eb terezi ju? Nuk kan\u00eb mbaruar as shqiptar\u00ebt e p\u00ebrgjegjsh\u00ebm, as europian\u00ebt e p\u00ebrgjegjsh\u00ebm. T\u00eb kini besim ju! Mirupafshim! \u201c<\/em>, p\u00ebrfundoi Meta.<strong>\/Hashtag.al<\/strong><\/span><\/p>\n<p><img loading=\"lazy\" decoding=\"async\" class=\"aligncenter size-full wp-image-303230\" src=\"https:\/\/hashtag.al\/wp-content\/uploads\/2019\/06\/ILIR-META-presidenti.jpg\" alt=\"\" width=\"780\" height=\"440\" srcset=\"https:\/\/www.hashtag.al\/wp-content\/uploads\/2019\/06\/ILIR-META-presidenti.jpg 780w, https:\/\/www.hashtag.al\/wp-content\/uploads\/2019\/06\/ILIR-META-presidenti-300x169.jpg 300w, https:\/\/www.hashtag.al\/wp-content\/uploads\/2019\/06\/ILIR-META-presidenti-768x433.jpg 768w\" sizes=\"auto, (max-width: 780px) 100vw, 780px\" \/><\/p>\n","protected":false,"gt_translate_keys":[{"key":"rendered","format":"html"}]},"excerpt":{"rendered":"<p>Presidenti i Republik\u00ebs Ilir Meta, doli sot n\u00eb nj\u00eb Konferenc\u00eb t\u00eb Jasht\u00ebzakonshme p\u00ebr mediat, ku dha nj\u00eb mesazh t\u00eb r\u00ebnd\u00ebsish\u00ebm pas deklaratave t\u00eb maxhoranc\u00ebs se ai \u201cka shkelur Kushtetut\u00ebn me shfuqizimin e dat\u00ebs s\u00eb zgjedhjeve\u201d dhe debateve p\u00ebr synimet e Ram\u00ebs p\u00ebr shkarkimin e tij. Meta u b\u00ebri thirrje pal\u00ebve politike q\u00eb kishin dyshime n\u00eb [&hellip;]<\/p>\n","protected":false,"gt_translate_keys":[{"key":"rendered","format":"html"}]},"author":30,"featured_media":303227,"comment_status":"open","ping_status":"open","sticky":false,"template":"","format":"standard","meta":{"footnotes":""},"categories":[22,65,13],"tags":[],"class_list":["post-303234","post","type-post","status-publish","format-standard","has-post-thumbnail","hentry","category-ballina","category-lajme","category-te-fundit"],"gt_translate_keys":[{"key":"link","format":"url"}],"_links":{"self":[{"href":"https:\/\/www.hashtag.al\/index.php\/wp-json\/wp\/v2\/posts\/303234","targetHints":{"allow":["GET"]}}],"collection":[{"href":"https:\/\/www.hashtag.al\/index.php\/wp-json\/wp\/v2\/posts"}],"about":[{"href":"https:\/\/www.hashtag.al\/index.php\/wp-json\/wp\/v2\/types\/post"}],"author":[{"embeddable":true,"href":"https:\/\/www.hashtag.al\/index.php\/wp-json\/wp\/v2\/users\/30"}],"replies":[{"embeddable":true,"href":"https:\/\/www.hashtag.al\/index.php\/wp-json\/wp\/v2\/comments?post=303234"}],"version-history":[{"count":0,"href":"https:\/\/www.hashtag.al\/index.php\/wp-json\/wp\/v2\/posts\/303234\/revisions"}],"wp:featuredmedia":[{"embeddable":true,"href":"https:\/\/www.hashtag.al\/index.php\/wp-json\/wp\/v2\/media\/303227"}],"wp:attachment":[{"href":"https:\/\/www.hashtag.al\/index.php\/wp-json\/wp\/v2\/media?parent=303234"}],"wp:term":[{"taxonomy":"category","embeddable":true,"href":"https:\/\/www.hashtag.al\/index.php\/wp-json\/wp\/v2\/categories?post=303234"},{"taxonomy":"post_tag","embeddable":true,"href":"https:\/\/www.hashtag.al\/index.php\/wp-json\/wp\/v2\/tags?post=303234"}],"curies":[{"name":"wp","href":"https:\/\/api.w.org\/{rel}","templated":true}]}}