{"id":303229,"date":"2019-06-11T16:54:35","date_gmt":"2019-06-11T14:54:35","guid":{"rendered":"https:\/\/hashtag.al\/?p=303229"},"modified":"2019-06-11T18:02:17","modified_gmt":"2019-06-11T16:02:17","slug":"meta-i-bindur-nuk-kane-mbaruar-shqiptaret-dhe-europianet-e-pergjegjshem-kriza-do-zgjidhet","status":"publish","type":"post","link":"https:\/\/www.hashtag.al\/index.php\/2019\/06\/11\/meta-i-bindur-nuk-kane-mbaruar-shqiptaret-dhe-europianet-e-pergjegjshem-kriza-do-zgjidhet\/","title":{"rendered":"Meta i bindur: Nuk kan\u00eb mbaruar shqiptar\u00ebt dhe europian\u00ebt e p\u00ebrgjegjsh\u00ebm, kriza do zgjidhet","gt_translate_keys":[{"key":"rendered","format":"text"}]},"content":{"rendered":"<p><img loading=\"lazy\" decoding=\"async\" class=\"aligncenter size-full wp-image-303230\" src=\"https:\/\/hashtag.al\/wp-content\/uploads\/2019\/06\/ILIR-META-presidenti.jpg\" alt=\"\" width=\"780\" height=\"440\" srcset=\"https:\/\/www.hashtag.al\/wp-content\/uploads\/2019\/06\/ILIR-META-presidenti.jpg 780w, https:\/\/www.hashtag.al\/wp-content\/uploads\/2019\/06\/ILIR-META-presidenti-300x169.jpg 300w, https:\/\/www.hashtag.al\/wp-content\/uploads\/2019\/06\/ILIR-META-presidenti-768x433.jpg 768w\" sizes=\"auto, (max-width: 780px) 100vw, 780px\" \/><\/p>\n<p><span style=\"color: #000000;\">N\u00eb Konferenc\u00ebn e Jasht\u00ebzakonshme p\u00ebr mediat, presidenti i Republik\u00ebs Ilir Meta u pyet lidhur me q\u00ebndrimin\u00a0 e nd\u00ebrkomb\u00ebtar\u00ebve p\u00ebr vendimin e tij, p\u00ebr shfuqizimin e dekretit p\u00ebr dat\u00ebn e zgjedhjeve.<\/span><\/p>\n<p><span style=\"color: #000000;\">Meta theksoi se nd\u00ebrkomb\u00ebtar\u00ebt nuk kishin shum\u00eb p\u00ebr t\u00eb b\u00ebr\u00eb lidhur me k\u00ebt\u00eb, pasi vendimi p\u00ebr dat\u00ebn e zgjedhjeve n\u00eb Republik\u00ebn\u00a0 e Shqip\u00ebris\u00eb, sipas Kushtetut\u00ebs i takon vet\u00ebm presidentit.<\/span><\/p>\n<p><span style=\"color: #000000;\">Ai theksoi se kush k\u00ebrkon t\u00eb kontribuoj\u00eb p\u00ebr zgjidhjene\u00a0 kriz\u00ebs \u00ebsht\u00eb i mir\u00ebpritur, por jo ata q\u00eb krijojn\u00eb ngat\u00ebrresa.<\/span><\/p>\n<p><em><span style=\"color: #000000;\">\u201cUn\u00eb me zotin Laj\u00e7ak kam patur nj\u00eb bised\u00eb shum\u00eb t\u00eb k\u00ebndshme dhe pak m\u00eb par\u00eb. N\u00ebse dikush nga Brukseli mund t\u00eb nxjerr\u00eb ndonj\u00eb dekret p\u00ebr zgjedhjet, ta nxjerr\u00eb. P\u00ebr mua \u00ebsht\u00eb e qart\u00eb, presidenti i Republik\u00ebs jam un\u00eb. P\u00ebrgjegj\u00ebsin\u00eb p\u00ebr stabilitetin e vendit e kam un\u00eb, t\u00eb gjith\u00eb jan\u00eb t\u00eb mir\u00ebpritur p\u00ebr kontribute konstruktive. Kontribute me ngat\u00ebrresa jemi lodhur me ngat\u00ebresa deri m\u00eb tani.<\/span><\/em><\/p>\n<p><span style=\"color: #000000;\"><em>Nuk kemi nevoj\u00eb as p\u00ebr eurojurist\u00eb, as p\u00ebr eurodiplomat\u00eb. Kemi nevoj\u00eb p\u00ebr njer\u00ebz t\u00eb p\u00ebrgjegjsh\u00ebm, q\u00eb i q\u00ebndrojn\u00eb parimeve europiane.\u201d<\/em>, tha Meta.<\/span><\/p>\n<p><span style=\"color: #000000;\">N\u00eb fund t\u00eb konferenc\u00ebs, Meta u shpreh i bindur se kriza politike n\u00eb vend do t\u00eb zgjidhet.<\/span><\/p>\n<p><span style=\"color: #000000;\"><em>\u201cOre si s\u2019do ta zgjidhim kriz\u00ebn ne, jeni n\u00eb terezi ju? Nuk kan\u00eb mbaruar as shqiptar\u00ebt e p\u00ebrgjegjsh\u00ebm, as europian\u00ebt e p\u00ebrgjegjsh\u00ebm. T\u00eb kini besim ju! Mirupafshim!<\/em> \u201c, p\u00ebrfundoi Meta.<\/span><\/p>\n","protected":false,"gt_translate_keys":[{"key":"rendered","format":"html"}]},"excerpt":{"rendered":"<p>N\u00eb Konferenc\u00ebn e Jasht\u00ebzakonshme p\u00ebr mediat, presidenti i Republik\u00ebs Ilir Meta u pyet lidhur me q\u00ebndrimin\u00a0 e nd\u00ebrkomb\u00ebtar\u00ebve p\u00ebr vendimin e tij, p\u00ebr shfuqizimin e dekretit p\u00ebr dat\u00ebn e zgjedhjeve. Meta theksoi se nd\u00ebrkomb\u00ebtar\u00ebt nuk kishin shum\u00eb p\u00ebr t\u00eb b\u00ebr\u00eb lidhur me k\u00ebt\u00eb, pasi vendimi p\u00ebr dat\u00ebn e zgjedhjeve n\u00eb Republik\u00ebn\u00a0 e Shqip\u00ebris\u00eb, sipas Kushtetut\u00ebs [&hellip;]<\/p>\n","protected":false,"gt_translate_keys":[{"key":"rendered","format":"html"}]},"author":30,"featured_media":303230,"comment_status":"open","ping_status":"open","sticky":false,"template":"","format":"standard","meta":{"footnotes":""},"categories":[65,13],"tags":[],"class_list":["post-303229","post","type-post","status-publish","format-standard","has-post-thumbnail","hentry","category-lajme","category-te-fundit"],"gt_translate_keys":[{"key":"link","format":"url"}],"_links":{"self":[{"href":"https:\/\/www.hashtag.al\/index.php\/wp-json\/wp\/v2\/posts\/303229","targetHints":{"allow":["GET"]}}],"collection":[{"href":"https:\/\/www.hashtag.al\/index.php\/wp-json\/wp\/v2\/posts"}],"about":[{"href":"https:\/\/www.hashtag.al\/index.php\/wp-json\/wp\/v2\/types\/post"}],"author":[{"embeddable":true,"href":"https:\/\/www.hashtag.al\/index.php\/wp-json\/wp\/v2\/users\/30"}],"replies":[{"embeddable":true,"href":"https:\/\/www.hashtag.al\/index.php\/wp-json\/wp\/v2\/comments?post=303229"}],"version-history":[{"count":0,"href":"https:\/\/www.hashtag.al\/index.php\/wp-json\/wp\/v2\/posts\/303229\/revisions"}],"wp:featuredmedia":[{"embeddable":true,"href":"https:\/\/www.hashtag.al\/index.php\/wp-json\/wp\/v2\/media\/303230"}],"wp:attachment":[{"href":"https:\/\/www.hashtag.al\/index.php\/wp-json\/wp\/v2\/media?parent=303229"}],"wp:term":[{"taxonomy":"category","embeddable":true,"href":"https:\/\/www.hashtag.al\/index.php\/wp-json\/wp\/v2\/categories?post=303229"},{"taxonomy":"post_tag","embeddable":true,"href":"https:\/\/www.hashtag.al\/index.php\/wp-json\/wp\/v2\/tags?post=303229"}],"curies":[{"name":"wp","href":"https:\/\/api.w.org\/{rel}","templated":true}]}}