{"id":303219,"date":"2019-06-11T16:16:19","date_gmt":"2019-06-11T14:16:19","guid":{"rendered":"https:\/\/hashtag.al\/?p=303219"},"modified":"2019-06-11T18:04:01","modified_gmt":"2019-06-11T16:04:01","slug":"presidenti-meta-thirrje-socialisteve-kjo-eshte-kushtetuta-lexojeni","status":"publish","type":"post","link":"https:\/\/www.hashtag.al\/index.php\/2019\/06\/11\/presidenti-meta-thirrje-socialisteve-kjo-eshte-kushtetuta-lexojeni\/","title":{"rendered":"Presidenti Meta thirrje socialist\u00ebve: Kjo \u00ebsht\u00eb Kushtetuta, lexojeni","gt_translate_keys":[{"key":"rendered","format":"text"}]},"content":{"rendered":"<p><img loading=\"lazy\" decoding=\"async\" class=\"aligncenter size-full wp-image-303227\" src=\"https:\/\/hashtag.al\/wp-content\/uploads\/2019\/06\/meta-kushtetuta.jpg\" alt=\"\" width=\"780\" height=\"440\" srcset=\"https:\/\/www.hashtag.al\/wp-content\/uploads\/2019\/06\/meta-kushtetuta.jpg 780w, https:\/\/www.hashtag.al\/wp-content\/uploads\/2019\/06\/meta-kushtetuta-300x169.jpg 300w, https:\/\/www.hashtag.al\/wp-content\/uploads\/2019\/06\/meta-kushtetuta-768x433.jpg 768w\" sizes=\"auto, (max-width: 780px) 100vw, 780px\" \/><\/p>\n<p><span style=\"color: #000000;\">Presidenti i Republik\u00ebs Ilir Meta ka dal\u00eb n\u00eb nj\u00eb Konferenc\u00eb t\u00eb Jasht\u00ebzakonshme p\u00ebr mediat sot, p\u00ebr t\u2019u th\u00ebn\u00eb pal\u00ebve politike t\u00eb lexojn\u00eb Kushtetut\u00ebn, pas p\u00ebrpjekjeve t\u00eb socialist\u00ebve p\u00ebr ta shkarkuar. Madje mori me vete Kushtetut\u00ebn duke e treguar para kamerave.<\/span><\/p>\n<p><em><span style=\"color: #000000;\">\u201cDit\u00ebn e djeshme kam b\u00ebr\u00eb publike t\u00eb gjitha argumentet mbi t\u00eb cilat mora k\u00ebt\u00eb vendim. Kam v\u00ebn\u00eb re dhe disa reagime se presidenti ka shkelur kushtetut\u00ebn.<\/span><\/em><\/p>\n<p><em><span style=\"color: #000000;\">Duke e ditur fort mir\u00eb se n\u00eb Tiran\u00eb qarkullojn\u00eb disa modele e botime t\u00eb ndryshme t\u00eb tekstit t\u00eb Kushtetut\u00ebs, jam i detyruar t\u00eb dal s\u00ebrish p\u00ebrpara jush.<\/span><\/em><\/p>\n<p><em><span style=\"color: #000000;\">Q\u00eb t\u00eb lexojn\u00eb si\u00e7 duhet, ju b\u00ebj me dije se Kushtetuta zyrtare \u00ebsht\u00eb pik\u00ebrisht kjo k\u00ebtu q\u00eb po ju tregoj un\u00eb. Q\u00eb nga neni 1 deri n\u00eb fund nuk p\u00ebrcakton afatin me dit\u00eb apo me muaj.<\/span><\/em><\/p>\n<p><em><span style=\"color: #000000;\">K\u00ebto detaje formale i ka kodi zgjedhor, t\u00eb cilin partit\u00eb politike e din\u00eb si jan\u00eb sjell\u00eb e sa e kan\u00eb respektuar. Kan\u00eb ndryshuar jo vet\u00ebm kodin por edhe Kushtetut\u00ebn brenda nj\u00eb nate?<\/span><\/em><\/p>\n<p><em><span style=\"color: #000000;\">Si ka mund\u00ebsi q\u00eb ata nuk jan\u00eb akuzuar p\u00ebr shkelje t\u00eb Kushtetut\u00ebs?<\/span><\/em><\/p>\n<p><em><span style=\"color: #000000;\">Koleg\u00ebt e mi nuk e kan\u00eb shkelur Kushtetut\u00ebn por kan\u00eb vepruar n\u00eb em\u00ebr t\u00eb stabilitetit t\u00eb vendit.<\/span><\/em><\/p>\n<p><em><span style=\"color: #000000;\">Ka d\u00ebgjuar se dekretet e presidentit quhen Kushtetuese vet\u00ebm pasi t\u00eb marr\u00eb leje nga dy partit\u00eb politike. \u00cbsht\u00eb publik fakti se precedenti i par\u00eb \u00ebsht\u00eb krijuar fal\u00eb kontributit t\u00eb kryetarit t\u00eb PS-s\u00eb, dhjetor 2006 janar-2007.<\/span><\/em><\/p>\n<p><em><span style=\"color: #000000;\">Vendimi p\u00ebr shfuqizimin e dekretit p\u00ebr dat\u00ebn e zgjedhjeve b\u00eb e domosdoshme n\u00eb kushtet e p\u00ebrshkall\u00ebzimit t\u00eb q\u00ebndrimeve dhe aksioneve histerike t\u00eb dy pal\u00ebve politike, p\u00ebr t\u00eb kulmuar n\u00eb p\u00ebrplasje mes tyre m\u00eb 30 qershor.<\/span><\/em><\/p>\n<p><em><span style=\"color: #000000;\">T\u00eb dy partit\u00eb e kishin shpallur dat\u00ebn 30 si dit\u00eb force, p\u00ebr jet\u00eb a vdekje midis tyre. Mora vendimin e duhur p\u00ebr t\u00eb shmangur nj\u00eb konflikt civil n\u00eb vend.<\/span><\/em><\/p>\n<p><span style=\"color: #000000;\"><em>Zgjedhjet p\u00ebr pushtetin vendor do t\u00eb zhvillohen n\u00eb nj\u00eb dat\u00eb t\u00eb m\u00ebvonshme, t\u00eb lira, t\u00eb ndershme, demokratike dhe konkuruese. Presidenti u b\u00ebn thirrje pal\u00ebve t\u00eb thellohen dhe shfryt\u00ebzojn\u00eb k\u00ebt\u00eb hap\u00ebsir\u00eb kohore p\u00ebr gjetjen e nj\u00eb zhgjidhjeje p\u00ebr kriz\u00ebn.\u201d<\/em>, tha Meta.<\/span><\/p>\n<p><span style=\"color: #000000;\">Meta i kujtoi maxhoranc\u00ebs se tagrin p\u00ebr t\u00eb vendosur dat\u00ebn e zgjedhjeve e ka vet\u00ebm Presidenti i Republik\u00ebs, duke u treguar atyre Kushtetut\u00ebn para kamerave.<\/span><\/p>\n","protected":false,"gt_translate_keys":[{"key":"rendered","format":"html"}]},"excerpt":{"rendered":"<p>Presidenti i Republik\u00ebs Ilir Meta ka dal\u00eb n\u00eb nj\u00eb Konferenc\u00eb t\u00eb Jasht\u00ebzakonshme p\u00ebr mediat sot, p\u00ebr t\u2019u th\u00ebn\u00eb pal\u00ebve politike t\u00eb lexojn\u00eb Kushtetut\u00ebn, pas p\u00ebrpjekjeve t\u00eb socialist\u00ebve p\u00ebr ta shkarkuar. Madje mori me vete Kushtetut\u00ebn duke e treguar para kamerave. \u201cDit\u00ebn e djeshme kam b\u00ebr\u00eb publike t\u00eb gjitha argumentet mbi t\u00eb cilat mora k\u00ebt\u00eb vendim. [&hellip;]<\/p>\n","protected":false,"gt_translate_keys":[{"key":"rendered","format":"html"}]},"author":30,"featured_media":303227,"comment_status":"open","ping_status":"open","sticky":false,"template":"","format":"standard","meta":{"footnotes":""},"categories":[65,13],"tags":[],"class_list":["post-303219","post","type-post","status-publish","format-standard","has-post-thumbnail","hentry","category-lajme","category-te-fundit"],"gt_translate_keys":[{"key":"link","format":"url"}],"_links":{"self":[{"href":"https:\/\/www.hashtag.al\/index.php\/wp-json\/wp\/v2\/posts\/303219","targetHints":{"allow":["GET"]}}],"collection":[{"href":"https:\/\/www.hashtag.al\/index.php\/wp-json\/wp\/v2\/posts"}],"about":[{"href":"https:\/\/www.hashtag.al\/index.php\/wp-json\/wp\/v2\/types\/post"}],"author":[{"embeddable":true,"href":"https:\/\/www.hashtag.al\/index.php\/wp-json\/wp\/v2\/users\/30"}],"replies":[{"embeddable":true,"href":"https:\/\/www.hashtag.al\/index.php\/wp-json\/wp\/v2\/comments?post=303219"}],"version-history":[{"count":0,"href":"https:\/\/www.hashtag.al\/index.php\/wp-json\/wp\/v2\/posts\/303219\/revisions"}],"wp:featuredmedia":[{"embeddable":true,"href":"https:\/\/www.hashtag.al\/index.php\/wp-json\/wp\/v2\/media\/303227"}],"wp:attachment":[{"href":"https:\/\/www.hashtag.al\/index.php\/wp-json\/wp\/v2\/media?parent=303219"}],"wp:term":[{"taxonomy":"category","embeddable":true,"href":"https:\/\/www.hashtag.al\/index.php\/wp-json\/wp\/v2\/categories?post=303219"},{"taxonomy":"post_tag","embeddable":true,"href":"https:\/\/www.hashtag.al\/index.php\/wp-json\/wp\/v2\/tags?post=303219"}],"curies":[{"name":"wp","href":"https:\/\/api.w.org\/{rel}","templated":true}]}}