{"id":303134,"date":"2019-06-11T10:02:49","date_gmt":"2019-06-11T08:02:49","guid":{"rendered":"https:\/\/hashtag.al\/?p=303134"},"modified":"2019-06-11T10:59:45","modified_gmt":"2019-06-11T08:59:45","slug":"dhe-pse-pa-gjykate-kushtetuese-socialistet-5-ore-debat-te-enjten-per-te-shkarkuar-meten","status":"publish","type":"post","link":"https:\/\/www.hashtag.al\/index.php\/2019\/06\/11\/dhe-pse-pa-gjykate-kushtetuese-socialistet-5-ore-debat-te-enjten-per-te-shkarkuar-meten\/","title":{"rendered":"Dhe pse pa gjykat\u00eb Kushtetuese, socialist\u00ebt 5 or\u00eb debat t\u00eb enjten p\u00ebr t\u00eb shkarkuar Met\u00ebn","gt_translate_keys":[{"key":"rendered","format":"text"}]},"content":{"rendered":"<p><span style=\"color: #000000;\"><img loading=\"lazy\" decoding=\"async\" class=\"aligncenter size-full wp-image-303135\" src=\"https:\/\/hashtag.al\/wp-content\/uploads\/2019\/06\/ruci-parlament.jpg\" alt=\"\" width=\"1068\" height=\"712\" srcset=\"https:\/\/www.hashtag.al\/wp-content\/uploads\/2019\/06\/ruci-parlament.jpg 1068w, https:\/\/www.hashtag.al\/wp-content\/uploads\/2019\/06\/ruci-parlament-300x200.jpg 300w, https:\/\/www.hashtag.al\/wp-content\/uploads\/2019\/06\/ruci-parlament-768x512.jpg 768w, https:\/\/www.hashtag.al\/wp-content\/uploads\/2019\/06\/ruci-parlament-1024x683.jpg 1024w\" sizes=\"auto, (max-width: 1068px) 100vw, 1068px\" \/><\/span><\/p>\n<p><span style=\"color: #000000;\">Ka p\u00ebrfunduar Konferenca e Kryetar\u00ebve e mbledhur nga kreu i Kuvendit, Gramoz Ru\u00e7i, ku \u00ebsht\u00eb vendosur p\u00ebr t\u00eb mbajtur t\u00eb enjten n\u00eb Parlament nj\u00eb debat 5 or\u00eb p\u00ebr shkarkimin e presidentit Ilir Meta.<\/span><\/p>\n<p><span style=\"color: #000000;\">Kjo konferenc\u00eb u mblodh pas vendimit t\u00eb presidentit p\u00ebr t\u00eb shfuqizuar dekretin p\u00ebr dat\u00ebn e zgjedhjeve.<\/span><\/p>\n<p><span style=\"color: #000000;\">Debati m\u00ebsohet se do t\u00eb ndahet n\u00eb m\u00ebnyr\u00eb proporcionale mes grupeve parlamentare dhe\u00a0 koha m\u00eb e gjat\u00eb do i takoj\u00eb grupit t\u00eb PS.<\/span><\/p>\n<p><span style=\"color: #000000;\">Maxhoranca ka n\u00eb dispozicion 170 minuta, nd\u00ebrsa p\u00ebr deputet\u00ebt e rinj dhe ata t\u00eb pavarur do t\u00eb ken\u00eb 130 minuta koh\u00eb.<\/span><\/p>\n<p><span style=\"color: #000000;\">Mir\u00ebpo shkarkimi i presidentit nuk b\u00ebhet dot, pasi vendimi i Parlamentit duhet t\u00eb shkoj\u00eb n\u00eb Gjykat\u00ebn Kushtetuese, e cila \u00ebsht\u00eb e vetmja q\u00eb jep verdiktin p\u00ebr shkarkimin ose jo t\u00eb presidentit, si\u00e7 thuhet n\u00eb nenin 90 t\u00eb Kushtetut\u00ebs:<\/span><\/p>\n<p><img loading=\"lazy\" decoding=\"async\" class=\"aligncenter size-full wp-image-303142\" src=\"https:\/\/hashtag.al\/wp-content\/uploads\/2019\/06\/neni-90.jpg\" alt=\"\" width=\"745\" height=\"536\" srcset=\"https:\/\/www.hashtag.al\/wp-content\/uploads\/2019\/06\/neni-90.jpg 745w, https:\/\/www.hashtag.al\/wp-content\/uploads\/2019\/06\/neni-90-300x216.jpg 300w\" sizes=\"auto, (max-width: 745px) 100vw, 745px\" \/><\/p>\n<p><span style=\"color: #000000;\">Por si\u00e7 e dim\u00eb kjo gjykat\u00eb prej dy vitesh nuk funksionon. <\/span><\/p>\n<p><span style=\"color: #000000;\">Presidenti argumentoi dje arsyet q\u00eb e \u00e7uan drejt marrjes s\u00eb k\u00ebtij vendimi, duke p\u00ebrmendur rrezikun q\u00eb kriza politike n\u00eb vend ka t\u00eb p\u00ebrshkall\u00ebzohet drejt nj\u00eb konflikti social. Vendimi i tij zem\u00ebroi socialist\u00ebt, aq sa nis\u00ebn procedurat p\u00ebr shkarkimin e tij.<\/span><\/p>\n","protected":false,"gt_translate_keys":[{"key":"rendered","format":"html"}]},"excerpt":{"rendered":"<p>Ka p\u00ebrfunduar Konferenca e Kryetar\u00ebve e mbledhur nga kreu i Kuvendit, Gramoz Ru\u00e7i, ku \u00ebsht\u00eb vendosur p\u00ebr t\u00eb mbajtur t\u00eb enjten n\u00eb Parlament nj\u00eb debat 5 or\u00eb p\u00ebr shkarkimin e presidentit Ilir Meta. Kjo konferenc\u00eb u mblodh pas vendimit t\u00eb presidentit p\u00ebr t\u00eb shfuqizuar dekretin p\u00ebr dat\u00ebn e zgjedhjeve. Debati m\u00ebsohet se do t\u00eb ndahet [&hellip;]<\/p>\n","protected":false,"gt_translate_keys":[{"key":"rendered","format":"html"}]},"author":30,"featured_media":266199,"comment_status":"open","ping_status":"open","sticky":false,"template":"","format":"standard","meta":{"footnotes":""},"categories":[22,65,13],"tags":[],"class_list":["post-303134","post","type-post","status-publish","format-standard","has-post-thumbnail","hentry","category-ballina","category-lajme","category-te-fundit"],"gt_translate_keys":[{"key":"link","format":"url"}],"_links":{"self":[{"href":"https:\/\/www.hashtag.al\/index.php\/wp-json\/wp\/v2\/posts\/303134","targetHints":{"allow":["GET"]}}],"collection":[{"href":"https:\/\/www.hashtag.al\/index.php\/wp-json\/wp\/v2\/posts"}],"about":[{"href":"https:\/\/www.hashtag.al\/index.php\/wp-json\/wp\/v2\/types\/post"}],"author":[{"embeddable":true,"href":"https:\/\/www.hashtag.al\/index.php\/wp-json\/wp\/v2\/users\/30"}],"replies":[{"embeddable":true,"href":"https:\/\/www.hashtag.al\/index.php\/wp-json\/wp\/v2\/comments?post=303134"}],"version-history":[{"count":0,"href":"https:\/\/www.hashtag.al\/index.php\/wp-json\/wp\/v2\/posts\/303134\/revisions"}],"wp:featuredmedia":[{"embeddable":true,"href":"https:\/\/www.hashtag.al\/index.php\/wp-json\/wp\/v2\/media\/266199"}],"wp:attachment":[{"href":"https:\/\/www.hashtag.al\/index.php\/wp-json\/wp\/v2\/media?parent=303134"}],"wp:term":[{"taxonomy":"category","embeddable":true,"href":"https:\/\/www.hashtag.al\/index.php\/wp-json\/wp\/v2\/categories?post=303134"},{"taxonomy":"post_tag","embeddable":true,"href":"https:\/\/www.hashtag.al\/index.php\/wp-json\/wp\/v2\/tags?post=303134"}],"curies":[{"name":"wp","href":"https:\/\/api.w.org\/{rel}","templated":true}]}}