{"id":303013,"date":"2019-06-10T13:27:57","date_gmt":"2019-06-10T11:27:57","guid":{"rendered":"https:\/\/hashtag.al\/?p=303013"},"modified":"2019-06-10T13:51:29","modified_gmt":"2019-06-10T11:51:29","slug":"kushtetuta-do-mbrohet-deri-ne-fund-me-qetesi-e-shqiptari-meta","status":"publish","type":"post","link":"https:\/\/www.hashtag.al\/index.php\/2019\/06\/10\/kushtetuta-do-mbrohet-deri-ne-fund-me-qetesi-e-shqiptari-meta\/","title":{"rendered":"\u201cKushtetuta do mbrohet deri n\u00eb fund me qet\u00ebsi e shqiptari\u201d &#8211; Meta","gt_translate_keys":[{"key":"rendered","format":"text"}]},"content":{"rendered":"<p><img loading=\"lazy\" decoding=\"async\" class=\"aligncenter size-full wp-image-303014\" src=\"https:\/\/hashtag.al\/wp-content\/uploads\/2019\/06\/meta10qershor.jpeg4_.jpg\" alt=\"\" width=\"960\" height=\"639\" srcset=\"https:\/\/www.hashtag.al\/wp-content\/uploads\/2019\/06\/meta10qershor.jpeg4_.jpg 960w, https:\/\/www.hashtag.al\/wp-content\/uploads\/2019\/06\/meta10qershor.jpeg4_-300x200.jpg 300w, https:\/\/www.hashtag.al\/wp-content\/uploads\/2019\/06\/meta10qershor.jpeg4_-768x511.jpg 768w\" sizes=\"auto, (max-width: 960px) 100vw, 960px\" \/><\/p>\n<p>Presidenti Meta ka deklaruar se Kushtetuta do mbrohet deri n\u00eb fund me qet\u00ebsi dhe shqiptari.<\/p>\n<p>E reagoi n\u00eb llogarin\u00eb e tij n\u00eb Facebook, ku ka pasqyruar nj\u00eb takim me nj\u00eb grup student\u00ebsh e profesor\u00ebsh nga Kosova, n\u00eb 141-vjetorin e Lidhjes s\u00eb Prizrenit dhe n\u00eb prag t\u00eb kremtimit t\u00eb 20-vjetorit t\u00eb Pavar\u00ebsis\u00eb s\u00eb Kosov\u00ebs.<\/p>\n<p><em>\u201cN\u00eb k\u00ebt\u00eb dit\u00eb t\u00eb ve\u00e7ant\u00eb p\u00ebr kombin ton\u00eb, n\u00eb 141-vjetorin e Lidhjes Shqiptare t\u00eb Prizrenit dhe n\u00eb prag t\u00eb kremtimit t\u00eb 20-vjetorit t\u00eb \u00e7lirimit t\u00eb Kosov\u00ebs, pata k\u00ebnaq\u00ebsin\u00eb e ve\u00e7ant\u00eb t\u00eb zhvilloja nj\u00eb takim t\u00eb ngroht\u00eb e v\u00ebllaz\u00ebror me nj\u00eb grup student\u00ebsh e profesor\u00ebsh nga t\u00eb gjitha trevat shqiptare, t\u00eb Kolegjit Universitar AAB n\u00eb Prishtin\u00eb.<\/em><\/p>\n<p><em>I lumtur t\u00eb ndanim q\u00ebndrimin se rinia duhet t\u00eb jet\u00eb promotore e proceseve demokratike dhe integruese n\u00eb t\u00eb dy vendet tona dhe se \u00ebsht\u00eb shum\u00eb e r\u00ebnd\u00ebsishme q\u00eb Shqip\u00ebria e Kosova t\u00eb forcojn\u00eb bashk\u00ebpunimin n\u00eb t\u00eb gjitha fushat.<\/em><\/p>\n<p><em>T\u00eb b\u00ebjm\u00eb t\u00eb gjitha p\u00ebrpjekjet p\u00ebr t\u00eb rritur shpresat dhe p\u00ebr t\u2019i hapur perspektivat rinis\u00eb, p\u00ebr t\u00eb nd\u00ebrtuar t\u00eb ardhmen n\u00eb vendet tona.<\/em><\/p>\n<p><em>Lidhur me shqet\u00ebsimin e tyre p\u00ebr zhvillimet n\u00eb Shqip\u00ebri i garantova se Kushtetuta do t\u00eb mbrohet deri n\u00eb fund me qet\u00ebsi dhe shqiptari.\u201d \u2013 shkruan Meta n\u00eb faqen e tij n\u00eb Facebook.<\/em><\/p>\n<p><img loading=\"lazy\" decoding=\"async\" class=\"aligncenter size-full wp-image-303016\" src=\"https:\/\/hashtag.al\/wp-content\/uploads\/2019\/06\/meta10qershor.jpeg3_.jpg\" alt=\"\" width=\"960\" height=\"639\" srcset=\"https:\/\/www.hashtag.al\/wp-content\/uploads\/2019\/06\/meta10qershor.jpeg3_.jpg 960w, https:\/\/www.hashtag.al\/wp-content\/uploads\/2019\/06\/meta10qershor.jpeg3_-300x200.jpg 300w, https:\/\/www.hashtag.al\/wp-content\/uploads\/2019\/06\/meta10qershor.jpeg3_-768x511.jpg 768w\" sizes=\"auto, (max-width: 960px) 100vw, 960px\" \/><\/p>\n","protected":false,"gt_translate_keys":[{"key":"rendered","format":"html"}]},"excerpt":{"rendered":"<p>Presidenti Meta ka deklaruar se Kushtetuta do mbrohet deri n\u00eb fund me qet\u00ebsi dhe shqiptari. E reagoi n\u00eb llogarin\u00eb e tij n\u00eb Facebook, ku ka pasqyruar nj\u00eb takim me nj\u00eb grup student\u00ebsh e profesor\u00ebsh nga Kosova, n\u00eb 141-vjetorin e Lidhjes s\u00eb Prizrenit dhe n\u00eb prag t\u00eb kremtimit t\u00eb 20-vjetorit t\u00eb Pavar\u00ebsis\u00eb s\u00eb Kosov\u00ebs. \u201cN\u00eb k\u00ebt\u00eb [&hellip;]<\/p>\n","protected":false,"gt_translate_keys":[{"key":"rendered","format":"html"}]},"author":51,"featured_media":303015,"comment_status":"open","ping_status":"open","sticky":false,"template":"","format":"standard","meta":{"footnotes":""},"categories":[65,13],"tags":[],"class_list":["post-303013","post","type-post","status-publish","format-standard","has-post-thumbnail","hentry","category-lajme","category-te-fundit"],"gt_translate_keys":[{"key":"link","format":"url"}],"_links":{"self":[{"href":"https:\/\/www.hashtag.al\/index.php\/wp-json\/wp\/v2\/posts\/303013","targetHints":{"allow":["GET"]}}],"collection":[{"href":"https:\/\/www.hashtag.al\/index.php\/wp-json\/wp\/v2\/posts"}],"about":[{"href":"https:\/\/www.hashtag.al\/index.php\/wp-json\/wp\/v2\/types\/post"}],"author":[{"embeddable":true,"href":"https:\/\/www.hashtag.al\/index.php\/wp-json\/wp\/v2\/users\/51"}],"replies":[{"embeddable":true,"href":"https:\/\/www.hashtag.al\/index.php\/wp-json\/wp\/v2\/comments?post=303013"}],"version-history":[{"count":0,"href":"https:\/\/www.hashtag.al\/index.php\/wp-json\/wp\/v2\/posts\/303013\/revisions"}],"wp:featuredmedia":[{"embeddable":true,"href":"https:\/\/www.hashtag.al\/index.php\/wp-json\/wp\/v2\/media\/303015"}],"wp:attachment":[{"href":"https:\/\/www.hashtag.al\/index.php\/wp-json\/wp\/v2\/media?parent=303013"}],"wp:term":[{"taxonomy":"category","embeddable":true,"href":"https:\/\/www.hashtag.al\/index.php\/wp-json\/wp\/v2\/categories?post=303013"},{"taxonomy":"post_tag","embeddable":true,"href":"https:\/\/www.hashtag.al\/index.php\/wp-json\/wp\/v2\/tags?post=303013"}],"curies":[{"name":"wp","href":"https:\/\/api.w.org\/{rel}","templated":true}]}}