{"id":302999,"date":"2019-06-10T12:09:25","date_gmt":"2019-06-10T10:09:25","guid":{"rendered":"https:\/\/hashtag.al\/?p=302999"},"modified":"2019-06-10T12:15:00","modified_gmt":"2019-06-10T10:15:00","slug":"palmer-nga-beogradi-kosova-te-heqe-taksen-ndaj-serbise-duhet-dialog","status":"publish","type":"post","link":"https:\/\/www.hashtag.al\/index.php\/2019\/06\/10\/palmer-nga-beogradi-kosova-te-heqe-taksen-ndaj-serbise-duhet-dialog\/","title":{"rendered":"Palmer nga Beogradi: Kosova t\u00eb heq\u00eb taks\u00ebn ndaj Serbis\u00eb, duhet dialog","gt_translate_keys":[{"key":"rendered","format":"text"}]},"content":{"rendered":"<p><img loading=\"lazy\" decoding=\"async\" class=\"aligncenter size-full wp-image-303000\" src=\"https:\/\/hashtag.al\/wp-content\/uploads\/2019\/06\/palmer10qershor.jpg\" alt=\"\" width=\"600\" height=\"360\" srcset=\"https:\/\/www.hashtag.al\/wp-content\/uploads\/2019\/06\/palmer10qershor.jpg 600w, https:\/\/www.hashtag.al\/wp-content\/uploads\/2019\/06\/palmer10qershor-300x180.jpg 300w\" sizes=\"auto, (max-width: 600px) 100vw, 600px\" \/><\/p>\n<p><span style=\"color: #000000;\">Zv.asistent Sekretari i Shtetit, Palmer, ka deklaruar nga Beogradi se Kosova duhet t\u00eb heq\u00eb taks\u00ebn ndaj Serbis\u00eb dhe se pal\u00ebt duhet t\u00eb ulen n\u00eb dialog p\u00ebr normalizimin e raporteve. <\/span><\/p>\n<p><span style=\"color: #000000;\">Ai ka dh\u00ebn\u00eb nj\u00eb konferenc\u00eb p\u00ebr shtyp pas takimit me presidentin serb, Vu\u00e7i\u00e7, ku ka th\u00ebn\u00eb se p\u00ebr t\u00eb dyja vendet \u00ebsht\u00eb e r\u00ebnd\u00ebsishme t\u00eb vijojn\u00eb me rrug\u00ebtimin europian.<\/span><\/p>\n<p><span style=\"color: #000000;\"><em>\u201cKemi biseduar se ku q\u00ebndron dialogu me Kosov\u00ebn. Un\u00eb dhe presidenti kishim mund\u00ebsit\u00eb t\u00eb bisedojn\u00eb se ku q\u00ebndrojm\u00eb n\u00eb dialog. SHBA vazhdon t\u00eb mb\u00ebshtes dialogun q\u00eb afron tek normalizimi i raporteve. Po ashtu, \u00ebsht\u00eb me r\u00ebnd\u00ebsi q\u00eb ky dialog t\u00eb hap\u00eb rrug\u00ebn p\u00ebr integrimit evropian. Taksa shihet si penges\u00eb andaj konsiderojm\u00eb se duhet t\u00eb hiqet dhe pal\u00ebt t\u00eb kthehen n\u00eb dialog\u201d<\/em>, deklaroi Palmer n\u00eb konferenc\u00ebn p\u00ebr media, shkruan Lajmi.net.<\/span><\/p>\n<p><span style=\"color: #000000;\">Palmer foli edhe p\u00ebr samitin e Parisit duke th\u00ebn\u00eb se mb\u00ebshtet normalizimin e raporteve mes Serbis\u00eb dhe Kosov\u00ebs, duke shtuar se nuk e dinte se cili do ishte rezultati i k\u00ebtij samiti.<\/span><\/p>\n<p><img loading=\"lazy\" decoding=\"async\" class=\"aligncenter size-full wp-image-303001\" src=\"https:\/\/hashtag.al\/wp-content\/uploads\/2019\/06\/palmervucic10qershor.jpg\" alt=\"\" width=\"830\" height=\"510\" srcset=\"https:\/\/www.hashtag.al\/wp-content\/uploads\/2019\/06\/palmervucic10qershor.jpg 830w, https:\/\/www.hashtag.al\/wp-content\/uploads\/2019\/06\/palmervucic10qershor-300x184.jpg 300w, https:\/\/www.hashtag.al\/wp-content\/uploads\/2019\/06\/palmervucic10qershor-768x472.jpg 768w\" sizes=\"auto, (max-width: 830px) 100vw, 830px\" \/><\/p>\n","protected":false,"gt_translate_keys":[{"key":"rendered","format":"html"}]},"excerpt":{"rendered":"<p>Zv.asistent Sekretari i Shtetit, Palmer, ka deklaruar nga Beogradi se Kosova duhet t\u00eb heq\u00eb taks\u00ebn ndaj Serbis\u00eb dhe se pal\u00ebt duhet t\u00eb ulen n\u00eb dialog p\u00ebr normalizimin e raporteve. Ai ka dh\u00ebn\u00eb nj\u00eb konferenc\u00eb p\u00ebr shtyp pas takimit me presidentin serb, Vu\u00e7i\u00e7, ku ka th\u00ebn\u00eb se p\u00ebr t\u00eb dyja vendet \u00ebsht\u00eb e r\u00ebnd\u00ebsishme t\u00eb vijojn\u00eb [&hellip;]<\/p>\n","protected":false,"gt_translate_keys":[{"key":"rendered","format":"html"}]},"author":51,"featured_media":303000,"comment_status":"open","ping_status":"open","sticky":false,"template":"","format":"standard","meta":{"footnotes":""},"categories":[149,6],"tags":[],"class_list":["post-302999","post","type-post","status-publish","format-standard","has-post-thumbnail","hentry","category-kosoverajon","category-nderkombetare"],"gt_translate_keys":[{"key":"link","format":"url"}],"_links":{"self":[{"href":"https:\/\/www.hashtag.al\/index.php\/wp-json\/wp\/v2\/posts\/302999","targetHints":{"allow":["GET"]}}],"collection":[{"href":"https:\/\/www.hashtag.al\/index.php\/wp-json\/wp\/v2\/posts"}],"about":[{"href":"https:\/\/www.hashtag.al\/index.php\/wp-json\/wp\/v2\/types\/post"}],"author":[{"embeddable":true,"href":"https:\/\/www.hashtag.al\/index.php\/wp-json\/wp\/v2\/users\/51"}],"replies":[{"embeddable":true,"href":"https:\/\/www.hashtag.al\/index.php\/wp-json\/wp\/v2\/comments?post=302999"}],"version-history":[{"count":0,"href":"https:\/\/www.hashtag.al\/index.php\/wp-json\/wp\/v2\/posts\/302999\/revisions"}],"wp:featuredmedia":[{"embeddable":true,"href":"https:\/\/www.hashtag.al\/index.php\/wp-json\/wp\/v2\/media\/303000"}],"wp:attachment":[{"href":"https:\/\/www.hashtag.al\/index.php\/wp-json\/wp\/v2\/media?parent=302999"}],"wp:term":[{"taxonomy":"category","embeddable":true,"href":"https:\/\/www.hashtag.al\/index.php\/wp-json\/wp\/v2\/categories?post=302999"},{"taxonomy":"post_tag","embeddable":true,"href":"https:\/\/www.hashtag.al\/index.php\/wp-json\/wp\/v2\/tags?post=302999"}],"curies":[{"name":"wp","href":"https:\/\/api.w.org\/{rel}","templated":true}]}}