{"id":302973,"date":"2019-06-10T11:02:34","date_gmt":"2019-06-10T09:02:34","guid":{"rendered":"https:\/\/hashtag.al\/?p=302973"},"modified":"2019-06-10T11:05:27","modified_gmt":"2019-06-10T09:05:27","slug":"motra-e-katsifas-e-para-ne-liste-si-kandidate-per-deputete-e-partise-politike-ne-greqi","status":"publish","type":"post","link":"https:\/\/www.hashtag.al\/index.php\/2019\/06\/10\/motra-e-katsifas-e-para-ne-liste-si-kandidate-per-deputete-e-partise-politike-ne-greqi\/","title":{"rendered":"Motra e Katsifas, e para n\u00eb list\u00eb si kandidate p\u00ebr deputete e partis\u00eb politike n\u00eb Greqi","gt_translate_keys":[{"key":"rendered","format":"text"}]},"content":{"rendered":"<p><img loading=\"lazy\" decoding=\"async\" class=\"aligncenter size-full wp-image-302977\" src=\"https:\/\/hashtag.al\/wp-content\/uploads\/2019\/06\/hermioni.jpg\" alt=\"\" width=\"1068\" height=\"713\" srcset=\"https:\/\/www.hashtag.al\/wp-content\/uploads\/2019\/06\/hermioni.jpg 1068w, https:\/\/www.hashtag.al\/wp-content\/uploads\/2019\/06\/hermioni-300x200.jpg 300w, https:\/\/www.hashtag.al\/wp-content\/uploads\/2019\/06\/hermioni-768x513.jpg 768w, https:\/\/www.hashtag.al\/wp-content\/uploads\/2019\/06\/hermioni-1024x684.jpg 1024w\" sizes=\"auto, (max-width: 1068px) 100vw, 1068px\" \/><\/p>\n<p><span style=\"color: #000000;\">Motra e Kostandino Katsifas, Hermioni Katsifas \u00ebsht\u00eb zgjedhur n\u00eb krye t\u00eb list\u00ebs si kandidate p\u00ebr deputete e partis\u00eb greke Unioni i Qendr\u00ebs.<\/span><\/p>\n<p><span style=\"color: #000000;\">Lajmi \u00ebsht\u00eb b\u00ebr\u00eb publik nga vet\u00eb kryetari i k\u00ebsaj force politike, Vasilis Levendis, pas takimit q\u00eb dyshja pat\u00ebn dy dit\u00eb m\u00eb par\u00eb.<\/span><\/p>\n<p><span style=\"color: #000000;\">Sikurse shkruan gazeta greke &#8220;<span style=\"color: #0000ff;\"><a style=\"color: #0000ff;\" href=\"https:\/\/www.protothema.gr\/politics\/article\/898038\/enosi-kedroon-i-ermioni-katsifa-epikefalis-tou-psifodeltiou-epikrateias\/\">Prothothema<\/a><\/span>&#8220;, n\u00eb deklarat\u00eb thuhet se v\u00ebllai i saj <em>&#8221; Kostandino Katsifas u ekzekutua padrejt\u00ebsisht nga autoritetet shqiptare, m\u00eb 28 tetor 2018 n\u00eb tokat e shenjta t\u00eb Epirit t\u00eb Veriut&#8221;.<\/em><\/span><\/p>\n<p><span style=\"color: #000000;\">Hermioni Katsifas tha se e ka pranuar ftes\u00ebn p\u00ebr t&#8217;u bashkuar n\u00eb k\u00ebt\u00eb parti, p\u00ebr t\u00eb provuar se<em> &#8220;familja e saj nuk ka asnj\u00eb lidhje me grupet ekstremiste&#8221;.<\/em><\/span><\/p>\n<p><span style=\"color: #000000;\">Lista komb\u00ebtare e \u00e7do partie greke p\u00ebrbehet nga 12 kandidat\u00eb p\u00ebr deputet\u00eb, t\u00eb cil\u00ebt nuk zgjidhen n\u00eb baz\u00eb t\u00eb votave personale, por n\u00eb baz\u00eb t\u00eb shumic\u00ebs totale t\u00eb votave q\u00eb mbledh \u00e7do parti, pasi kap\u00ebrcehet kufiri minimal prej 3% i votave n\u00eb rang vendi.<\/span><\/p>\n<p><span style=\"color: #000000;\">Sa m\u00eb e lart\u00eb t\u00eb jet\u00eb p\u00ebrqindja aq m\u00eb shum\u00eb deputet\u00eb zgjidhen nga kjo list\u00eb.<\/span><\/p>\n<p><img loading=\"lazy\" decoding=\"async\" class=\"aligncenter size-full wp-image-302974\" src=\"https:\/\/hashtag.al\/wp-content\/uploads\/2019\/06\/katsifa-ermioni-1.jpg\" alt=\"\" width=\"660\" height=\"1042\" srcset=\"https:\/\/www.hashtag.al\/wp-content\/uploads\/2019\/06\/katsifa-ermioni-1.jpg 660w, https:\/\/www.hashtag.al\/wp-content\/uploads\/2019\/06\/katsifa-ermioni-1-190x300.jpg 190w, https:\/\/www.hashtag.al\/wp-content\/uploads\/2019\/06\/katsifa-ermioni-1-649x1024.jpg 649w\" sizes=\"auto, (max-width: 660px) 100vw, 660px\" \/><\/p>\n","protected":false,"gt_translate_keys":[{"key":"rendered","format":"html"}]},"excerpt":{"rendered":"<p>Motra e Kostandino Katsifas, Hermioni Katsifas \u00ebsht\u00eb zgjedhur n\u00eb krye t\u00eb list\u00ebs si kandidate p\u00ebr deputete e partis\u00eb greke Unioni i Qendr\u00ebs. Lajmi \u00ebsht\u00eb b\u00ebr\u00eb publik nga vet\u00eb kryetari i k\u00ebsaj force politike, Vasilis Levendis, pas takimit q\u00eb dyshja pat\u00ebn dy dit\u00eb m\u00eb par\u00eb. Sikurse shkruan gazeta greke &#8220;Prothothema&#8220;, n\u00eb deklarat\u00eb thuhet se v\u00ebllai i [&hellip;]<\/p>\n","protected":false,"gt_translate_keys":[{"key":"rendered","format":"html"}]},"author":30,"featured_media":302975,"comment_status":"open","ping_status":"open","sticky":false,"template":"","format":"standard","meta":{"footnotes":""},"categories":[65,6],"tags":[],"class_list":["post-302973","post","type-post","status-publish","format-standard","has-post-thumbnail","hentry","category-lajme","category-nderkombetare"],"gt_translate_keys":[{"key":"link","format":"url"}],"_links":{"self":[{"href":"https:\/\/www.hashtag.al\/index.php\/wp-json\/wp\/v2\/posts\/302973","targetHints":{"allow":["GET"]}}],"collection":[{"href":"https:\/\/www.hashtag.al\/index.php\/wp-json\/wp\/v2\/posts"}],"about":[{"href":"https:\/\/www.hashtag.al\/index.php\/wp-json\/wp\/v2\/types\/post"}],"author":[{"embeddable":true,"href":"https:\/\/www.hashtag.al\/index.php\/wp-json\/wp\/v2\/users\/30"}],"replies":[{"embeddable":true,"href":"https:\/\/www.hashtag.al\/index.php\/wp-json\/wp\/v2\/comments?post=302973"}],"version-history":[{"count":0,"href":"https:\/\/www.hashtag.al\/index.php\/wp-json\/wp\/v2\/posts\/302973\/revisions"}],"wp:featuredmedia":[{"embeddable":true,"href":"https:\/\/www.hashtag.al\/index.php\/wp-json\/wp\/v2\/media\/302975"}],"wp:attachment":[{"href":"https:\/\/www.hashtag.al\/index.php\/wp-json\/wp\/v2\/media?parent=302973"}],"wp:term":[{"taxonomy":"category","embeddable":true,"href":"https:\/\/www.hashtag.al\/index.php\/wp-json\/wp\/v2\/categories?post=302973"},{"taxonomy":"post_tag","embeddable":true,"href":"https:\/\/www.hashtag.al\/index.php\/wp-json\/wp\/v2\/tags?post=302973"}],"curies":[{"name":"wp","href":"https:\/\/api.w.org\/{rel}","templated":true}]}}