{"id":302962,"date":"2019-06-10T10:38:11","date_gmt":"2019-06-10T08:38:11","guid":{"rendered":"https:\/\/hashtag.al\/?p=302962"},"modified":"2019-06-10T10:42:53","modified_gmt":"2019-06-10T08:42:53","slug":"rama-te-enjten-nisim-procedurat-per-shkarkimin-e-metes","status":"publish","type":"post","link":"https:\/\/www.hashtag.al\/index.php\/2019\/06\/10\/rama-te-enjten-nisim-procedurat-per-shkarkimin-e-metes\/","title":{"rendered":"Rama: T\u00eb enjten nisim procedurat p\u00ebr shkarkimin e Met\u00ebs","gt_translate_keys":[{"key":"rendered","format":"text"}]},"content":{"rendered":"<p><img loading=\"lazy\" decoding=\"async\" class=\"aligncenter size-full wp-image-302963\" src=\"https:\/\/hashtag.al\/wp-content\/uploads\/2019\/06\/rama10qershor.jpg\" alt=\"\" width=\"1024\" height=\"614\" srcset=\"https:\/\/www.hashtag.al\/wp-content\/uploads\/2019\/06\/rama10qershor.jpg 1024w, https:\/\/www.hashtag.al\/wp-content\/uploads\/2019\/06\/rama10qershor-300x180.jpg 300w, https:\/\/www.hashtag.al\/wp-content\/uploads\/2019\/06\/rama10qershor-768x461.jpg 768w\" sizes=\"auto, (max-width: 1024px) 100vw, 1024px\" \/><\/p>\n<p><span style=\"color: #000000;\">Kryeministri Rama ka deklaruar se Partia Socialiste do k\u00ebrkoj\u00eb shkarkimin e presidentit Meta. <\/span><\/p>\n<p><span style=\"color: #000000;\">Vendimi \u00ebsht\u00eb marr\u00eb n\u00eb mbledhjen e sotme t\u00eb kryesis\u00eb s\u00eb PS-s\u00eb, ku kreu i qeveris\u00eb ka deklaruar se PS-ja do nis\u00eb procedurat p\u00ebr shkarkimin e kreut t\u00eb shtetit, nd\u00ebrsa ka theksuar se e priste vendimin e tij.<\/span><\/p>\n<p><span style=\"color: #000000;\"><em>\u201cNe jemi republik\u00eb parlamentare jo presidenciale. E prisja vendimin e Met\u00ebs. Kud\u00ebr vendimit t\u00eb tij do shpalosim argumentet. Seanca e s\u00eb enjtes n\u00eb Parlament do jet\u00eb e gjat\u00eb dhe do finalizohet me rezolut\u00eb p\u00ebr shkarkimin e Met\u00ebs. \u00c7\u00ebshtja pas debatit do kaloj\u00eb n\u00eb KQZ dhe m\u00eb pas n\u00eb Kolegjin Zgjedhor. Duhet t\u00eb fokusohemi te 30 qershori.\u201d<\/em> &#8211; ka th\u00ebn\u00eb nd\u00ebr t\u00eb tjera Rama gjat\u00eb mbledhjes.<\/span><\/p>\n<p><span style=\"color: #000000;\">N\u00eb or\u00ebn 11 Rama pritet t\u00eb zhvilloj\u00eb nj\u00eb takim me ambasador\u00ebt e akredituar n\u00eb Tiran\u00eb nd\u00ebrsa se m\u00eb pas do niset p\u00ebr n\u00eb Bruksel.<\/span><\/p>\n","protected":false,"gt_translate_keys":[{"key":"rendered","format":"html"}]},"excerpt":{"rendered":"<p>Kryeministri Rama ka deklaruar se Partia Socialiste do k\u00ebrkoj\u00eb shkarkimin e presidentit Meta. Vendimi \u00ebsht\u00eb marr\u00eb n\u00eb mbledhjen e sotme t\u00eb kryesis\u00eb s\u00eb PS-s\u00eb, ku kreu i qeveris\u00eb ka deklaruar se PS-ja do nis\u00eb procedurat p\u00ebr shkarkimin e kreut t\u00eb shtetit, nd\u00ebrsa ka theksuar se e priste vendimin e tij. \u201cNe jemi republik\u00eb parlamentare jo [&hellip;]<\/p>\n","protected":false,"gt_translate_keys":[{"key":"rendered","format":"html"}]},"author":51,"featured_media":302963,"comment_status":"open","ping_status":"open","sticky":false,"template":"","format":"standard","meta":{"footnotes":""},"categories":[65,13],"tags":[],"class_list":["post-302962","post","type-post","status-publish","format-standard","has-post-thumbnail","hentry","category-lajme","category-te-fundit"],"gt_translate_keys":[{"key":"link","format":"url"}],"_links":{"self":[{"href":"https:\/\/www.hashtag.al\/index.php\/wp-json\/wp\/v2\/posts\/302962","targetHints":{"allow":["GET"]}}],"collection":[{"href":"https:\/\/www.hashtag.al\/index.php\/wp-json\/wp\/v2\/posts"}],"about":[{"href":"https:\/\/www.hashtag.al\/index.php\/wp-json\/wp\/v2\/types\/post"}],"author":[{"embeddable":true,"href":"https:\/\/www.hashtag.al\/index.php\/wp-json\/wp\/v2\/users\/51"}],"replies":[{"embeddable":true,"href":"https:\/\/www.hashtag.al\/index.php\/wp-json\/wp\/v2\/comments?post=302962"}],"version-history":[{"count":0,"href":"https:\/\/www.hashtag.al\/index.php\/wp-json\/wp\/v2\/posts\/302962\/revisions"}],"wp:featuredmedia":[{"embeddable":true,"href":"https:\/\/www.hashtag.al\/index.php\/wp-json\/wp\/v2\/media\/302963"}],"wp:attachment":[{"href":"https:\/\/www.hashtag.al\/index.php\/wp-json\/wp\/v2\/media?parent=302962"}],"wp:term":[{"taxonomy":"category","embeddable":true,"href":"https:\/\/www.hashtag.al\/index.php\/wp-json\/wp\/v2\/categories?post=302962"},{"taxonomy":"post_tag","embeddable":true,"href":"https:\/\/www.hashtag.al\/index.php\/wp-json\/wp\/v2\/tags?post=302962"}],"curies":[{"name":"wp","href":"https:\/\/api.w.org\/{rel}","templated":true}]}}