{"id":302944,"date":"2019-06-10T09:52:06","date_gmt":"2019-06-10T07:52:06","guid":{"rendered":"https:\/\/hashtag.al\/?p=302944"},"modified":"2019-06-10T10:33:53","modified_gmt":"2019-06-10T08:33:53","slug":"edi-rama-kerkon-takim-me-ambasadoret","status":"publish","type":"post","link":"https:\/\/www.hashtag.al\/index.php\/2019\/06\/10\/edi-rama-kerkon-takim-me-ambasadoret\/","title":{"rendered":"Edi Rama k\u00ebrkon takim me ambasador\u00ebt","gt_translate_keys":[{"key":"rendered","format":"text"}]},"content":{"rendered":"<p><span style=\"color: #000000;\"><img loading=\"lazy\" decoding=\"async\" class=\"aligncenter size-full wp-image-300264\" src=\"https:\/\/hashtag.al\/wp-content\/uploads\/2019\/05\/ramasoreca.png\" alt=\"\" width=\"1033\" height=\"479\" srcset=\"https:\/\/www.hashtag.al\/wp-content\/uploads\/2019\/05\/ramasoreca.png 1033w, https:\/\/www.hashtag.al\/wp-content\/uploads\/2019\/05\/ramasoreca-300x139.png 300w, https:\/\/www.hashtag.al\/wp-content\/uploads\/2019\/05\/ramasoreca-768x356.png 768w, https:\/\/www.hashtag.al\/wp-content\/uploads\/2019\/05\/ramasoreca-1024x475.png 1024w\" sizes=\"auto, (max-width: 1033px) 100vw, 1033px\" \/><\/span><\/p>\n<p><span style=\"color: #000000;\">Kryeministri Edi Rama ka k\u00ebrkuar nj\u00eb takim me ambasador\u00ebt. M\u00ebsohet se ky takim do t\u00eb mbahet n\u00eb or\u00ebn 10:00, tek zyrat e BE-s\u00eb.<\/span><\/p>\n<p><span style=\"color: #000000;\">K\u00ebt\u00eb takim kryeministri e ka k\u00ebrkuar pas p\u00ebrfundimit t\u00eb mbledhjes s\u00eb Kryesis\u00eb s\u00eb PS-s\u00eb dhe pas deklarat\u00ebs s\u00eb presidentit t\u00eb Republik\u00ebs Ilir Meta, i cili dha arsyet p\u00ebr shtyrjen e dat\u00ebs s\u00eb zgjedhjeve n\u00eb nj\u00eb afat t\u00eb pacaktuar, deri kur pal\u00ebt politik\u00eb t\u00eb arrijn\u00eb n\u00eb marr\u00ebveshje dhe t&#8217;i jepet fund kriz\u00ebs politike.<\/span><\/p>\n<p><span style=\"color: #000000;\">Meta e firmosi dekretin p\u00ebr anulimin e zgjedhjeve lokale, live para kamerave dhe rrjedhimisht para gjith\u00eb shqiptar\u00ebve. Kujtojm\u00eb se dit\u00ebn e djeshme Rama deklaroi se Meta kishte &#8220;humbur t\u00eb gjitha t\u00eb drejtat e tij p\u00ebr t\u00eb qen\u00eb president&#8221; pas vendimit t\u00eb tij p\u00ebr shtyrjen e zgjedhjeve, duke n\u00ebnkuptuar shkarkimin e tij.<\/span><\/p>\n<p><span style=\"color: #000000;\">Mir\u00ebpo p\u00ebr shkarkimin e Presidentit, Kushtetuta parashikon q\u00eb vendimi duhet t\u00eb merret nga m\u00eb shum\u00eb se 2\/4 e Kuvendit n\u00eb rast t\u00eb shkeljes s\u00eb kushtetut\u00ebs e t\u00eb ligjit nga kreu i shtetit, dhe Gjykata Kushtetuese \u00ebsht\u00eb ajo q\u00eb vendos t\u00eb b\u00ebj\u00eb ose jo shkarkimin. Por n\u00eb munges\u00eb t\u00eb Gjykat\u00ebs Kushtetuese, kjo s&#8217;ka si t\u00eb ndodh\u00eb.<\/span><\/p>\n","protected":false,"gt_translate_keys":[{"key":"rendered","format":"html"}]},"excerpt":{"rendered":"<p>Kryeministri Edi Rama ka k\u00ebrkuar nj\u00eb takim me ambasador\u00ebt. M\u00ebsohet se ky takim do t\u00eb mbahet n\u00eb or\u00ebn 10:00, tek zyrat e BE-s\u00eb. K\u00ebt\u00eb takim kryeministri e ka k\u00ebrkuar pas p\u00ebrfundimit t\u00eb mbledhjes s\u00eb Kryesis\u00eb s\u00eb PS-s\u00eb dhe pas deklarat\u00ebs s\u00eb presidentit t\u00eb Republik\u00ebs Ilir Meta, i cili dha arsyet p\u00ebr shtyrjen e dat\u00ebs s\u00eb [&hellip;]<\/p>\n","protected":false,"gt_translate_keys":[{"key":"rendered","format":"html"}]},"author":30,"featured_media":300264,"comment_status":"open","ping_status":"open","sticky":false,"template":"","format":"standard","meta":{"footnotes":""},"categories":[65,13],"tags":[],"class_list":["post-302944","post","type-post","status-publish","format-standard","has-post-thumbnail","hentry","category-lajme","category-te-fundit"],"gt_translate_keys":[{"key":"link","format":"url"}],"_links":{"self":[{"href":"https:\/\/www.hashtag.al\/index.php\/wp-json\/wp\/v2\/posts\/302944","targetHints":{"allow":["GET"]}}],"collection":[{"href":"https:\/\/www.hashtag.al\/index.php\/wp-json\/wp\/v2\/posts"}],"about":[{"href":"https:\/\/www.hashtag.al\/index.php\/wp-json\/wp\/v2\/types\/post"}],"author":[{"embeddable":true,"href":"https:\/\/www.hashtag.al\/index.php\/wp-json\/wp\/v2\/users\/30"}],"replies":[{"embeddable":true,"href":"https:\/\/www.hashtag.al\/index.php\/wp-json\/wp\/v2\/comments?post=302944"}],"version-history":[{"count":0,"href":"https:\/\/www.hashtag.al\/index.php\/wp-json\/wp\/v2\/posts\/302944\/revisions"}],"wp:featuredmedia":[{"embeddable":true,"href":"https:\/\/www.hashtag.al\/index.php\/wp-json\/wp\/v2\/media\/300264"}],"wp:attachment":[{"href":"https:\/\/www.hashtag.al\/index.php\/wp-json\/wp\/v2\/media?parent=302944"}],"wp:term":[{"taxonomy":"category","embeddable":true,"href":"https:\/\/www.hashtag.al\/index.php\/wp-json\/wp\/v2\/categories?post=302944"},{"taxonomy":"post_tag","embeddable":true,"href":"https:\/\/www.hashtag.al\/index.php\/wp-json\/wp\/v2\/tags?post=302944"}],"curies":[{"name":"wp","href":"https:\/\/api.w.org\/{rel}","templated":true}]}}