{"id":302924,"date":"2019-06-10T09:10:58","date_gmt":"2019-06-10T07:10:58","guid":{"rendered":"https:\/\/hashtag.al\/?p=302924"},"modified":"2019-06-10T09:12:34","modified_gmt":"2019-06-10T07:12:34","slug":"procesi-zgjedhor-fiktiv-dhe-fals-zgjedhjet-e-reja-kur-ti-vendose-presidenti-meta-firmos-dekretin","status":"publish","type":"post","link":"https:\/\/www.hashtag.al\/index.php\/2019\/06\/10\/procesi-zgjedhor-fiktiv-dhe-fals-zgjedhjet-e-reja-kur-ti-vendose-presidenti-meta-firmos-dekretin\/","title":{"rendered":"&#8220;Procesi zgjedhor fiktiv dhe fals, zgjedhjet e reja kur t&#8217;i vendos\u00eb presidenti&#8221; &#8211; Meta firmos dekretin","gt_translate_keys":[{"key":"rendered","format":"text"}]},"content":{"rendered":"<p><img loading=\"lazy\" decoding=\"async\" class=\"aligncenter size-full wp-image-302926\" src=\"https:\/\/hashtag.al\/wp-content\/uploads\/2019\/06\/meta10qershor.jpeg\" alt=\"\" width=\"900\" height=\"600\" srcset=\"https:\/\/www.hashtag.al\/wp-content\/uploads\/2019\/06\/meta10qershor.jpeg 900w, https:\/\/www.hashtag.al\/wp-content\/uploads\/2019\/06\/meta10qershor-300x200.jpeg 300w, https:\/\/www.hashtag.al\/wp-content\/uploads\/2019\/06\/meta10qershor-768x512.jpeg 768w\" sizes=\"auto, (max-width: 900px) 100vw, 900px\" \/><\/p>\n<p><span style=\"color: #000000;\">Meta ka deklaruar se presidenti \u00ebsht\u00eb institucioni i vet\u00ebm q\u00eb cakton dat\u00ebn e zgjedhjeve duke theksuar se zgjedhje n\u00eb vend nuk do ket\u00eb deri n\u00eb momentin kur pal\u00ebt politike t\u00eb jen\u00eb dakord\u00ebsuar me nj\u00ebra-tjetr\u00ebn.<\/span><\/p>\n<p><span style=\"color: #000000;\"><em>\u201cN\u00eb zbatim t\u00eb Nenit 92, Presidenti i Republik\u00ebs \u00ebsht\u00eb organi i vet\u00ebm kushtetues q\u00eb ka p\u00ebr kompetenc\u00eb caktimin e dat\u00ebs s\u00eb zgjedhjeve si dhe p\u00ebr zhvillimin e referendumeve. Konkretisht n\u00eb k\u00ebt\u00eb dispozit\u00eb kushtetuta p\u00ebrcakton dat\u00ebn e zgjedhjeve. Pa pasur nj\u00eb dat\u00eb t\u00eb caktuar nga Presidenti i Republik\u00ebs, zgjedhjet e p\u00ebrgjithshme apo vendore nuk mund t\u00eb zhvillohen.\u201d<\/em> &#8211; deklaroi Meta.<\/span><\/p>\n<p><span style=\"color: #000000;\">Ai theksoi se zgjedhjet e reja do b\u00ebhen vet\u00ebm pas konsultimeve mes pal\u00ebve politike dhe nj\u00eb dakord\u00ebsie mes tyre p\u00ebr zhvillimin e tyre.<\/span><\/p>\n<p><span style=\"color: #000000;\"><em>\u201cP\u00ebr k\u00ebto zgjedhje konkuron vet\u00ebm nj\u00eb kandidat p\u00ebr t\u2019u zgjedhur si kryetar bashkie, nd\u00ebrsa n\u00eb rrethe t\u00eb tjera jan\u00eb kandidat\u00eb t\u00eb zgjedhur nga maxhoranca ose t\u00eb regjistruar me ngut n\u00eb dit\u00ebn e fundit. Kjo gj\u00eb tregon qart\u00eb se ky proces zgjedhor \u00ebsht\u00eb fiktiv dhe fals.\u201d<\/em> &#8211; theksoi Meta.<\/span><\/p>\n<p><img loading=\"lazy\" decoding=\"async\" class=\"aligncenter size-full wp-image-302922\" src=\"https:\/\/hashtag.al\/wp-content\/uploads\/2019\/06\/meta-2.jpg\" alt=\"\" width=\"780\" height=\"440\" srcset=\"https:\/\/www.hashtag.al\/wp-content\/uploads\/2019\/06\/meta-2.jpg 780w, https:\/\/www.hashtag.al\/wp-content\/uploads\/2019\/06\/meta-2-300x169.jpg 300w, https:\/\/www.hashtag.al\/wp-content\/uploads\/2019\/06\/meta-2-768x433.jpg 768w\" sizes=\"auto, (max-width: 780px) 100vw, 780px\" \/><\/p>\n","protected":false,"gt_translate_keys":[{"key":"rendered","format":"html"}]},"excerpt":{"rendered":"<p>Meta ka deklaruar se presidenti \u00ebsht\u00eb institucioni i vet\u00ebm q\u00eb cakton dat\u00ebn e zgjedhjeve duke theksuar se zgjedhje n\u00eb vend nuk do ket\u00eb deri n\u00eb momentin kur pal\u00ebt politike t\u00eb jen\u00eb dakord\u00ebsuar me nj\u00ebra-tjetr\u00ebn. \u201cN\u00eb zbatim t\u00eb Nenit 92, Presidenti i Republik\u00ebs \u00ebsht\u00eb organi i vet\u00ebm kushtetues q\u00eb ka p\u00ebr kompetenc\u00eb caktimin e dat\u00ebs s\u00eb [&hellip;]<\/p>\n","protected":false,"gt_translate_keys":[{"key":"rendered","format":"html"}]},"author":51,"featured_media":302926,"comment_status":"open","ping_status":"open","sticky":false,"template":"","format":"standard","meta":{"footnotes":""},"categories":[65,13],"tags":[],"class_list":["post-302924","post","type-post","status-publish","format-standard","has-post-thumbnail","hentry","category-lajme","category-te-fundit"],"gt_translate_keys":[{"key":"link","format":"url"}],"_links":{"self":[{"href":"https:\/\/www.hashtag.al\/index.php\/wp-json\/wp\/v2\/posts\/302924","targetHints":{"allow":["GET"]}}],"collection":[{"href":"https:\/\/www.hashtag.al\/index.php\/wp-json\/wp\/v2\/posts"}],"about":[{"href":"https:\/\/www.hashtag.al\/index.php\/wp-json\/wp\/v2\/types\/post"}],"author":[{"embeddable":true,"href":"https:\/\/www.hashtag.al\/index.php\/wp-json\/wp\/v2\/users\/51"}],"replies":[{"embeddable":true,"href":"https:\/\/www.hashtag.al\/index.php\/wp-json\/wp\/v2\/comments?post=302924"}],"version-history":[{"count":0,"href":"https:\/\/www.hashtag.al\/index.php\/wp-json\/wp\/v2\/posts\/302924\/revisions"}],"wp:featuredmedia":[{"embeddable":true,"href":"https:\/\/www.hashtag.al\/index.php\/wp-json\/wp\/v2\/media\/302926"}],"wp:attachment":[{"href":"https:\/\/www.hashtag.al\/index.php\/wp-json\/wp\/v2\/media?parent=302924"}],"wp:term":[{"taxonomy":"category","embeddable":true,"href":"https:\/\/www.hashtag.al\/index.php\/wp-json\/wp\/v2\/categories?post=302924"},{"taxonomy":"post_tag","embeddable":true,"href":"https:\/\/www.hashtag.al\/index.php\/wp-json\/wp\/v2\/tags?post=302924"}],"curies":[{"name":"wp","href":"https:\/\/api.w.org\/{rel}","templated":true}]}}