{"id":302906,"date":"2019-06-10T08:34:33","date_gmt":"2019-06-10T06:34:33","guid":{"rendered":"https:\/\/hashtag.al\/?p=302906"},"modified":"2019-06-11T10:10:37","modified_gmt":"2019-06-11T08:10:37","slug":"ilir-meta-ka-rrezik-te-shkojme-drejt-konfliktit-social","status":"publish","type":"post","link":"https:\/\/www.hashtag.al\/index.php\/2019\/06\/10\/ilir-meta-ka-rrezik-te-shkojme-drejt-konfliktit-social\/","title":{"rendered":"Ilir Meta: Ka rrezik t\u00eb shkojm\u00eb drejt konfliktit social","gt_translate_keys":[{"key":"rendered","format":"text"}]},"content":{"rendered":"<p><img loading=\"lazy\" decoding=\"async\" class=\"aligncenter size-full wp-image-302970\" src=\"https:\/\/hashtag.al\/wp-content\/uploads\/2019\/06\/Ilir-meta-shtyn-zgjedhjet.jpg\" alt=\"\" width=\"960\" height=\"640\" srcset=\"https:\/\/www.hashtag.al\/wp-content\/uploads\/2019\/06\/Ilir-meta-shtyn-zgjedhjet.jpg 960w, https:\/\/www.hashtag.al\/wp-content\/uploads\/2019\/06\/Ilir-meta-shtyn-zgjedhjet-300x200.jpg 300w, https:\/\/www.hashtag.al\/wp-content\/uploads\/2019\/06\/Ilir-meta-shtyn-zgjedhjet-768x512.jpg 768w\" sizes=\"auto, (max-width: 960px) 100vw, 960px\" \/><\/p>\n<p><span style=\"color: #000000;\">Sipas presidentit t\u00eb Republik\u00ebs Ilir Meta, p\u00ebr shkak t\u00eb p\u00ebrplasjeve mes pal\u00ebve politike, vendi rrezikon t\u00eb shkoj\u00eb drejt nj\u00eb konflikti social.<\/span><\/p>\n<p><em><span style=\"color: #000000;\">\u201cDita e realizimit t\u00eb zgjedhjeve duhet t\u00eb jet\u00eb nj\u00eb dit\u00eb bashkimi dhe jo p\u00ebr\u00e7arje p\u00ebr popullin. \u00cbsht\u00eb dekretuar data n\u00eb kushtet e nj\u00eb klime normale politike n\u00eb vend. Presidenti ka ndjekur n\u00eb vijim\u00ebsi masat administrative p\u00ebr realizimin e k\u00ebtij procesi, por rezulton se n\u00eb skadim t\u00eb afatit t\u00eb regjistrimit t\u00eb partive politike, ato t\u00eb opozit\u00ebs nuk jan\u00eb regjistruar, pasi sipas tyre nuk mund t\u00eb garantohen standardet p\u00ebr zgjedhje t\u00eb lira. Ky vendim i opozit\u00ebs, pason vendimin e saj p\u00ebr djegien e mandateve.<\/span><\/em><\/p>\n<p><em><span style=\"color: #000000;\">Nga ana tjet\u00ebr Shqip\u00ebria po kalon\u00eb nj\u00eb kriz\u00eb kushtetuese. <\/span><\/em><em><span style=\"color: #000000;\">E gjith\u00eb kjo gjendje \u00ebsht\u00eb shqet\u00ebsuese dhe rrezikon stabilitetin e vendit.<\/span><\/em><\/p>\n<p><em><span style=\"color: #000000;\">Si president kam b\u00ebr\u00eb t\u00eb gjitha p\u00ebrpjekjet dhe kam b\u00ebr\u00eb thirrje mes pal\u00ebve q\u00eb t\u00eb gjejn\u00eb zgjidhje dhe t\u00eb kalojn\u00eb kriz\u00ebn, por p\u00ebrpos thirrjeve s\u00ebrish me keqardhje konstatoj se pal\u00ebt politike reflektojn\u00eb thellim t\u00eb ndasive mes tyre.<\/span><\/em><\/p>\n<p><span style=\"color: #000000;\"><em>Maxhoranca thot\u00eb se do shkoj\u00eb e vetme n\u00eb zgjedhje pa ezauruar asnj\u00eb mund\u00ebsi p\u00ebr zgjidhjen e kriz\u00ebs politike. Nga ana tjet\u00ebr opozita shprehet e vendosur se do t\u00eb pamund\u00ebsoj\u00eb zgjedhjet. Si president i Republik\u00ebs theksoj ekziston rreziku real q\u00eb Shqip\u00ebria t\u00eb shkoj\u00eb drejt p\u00ebrshkall\u00ebzimit t\u00eb paparashikuesh\u00ebm social q\u00eb mund t\u00eb shkaktoj\u00eb pasoja t\u00eb paimagjinueshme. E konsideroj\u00a0<\/em><\/span><em><span style=\"color: #000000;\">k\u00ebt\u00eb moment si <\/span><\/em><em style=\"color: #000000;\">rrezik p\u00ebr stabilitetin, qet\u00ebsin\u00eb, dhe paqen n\u00eb vend.<\/em><\/p>\n<p><em><span style=\"color: #000000;\">N\u00ebse n\u00eb zgjedhje merr pjes\u00eb vet\u00ebm maxhoranca at\u00ebher\u00eb popullit i c\u00ebnohet e drejta p\u00ebr t\u00eb votuar. <\/span><\/em><em><span style=\"color: #000000;\">Standardet jo vet\u00ebm nuk p\u00ebrmbushen por shkelen n\u00eb m\u00ebnyr\u00eb flagrante. K<\/span><\/em><em><span style=\"color: #000000;\">\u00ebto zgjedhje k\u00ebshtu b\u00ebhen zgjedhje jo demokratike. <\/span><\/em><em><span style=\"color: #000000;\">Ekziston rreziku real q\u00eb Shqip\u00ebria t\u00eb shkoj\u00eb n\u00eb konflikt social.<\/span><\/em><\/p>\n<p><span style=\"color: #000000;\"><em>Shtyrja p\u00ebr nj\u00eb dat\u00eb tjet\u00ebr t\u00eb dakord\u00ebsuar nga pal\u00ebt, do t\u00eb sjell\u00eb edhe zgjidhjen e kriz\u00ebs\u201d,<\/em> u shpreh Meta. <\/span><\/p>\n<p><span style=\"color: #000000;\">Presidenti e sheh anulimin e dat\u00ebs 30 qershor p\u00ebr zgjedhjet, si mjetin e vet\u00ebm p\u00ebr t\u00eb penguar p\u00ebrshkall\u00ebzimin e situat\u00ebs.<\/span><\/p>\n<p><span style=\"color: #000000;\"><em>&#8220;N\u00eb kushtet aktuale, anulimi i zgjedhjeve \u00ebsht\u00eb mjeti i vet\u00ebm urgjent p\u00ebr \u00a0t\u00eb penguar p\u00ebrshkall\u00ebzimin e k\u00ebsaj krize dhe do t\u00eb sh\u00ebrbej\u00eb si nxitje p\u00ebr dialog, p\u00ebr zgjidhjen e kriz\u00ebs.&#8221;,<\/em> theksoi Meta.<strong>\/ Hashtag.al<\/strong><\/span><\/p>\n<p><img loading=\"lazy\" decoding=\"async\" class=\"aligncenter size-full wp-image-302967\" src=\"https:\/\/hashtag.al\/wp-content\/uploads\/2019\/06\/meta-1-1.jpg\" alt=\"\" width=\"640\" height=\"960\" srcset=\"https:\/\/www.hashtag.al\/wp-content\/uploads\/2019\/06\/meta-1-1.jpg 640w, https:\/\/www.hashtag.al\/wp-content\/uploads\/2019\/06\/meta-1-1-200x300.jpg 200w\" sizes=\"auto, (max-width: 640px) 100vw, 640px\" \/> <img loading=\"lazy\" decoding=\"async\" class=\"aligncenter size-full wp-image-302968\" src=\"https:\/\/hashtag.al\/wp-content\/uploads\/2019\/06\/meta-dekreti.jpg\" alt=\"\" width=\"960\" height=\"640\" srcset=\"https:\/\/www.hashtag.al\/wp-content\/uploads\/2019\/06\/meta-dekreti.jpg 960w, https:\/\/www.hashtag.al\/wp-content\/uploads\/2019\/06\/meta-dekreti-300x200.jpg 300w, https:\/\/www.hashtag.al\/wp-content\/uploads\/2019\/06\/meta-dekreti-768x512.jpg 768w\" sizes=\"auto, (max-width: 960px) 100vw, 960px\" \/> <img loading=\"lazy\" decoding=\"async\" class=\"aligncenter size-full wp-image-302969\" src=\"https:\/\/hashtag.al\/wp-content\/uploads\/2019\/06\/ilir-meta-1.jpg\" alt=\"\" width=\"960\" height=\"640\" srcset=\"https:\/\/www.hashtag.al\/wp-content\/uploads\/2019\/06\/ilir-meta-1.jpg 960w, https:\/\/www.hashtag.al\/wp-content\/uploads\/2019\/06\/ilir-meta-1-300x200.jpg 300w, https:\/\/www.hashtag.al\/wp-content\/uploads\/2019\/06\/ilir-meta-1-768x512.jpg 768w\" sizes=\"auto, (max-width: 960px) 100vw, 960px\" \/><\/p>\n","protected":false,"gt_translate_keys":[{"key":"rendered","format":"html"}]},"excerpt":{"rendered":"<p>Sipas presidentit t\u00eb Republik\u00ebs Ilir Meta, p\u00ebr shkak t\u00eb p\u00ebrplasjeve mes pal\u00ebve politike, vendi rrezikon t\u00eb shkoj\u00eb drejt nj\u00eb konflikti social. \u201cDita e realizimit t\u00eb zgjedhjeve duhet t\u00eb jet\u00eb nj\u00eb dit\u00eb bashkimi dhe jo p\u00ebr\u00e7arje p\u00ebr popullin. \u00cbsht\u00eb dekretuar data n\u00eb kushtet e nj\u00eb klime normale politike n\u00eb vend. Presidenti ka ndjekur n\u00eb vijim\u00ebsi masat [&hellip;]<\/p>\n","protected":false,"gt_translate_keys":[{"key":"rendered","format":"html"}]},"author":30,"featured_media":302968,"comment_status":"open","ping_status":"open","sticky":false,"template":"","format":"standard","meta":{"footnotes":""},"categories":[65,13],"tags":[],"class_list":["post-302906","post","type-post","status-publish","format-standard","has-post-thumbnail","hentry","category-lajme","category-te-fundit"],"gt_translate_keys":[{"key":"link","format":"url"}],"_links":{"self":[{"href":"https:\/\/www.hashtag.al\/index.php\/wp-json\/wp\/v2\/posts\/302906","targetHints":{"allow":["GET"]}}],"collection":[{"href":"https:\/\/www.hashtag.al\/index.php\/wp-json\/wp\/v2\/posts"}],"about":[{"href":"https:\/\/www.hashtag.al\/index.php\/wp-json\/wp\/v2\/types\/post"}],"author":[{"embeddable":true,"href":"https:\/\/www.hashtag.al\/index.php\/wp-json\/wp\/v2\/users\/30"}],"replies":[{"embeddable":true,"href":"https:\/\/www.hashtag.al\/index.php\/wp-json\/wp\/v2\/comments?post=302906"}],"version-history":[{"count":0,"href":"https:\/\/www.hashtag.al\/index.php\/wp-json\/wp\/v2\/posts\/302906\/revisions"}],"wp:featuredmedia":[{"embeddable":true,"href":"https:\/\/www.hashtag.al\/index.php\/wp-json\/wp\/v2\/media\/302968"}],"wp:attachment":[{"href":"https:\/\/www.hashtag.al\/index.php\/wp-json\/wp\/v2\/media?parent=302906"}],"wp:term":[{"taxonomy":"category","embeddable":true,"href":"https:\/\/www.hashtag.al\/index.php\/wp-json\/wp\/v2\/categories?post=302906"},{"taxonomy":"post_tag","embeddable":true,"href":"https:\/\/www.hashtag.al\/index.php\/wp-json\/wp\/v2\/tags?post=302906"}],"curies":[{"name":"wp","href":"https:\/\/api.w.org\/{rel}","templated":true}]}}