{"id":302899,"date":"2019-06-10T08:17:14","date_gmt":"2019-06-10T06:17:14","guid":{"rendered":"https:\/\/hashtag.al\/?p=302899"},"modified":"2019-06-11T10:10:12","modified_gmt":"2019-06-11T08:10:12","slug":"meta-sqaron-pse-vendosi-te-shtyje-zgjedhjet","status":"publish","type":"post","link":"https:\/\/www.hashtag.al\/index.php\/2019\/06\/10\/meta-sqaron-pse-vendosi-te-shtyje-zgjedhjet\/","title":{"rendered":"Meta sqaron pse vendosi t\u00eb shtyj\u00eb zgjedhjet","gt_translate_keys":[{"key":"rendered","format":"text"}]},"content":{"rendered":"<p><span style=\"color: #000000;\"><img loading=\"lazy\" decoding=\"async\" class=\"aligncenter size-full wp-image-302921\" src=\"https:\/\/hashtag.al\/wp-content\/uploads\/2019\/06\/ilir-meta.jpg\" alt=\"\" width=\"780\" height=\"440\" \/><\/span><\/p>\n<p><span style=\"color: #000000;\">Presidenti i Republik\u00ebs Ilir Meta ka dal\u00eb sot n\u00eb nj\u00eb konferenc\u00eb p\u00ebr mediat, p\u00ebr t\u00eb sqaruar vendimin e tij p\u00ebr t\u00eb shfuqizuar dekretin p\u00ebr zgjedhjet e 30 qershorit duke shtyr\u00eb zgjedhjet. Meta lexoi disa nene t\u00eb Kushtetut\u00ebs, q\u00eb i garantojn\u00eb Presidentit t\u00eb Republik\u00ebs t\u00eb drejt\u00ebn p\u00ebr t\u00eb vendosur p\u00ebr dat\u00ebn e zgjedhjeve, duke siguruar se kjo nuk do t\u00eb ishte nj\u00eb dit\u00eb p\u00ebr\u00e7ar\u00ebse p\u00ebr shqiptar\u00ebt.<\/span><\/p>\n<p><span style=\"color: #000000;\">Meta tha se duke par\u00eb kriz\u00ebn aktuale politike n\u00eb vend, q\u00eb sipas tij rrezikon t\u00eb p\u00ebrshkall\u00ebzohet, e gjykoi t\u00eb drejt\u00eb t\u00eb shfuqizonte dekretin duke e konsideruar dat\u00ebn 30 jo t\u00eb p\u00ebrshtatshme p\u00ebr t\u00eb mbajtur zgjedhjet.<\/span><\/p>\n<p><em><span style=\"color: #000000;\">&#8220;Mir\u00ebm\u00ebngjes t\u00eb gjith\u00ebve! Jam sot p\u00ebr t\u00eb shpjeguar p\u00ebrpara jush arsyet p\u00ebr shfuqizimin e dekretitit p\u00ebr caktimin e dat\u00ebs 30 qershor si dit\u00eb p\u00ebr zgjedhjet.<\/span><\/em><\/p>\n<p><em><span style=\"color: #000000;\">Presidenti i Republik\u00ebs \u00ebsht\u00eb organi i vet\u00ebm Kushtetues q\u00eb ka p\u00ebr kompetenc\u00eb caktimin e dat\u00ebs s\u00eb zgjedhjeve.<\/span><\/em><\/p>\n<p><em><span style=\"color: #000000;\">Sipas Kushtetut\u00ebs, pa patur nj\u00eb dat\u00eb t\u00eb caktyuar nga presidenti i republik\u00ebs, zgjedhjet nuk mund t\u00eb zhvillohen n\u00eb Republik\u00ebn e Shqip\u00ebris\u00eb.<\/span><\/em><\/p>\n<p><em><span style=\"color: #000000;\">Referuar k\u00ebtij roli q\u00eb i \u00ebsht\u00eb dh\u00ebn\u00eb presidentit, kushtetutb\u00ebr\u00ebsi ka vendosur q\u00eb t\u00eb jet\u00eb pik\u00ebrisht ai organi i p\u00ebrcaktimit t\u00eb dat\u00ebs s\u00eb zgjedhjeve dhe kurrsesi kjo s&#8217;mund t\u00eb jet\u00eb nj\u00eb dit\u00eb p\u00ebr\u00e7arjeje.<\/span><\/em><\/p>\n<p><em><span style=\"color: #000000;\">Presidenti i Republik\u00ebs me dekretin 10948, ka caktuar dat\u00ebn 30 qershor si dit\u00ebn e zhvillimit t\u00eb zgjedhjeve. Data \u00ebsht\u00eb dekretuar n\u00eb fush\u00ebn e nj\u00eb klime normale politike n\u00eb vend.<\/span><\/em><\/p>\n<p><em><span style=\"color: #000000;\">Presidenti i Republik\u00ebs ka ndjekur shprehjen e vullnetit nga forcat politike p\u00ebr t\u00eb qen\u00eb pjes\u00eb e k\u00ebtij procesi.<\/span><\/em><\/p>\n<p><em><span style=\"color: #000000;\">Partit\u00eb politike t\u00eb opozit\u00ebs nuk jan\u00eb regjitstruar n\u00eb KQZ duke publikisht, zbatimi dhe respektimi p\u00ebr standarte Kushtetuese. Pason vendimmarrjen e saj p\u00ebr djegien e mandateve n\u00eb vend, dke b\u00ebr\u00eb k\u00ebshtu q\u00eb jeta politike parlamentare \u00eb p\u00ebsoj\u00eb nj\u00eb kriz\u00eb t\u00eb r\u00ebnd\u00eb. Republika e Shqip\u00ebris\u00eb prej nj\u00eb viti nuk ka m\u00eb nj\u00eb Gjykat\u00eb Kushtetuese dhe s\u00eb fundmi as ajo e Lart\u00eb nuk \u00ebsht\u00eb funksionale.<\/span><\/em><\/p>\n<p><span style=\"color: #000000;\"><em>Kjo nuk \u00ebsht\u00eb n\u00eb p\u00ebrputhje me Kushtetut\u00ebn. E gjith\u00eb kjo gjendje \u00ebsht\u00eb shum\u00eb shqet\u00ebsuese dhe rrezikon stabilitetin e Shqip\u00ebris\u00eb. Si presidenti i Republik\u00ebs kam b\u00ebr\u00eb t\u00eb gjitha p\u00ebrpjekjet, t\u00eb shmangen konflktet&#8230;&#8221;<\/em>, tha Meta.<\/span><\/p>\n<section><span style=\"color: #000000;\"><em>&#8220;P\u00ebrpos thirrjeve, mesazheve dhe presidentit t\u00eb Republik\u00ebs p\u00ebr thirrje p\u00ebr dialog pal\u00ebt politike nuk jan\u00eb p\u00ebrgjigjur. Mazhoranca thot\u00eb se do shkoj\u00eb e vetme n\u00eb zgjedhje pa ezauruar asnj\u00eb mund\u00ebsi p\u00ebr zgjidhjen e kriz\u00ebs politike. Nga ana tjet\u00ebr opozita shprehet e vendosur se do t\u00eb pamund\u00ebsoj\u00eb zgjedhjet. Si president i Republik\u00ebs theksoj ekziston rreziku real q\u00eb Shqip\u00ebria t\u00eb shkoj\u00eb drejt p\u00ebrshkall\u00ebzimit t\u00eb paparashikuesh\u00ebm social q\u00eb mund t\u00eb shkaktoj\u00eb pasoja t\u00eb paimagjinueshme. E konsideroj rrezik p\u00ebr stabilitetin, qet\u00ebsin\u00eb, dhe paqen n\u00eb vend&#8221;,<\/em> vijon deklarata e Met\u00ebs.<\/span><\/section>\n<p><span style=\"color: #000000;\">Presidenti kritikoi situat\u00ebn ku p\u00ebr disa bashki ka vet\u00ebm nj\u00eb kandidat.<\/span><\/p>\n<p><span style=\"color: #000000;\"><em>&#8220;P\u00ebr k\u00ebto zgjedhje konkuron vet\u00ebm nj\u00eb kandidat p\u00ebr t&#8217;u zgjedhur si kryetar bashkie, nd\u00ebrsa n\u00eb rrethe t\u00eb tjera jan\u00eb kandidat\u00eb t\u00eb zgjedhur nga maxhoranca ose t\u00eb regjistruar me ngut n\u00eb dit\u00ebn e fundit. Kjo gj\u00eb tregon qart\u00eb se ky proces zgjedhor \u00ebsht\u00eb fiktiv dhe fals.&#8221;<\/em>, vijoi Meta.<\/span><\/p>\n<p><span style=\"color: #000000;\"><em>&#8220;N\u00eb kushtet aktuale, anulimi i zgjedhjeve \u00ebsht\u00eb mjeti i vet\u00ebm urgjent p\u00ebr \u00a0t\u00eb penguar p\u00ebrshkall\u00ebzimin e k\u00ebsaj krize dhe do t\u00eb sh\u00ebrbej\u00eb si nxitje p\u00ebr dialog, p\u00ebr zgjidhjen e kriz\u00ebs.&#8221;<\/em>, theksoi presidenti.<\/span><\/p>\n<p><span style=\"color: #000000;\">Meta tha shfuqizimi i dekretit, n\u00ebnkupton shtyrjen e zgjedhjeve pa nj\u00eb afat t\u00eb caktuar dhe se data e tyre do t\u00eb vendoset n\u00eb dakord\u00ebsi mes pal\u00ebve. Meta k\u00ebrkoi q\u00eb ky vendim i tij t&#8217;u jap\u00eb koh\u00eb pal\u00ebve politike t\u00eb arrijn\u00eb nj\u00eb marr\u00ebveshje.<\/span><\/p>\n<p><span style=\"color: #000000;\"><em>\u00a0&#8220;T\u00eb krijohet hap\u00ebsir\u00eb koh\u00eb e nevojshme q\u00eb pal\u00ebt t\u00eb diskutojn\u00eb p\u00ebr t\u00eb gjetur rrug\u00ebn e kriz\u00ebs&#8221;<\/em>, theksoi presidenti.<strong>\/Hashtag.al<\/strong><\/span><\/p>\n<p><iframe loading=\"lazy\" style=\"border: none; overflow: hidden;\" src=\"https:\/\/www.facebook.com\/plugins\/video.php?href=https%3A%2F%2Fwww.facebook.com%2Filirmetazyrtar%2Fvideos%2F479199242623779%2F&amp;show_text=0&amp;width=560\" width=\"560\" height=\"315\" frameborder=\"0\" scrolling=\"no\" allowfullscreen=\"allowfullscreen\"><\/iframe><\/p>\n","protected":false,"gt_translate_keys":[{"key":"rendered","format":"html"}]},"excerpt":{"rendered":"<p>Presidenti i Republik\u00ebs Ilir Meta ka dal\u00eb sot n\u00eb nj\u00eb konferenc\u00eb p\u00ebr mediat, p\u00ebr t\u00eb sqaruar vendimin e tij p\u00ebr t\u00eb shfuqizuar dekretin p\u00ebr zgjedhjet e 30 qershorit duke shtyr\u00eb zgjedhjet. Meta lexoi disa nene t\u00eb Kushtetut\u00ebs, q\u00eb i garantojn\u00eb Presidentit t\u00eb Republik\u00ebs t\u00eb drejt\u00ebn p\u00ebr t\u00eb vendosur p\u00ebr dat\u00ebn e zgjedhjeve, duke siguruar se [&hellip;]<\/p>\n","protected":false,"gt_translate_keys":[{"key":"rendered","format":"html"}]},"author":30,"featured_media":302921,"comment_status":"open","ping_status":"open","sticky":false,"template":"","format":"standard","meta":{"footnotes":""},"categories":[65,13],"tags":[],"class_list":["post-302899","post","type-post","status-publish","format-standard","has-post-thumbnail","hentry","category-lajme","category-te-fundit"],"gt_translate_keys":[{"key":"link","format":"url"}],"_links":{"self":[{"href":"https:\/\/www.hashtag.al\/index.php\/wp-json\/wp\/v2\/posts\/302899","targetHints":{"allow":["GET"]}}],"collection":[{"href":"https:\/\/www.hashtag.al\/index.php\/wp-json\/wp\/v2\/posts"}],"about":[{"href":"https:\/\/www.hashtag.al\/index.php\/wp-json\/wp\/v2\/types\/post"}],"author":[{"embeddable":true,"href":"https:\/\/www.hashtag.al\/index.php\/wp-json\/wp\/v2\/users\/30"}],"replies":[{"embeddable":true,"href":"https:\/\/www.hashtag.al\/index.php\/wp-json\/wp\/v2\/comments?post=302899"}],"version-history":[{"count":0,"href":"https:\/\/www.hashtag.al\/index.php\/wp-json\/wp\/v2\/posts\/302899\/revisions"}],"wp:featuredmedia":[{"embeddable":true,"href":"https:\/\/www.hashtag.al\/index.php\/wp-json\/wp\/v2\/media\/302921"}],"wp:attachment":[{"href":"https:\/\/www.hashtag.al\/index.php\/wp-json\/wp\/v2\/media?parent=302899"}],"wp:term":[{"taxonomy":"category","embeddable":true,"href":"https:\/\/www.hashtag.al\/index.php\/wp-json\/wp\/v2\/categories?post=302899"},{"taxonomy":"post_tag","embeddable":true,"href":"https:\/\/www.hashtag.al\/index.php\/wp-json\/wp\/v2\/tags?post=302899"}],"curies":[{"name":"wp","href":"https:\/\/api.w.org\/{rel}","templated":true}]}}