{"id":302848,"date":"2019-06-09T16:51:40","date_gmt":"2019-06-09T14:51:40","guid":{"rendered":"https:\/\/hashtag.al\/?p=302848"},"modified":"2019-06-09T16:51:41","modified_gmt":"2019-06-09T14:51:41","slug":"lotito-blindon-igli-taren-pas-zerave-per-kalimin-te-milan","status":"publish","type":"post","link":"https:\/\/www.hashtag.al\/index.php\/2019\/06\/09\/lotito-blindon-igli-taren-pas-zerave-per-kalimin-te-milan\/","title":{"rendered":"Lotito blindon Igli Taren pas z\u00ebrave p\u00ebr kalimin te Milan","gt_translate_keys":[{"key":"rendered","format":"text"}]},"content":{"rendered":"<p><img loading=\"lazy\" decoding=\"async\" class=\"aligncenter size-full wp-image-302849\" src=\"https:\/\/hashtag.al\/wp-content\/uploads\/2019\/06\/igli-tare-600x339.jpeg\" alt=\"\" width=\"600\" height=\"339\" srcset=\"https:\/\/www.hashtag.al\/wp-content\/uploads\/2019\/06\/igli-tare-600x339.jpeg 600w, https:\/\/www.hashtag.al\/wp-content\/uploads\/2019\/06\/igli-tare-600x339-300x170.jpeg 300w\" sizes=\"auto, (max-width: 600px) 100vw, 600px\" \/><\/p>\n<p><span style=\"color: #000000;\">Milan-Tare ishte nj\u00eb tratative konkrete, nj\u00eb ofert\u00eb serioze e cila b\u00ebri q\u00eb presidenti i Lazios t\u00eb l\u00ebviz shpejt p\u00ebr t\u00eb mos humbur sh\u00ebrbimet e Drejtorit Sportiv m\u00eb t\u00eb mir\u00eb n\u00eb Itali.<\/span><\/p>\n<p><span style=\"color: #000000;\">Igli Tare u josh jo pak nga oferta e Maldinit, mbi t\u00eb gjitha nga emri i madh i Milanit por n\u00eb fund p\u00ebrfundoi duke pranuar ofert\u00ebn e Lotitos.<\/span><\/p>\n<p><span style=\"color: #000000;\">Duke qen\u00eb i vet\u00ebdijsh\u00ebm p\u00ebr ofert\u00ebn e Milanit, presidenti i Lazios i ofroi Tar\u00ebs nj\u00eb kontrat\u00eb t\u00eb re deri n\u00eb vitin 2023, sigurisht dhe me kushte ekonomike t\u00eb p\u00ebrmir\u00ebsuara, p\u00ebrball\u00eb k\u00ebtij fakti sipas La Gazzetta dello Sport, Tare pranoi ofert\u00ebn p\u00ebr e Lotitos p\u00ebr t\u00eb vijuar bashk\u00ebpunimin te Lazio.<\/span><\/p>\n<p><span style=\"color: #000000;\">Sipas Gazzetta dello Sport, Tare do t\u00eb p\u00ebrfitoj dyfishin e pag\u00ebs, afro 2 milion euro n\u00eb sezon, aq sa do t\u00eb paguhet edhe trajneri Inzagji i cili rinovoi kontrat\u00ebn deri n\u00eb vitin 2021.<\/span><\/p>\n","protected":false,"gt_translate_keys":[{"key":"rendered","format":"html"}]},"excerpt":{"rendered":"<p>Milan-Tare ishte nj\u00eb tratative konkrete, nj\u00eb ofert\u00eb serioze e cila b\u00ebri q\u00eb presidenti i Lazios t\u00eb l\u00ebviz shpejt p\u00ebr t\u00eb mos humbur sh\u00ebrbimet e Drejtorit Sportiv m\u00eb t\u00eb mir\u00eb n\u00eb Itali. Igli Tare u josh jo pak nga oferta e Maldinit, mbi t\u00eb gjitha nga emri i madh i Milanit por n\u00eb fund p\u00ebrfundoi duke [&hellip;]<\/p>\n","protected":false,"gt_translate_keys":[{"key":"rendered","format":"html"}]},"author":32,"featured_media":302849,"comment_status":"open","ping_status":"open","sticky":false,"template":"","format":"standard","meta":{"footnotes":""},"categories":[134,13],"tags":[],"class_list":["post-302848","post","type-post","status-publish","format-standard","has-post-thumbnail","hentry","category-sport","category-te-fundit"],"gt_translate_keys":[{"key":"link","format":"url"}],"_links":{"self":[{"href":"https:\/\/www.hashtag.al\/index.php\/wp-json\/wp\/v2\/posts\/302848","targetHints":{"allow":["GET"]}}],"collection":[{"href":"https:\/\/www.hashtag.al\/index.php\/wp-json\/wp\/v2\/posts"}],"about":[{"href":"https:\/\/www.hashtag.al\/index.php\/wp-json\/wp\/v2\/types\/post"}],"author":[{"embeddable":true,"href":"https:\/\/www.hashtag.al\/index.php\/wp-json\/wp\/v2\/users\/32"}],"replies":[{"embeddable":true,"href":"https:\/\/www.hashtag.al\/index.php\/wp-json\/wp\/v2\/comments?post=302848"}],"version-history":[{"count":0,"href":"https:\/\/www.hashtag.al\/index.php\/wp-json\/wp\/v2\/posts\/302848\/revisions"}],"wp:featuredmedia":[{"embeddable":true,"href":"https:\/\/www.hashtag.al\/index.php\/wp-json\/wp\/v2\/media\/302849"}],"wp:attachment":[{"href":"https:\/\/www.hashtag.al\/index.php\/wp-json\/wp\/v2\/media?parent=302848"}],"wp:term":[{"taxonomy":"category","embeddable":true,"href":"https:\/\/www.hashtag.al\/index.php\/wp-json\/wp\/v2\/categories?post=302848"},{"taxonomy":"post_tag","embeddable":true,"href":"https:\/\/www.hashtag.al\/index.php\/wp-json\/wp\/v2\/tags?post=302848"}],"curies":[{"name":"wp","href":"https:\/\/api.w.org\/{rel}","templated":true}]}}