{"id":302837,"date":"2019-06-09T16:12:14","date_gmt":"2019-06-09T14:12:14","guid":{"rendered":"https:\/\/hashtag.al\/?p=302837"},"modified":"2019-06-09T16:12:14","modified_gmt":"2019-06-09T14:12:14","slug":"nenkryetari-i-cdu-csu-partite-te-pranojne-vendimin-e-presidentit","status":"publish","type":"post","link":"https:\/\/www.hashtag.al\/index.php\/2019\/06\/09\/nenkryetari-i-cdu-csu-partite-te-pranojne-vendimin-e-presidentit\/","title":{"rendered":"N\u00ebnkryetari i CDU\/CSU: Partit\u00eb t\u00eb pranojn\u00eb vendimin e Presidentit","gt_translate_keys":[{"key":"rendered","format":"text"}]},"content":{"rendered":"<p><img loading=\"lazy\" decoding=\"async\" class=\"aligncenter size-full wp-image-300440\" src=\"https:\/\/hashtag.al\/wp-content\/uploads\/2019\/05\/wadephul.jpg\" alt=\"\" width=\"1024\" height=\"681\" srcset=\"https:\/\/www.hashtag.al\/wp-content\/uploads\/2019\/05\/wadephul.jpg 1024w, https:\/\/www.hashtag.al\/wp-content\/uploads\/2019\/05\/wadephul-300x200.jpg 300w, https:\/\/www.hashtag.al\/wp-content\/uploads\/2019\/05\/wadephul-768x511.jpg 768w\" sizes=\"auto, (max-width: 1024px) 100vw, 1024px\" \/><\/p>\n<p><span style=\"color: #000000;\">N\u00ebnkryetari i grupit parlamentar t\u00eb Unionit \u00a0CDU\/CSU n\u00eb parlamentin gjerman (Bundestag) Johann David Wadephul,\u00a0reagoi t\u00eb diel\u00ebn n\u00eb nj\u00eb deklarat\u00eb p\u00ebr media ndaj vendimit t\u00eb presidentit t\u00eb Shqip\u00ebris\u00eb, Ilir Meta p\u00ebr anulimin e zgjedhjeve vendore m\u00eb 30 qershor, raporton <a href=\"https:\/\/www.dw.com\/sq\/fokus\/s-10250\"><strong>Deutsche Welle<\/strong><\/a>.<\/span><\/p>\n<p><span style=\"color: #000000;\">\u201cP<em>as k\u00ebtij vendimi t\u00eb presidentit, ekziston nj\u00eb situat\u00eb e re politike. T\u00eb gjitha pal\u00ebt tani duhet t\u00eb k\u00ebrkojn\u00eb rrug\u00ebn e pajtimit. K\u00ebtu p\u00ebrfshihen zgjedhje lokale demokratike me disa kandidat\u00eb t\u00eb mundsh\u00ebm. <\/em><\/span><\/p>\n<p><span style=\"color: #000000;\"><em>Kjo presupozon q\u00eb t\u00eb gjith\u00eb ta pranojn\u00eb vendimin e presidentit dhe pastaj t\u00eb marrin pjes\u00eb n\u00eb gar\u00ebn politike. \u00c7do gj\u00eb tjet\u00ebr do t\u00eb ishte jo evropiane dhe do t\u2019i forconte n\u00eb m\u00ebnyr\u00eb t\u00eb panevojshme dyshimet mbi dobin\u00eb e nj\u00eb procesit t\u00eb aderimit. K\u00ebshtu do t\u00eb krijohej nj\u00eb baz\u00eb e re p\u00ebr nj\u00eb bashk\u00ebjetes\u00eb paq\u00ebsore mes konkurrent\u00ebve politik\u00eb<\/em>\u201d-deklaroi Wadephul.<\/span><\/p>\n<p><span style=\"color: #000000;\">M\u00eb tej Wadephul u shpreh se \u00e7do qeveri duhet t\u00eb pranoj\u00eb nj\u00eb opozit\u00eb kritike dhe \u00e7do opozit\u00eb duhet t\u00eb pranoj\u00eb nj\u00eb qeveri efektive.<\/span><\/p>\n<p><span style=\"color: #000000;\">\u201c<em>N\u00eb Evrop\u00eb, \u00e7do qeveri duhet t\u00eb pranoj\u00eb nj\u00eb opozit\u00eb kritike, dhe \u00e7do opozit\u00eb duhet t\u00eb pranoj\u00eb nj\u00eb qeveri\u00a0efektive. Kjo \u00ebsht\u00eb nj\u00eb baz\u00eb qen\u00ebsore p\u00ebr nj\u00eb shtet t\u00eb q\u00ebndruesh\u00ebm dhe demokratik. N\u00ebse Shqip\u00ebria d\u00ebshiron t\u00eb p\u00ebrshkoj\u00eb k\u00ebt\u00eb rrug\u00eb drejt Evrop\u00ebs, sigurisht q\u00eb do t\u00eb marr\u00eb \u00e7do mb\u00ebshtetje nga Gjermania<\/em> \u201c-tha Wadephul.<\/span><\/p>\n","protected":false,"gt_translate_keys":[{"key":"rendered","format":"html"}]},"excerpt":{"rendered":"<p>N\u00ebnkryetari i grupit parlamentar t\u00eb Unionit \u00a0CDU\/CSU n\u00eb parlamentin gjerman (Bundestag) Johann David Wadephul,\u00a0reagoi t\u00eb diel\u00ebn n\u00eb nj\u00eb deklarat\u00eb p\u00ebr media ndaj vendimit t\u00eb presidentit t\u00eb Shqip\u00ebris\u00eb, Ilir Meta p\u00ebr anulimin e zgjedhjeve vendore m\u00eb 30 qershor, raporton Deutsche Welle. \u201cPas k\u00ebtij vendimi t\u00eb presidentit, ekziston nj\u00eb situat\u00eb e re politike. T\u00eb gjitha pal\u00ebt tani [&hellip;]<\/p>\n","protected":false,"gt_translate_keys":[{"key":"rendered","format":"html"}]},"author":32,"featured_media":300440,"comment_status":"open","ping_status":"open","sticky":false,"template":"","format":"standard","meta":{"footnotes":""},"categories":[65,13],"tags":[256,255,254],"class_list":["post-302837","post","type-post","status-publish","format-standard","has-post-thumbnail","hentry","category-lajme","category-te-fundit","tag-cdu-csu","tag-presidenti","tag-wadphul"],"gt_translate_keys":[{"key":"link","format":"url"}],"_links":{"self":[{"href":"https:\/\/www.hashtag.al\/index.php\/wp-json\/wp\/v2\/posts\/302837","targetHints":{"allow":["GET"]}}],"collection":[{"href":"https:\/\/www.hashtag.al\/index.php\/wp-json\/wp\/v2\/posts"}],"about":[{"href":"https:\/\/www.hashtag.al\/index.php\/wp-json\/wp\/v2\/types\/post"}],"author":[{"embeddable":true,"href":"https:\/\/www.hashtag.al\/index.php\/wp-json\/wp\/v2\/users\/32"}],"replies":[{"embeddable":true,"href":"https:\/\/www.hashtag.al\/index.php\/wp-json\/wp\/v2\/comments?post=302837"}],"version-history":[{"count":0,"href":"https:\/\/www.hashtag.al\/index.php\/wp-json\/wp\/v2\/posts\/302837\/revisions"}],"wp:featuredmedia":[{"embeddable":true,"href":"https:\/\/www.hashtag.al\/index.php\/wp-json\/wp\/v2\/media\/300440"}],"wp:attachment":[{"href":"https:\/\/www.hashtag.al\/index.php\/wp-json\/wp\/v2\/media?parent=302837"}],"wp:term":[{"taxonomy":"category","embeddable":true,"href":"https:\/\/www.hashtag.al\/index.php\/wp-json\/wp\/v2\/categories?post=302837"},{"taxonomy":"post_tag","embeddable":true,"href":"https:\/\/www.hashtag.al\/index.php\/wp-json\/wp\/v2\/tags?post=302837"}],"curies":[{"name":"wp","href":"https:\/\/api.w.org\/{rel}","templated":true}]}}