{"id":302786,"date":"2019-06-09T11:07:01","date_gmt":"2019-06-09T09:07:01","guid":{"rendered":"https:\/\/hashtag.al\/?p=302786"},"modified":"2019-06-09T11:07:01","modified_gmt":"2019-06-09T09:07:01","slug":"basha-mesazh-metes-pas-anulimit-te-zgjedhjeve-largimi-i-rames-eshte-i-panegociueshem","status":"publish","type":"post","link":"https:\/\/www.hashtag.al\/index.php\/2019\/06\/09\/basha-mesazh-metes-pas-anulimit-te-zgjedhjeve-largimi-i-rames-eshte-i-panegociueshem\/","title":{"rendered":"Basha mesazh Met\u00ebs pas anulimit t\u00eb zgjedhjeve: Largimi i Ram\u00ebs \u00ebsht\u00eb i panegociuesh\u00ebm","gt_translate_keys":[{"key":"rendered","format":"text"}]},"content":{"rendered":"<p><img loading=\"lazy\" decoding=\"async\" class=\"aligncenter  wp-image-302787\" src=\"https:\/\/hashtag.al\/wp-content\/uploads\/2019\/06\/ilirmetaediramalulzimbasha.jpg\" alt=\"\" width=\"763\" height=\"491\" srcset=\"https:\/\/www.hashtag.al\/wp-content\/uploads\/2019\/06\/ilirmetaediramalulzimbasha.jpg 582w, https:\/\/www.hashtag.al\/wp-content\/uploads\/2019\/06\/ilirmetaediramalulzimbasha-300x193.jpg 300w\" sizes=\"auto, (max-width: 763px) 100vw, 763px\" \/><\/p>\n<p><span style=\"color: #000000;\">&#8220;Largimi i Ram\u00ebs \u00ebsht\u00eb i panegociuesh\u00ebm.&#8221;, ky \u00ebsht\u00eb mesazhi i kreut t\u00eb PD-s\u00eb Lulzim Basha pas anulimit t\u00eb zgjedhjeve nga presidenti Ilir Meta.<\/span><\/p>\n<p><span style=\"color: #000000;\">K\u00ebt\u00eb t\u00eb diel, pasi ka shp\u00ebrndar\u00eb foto t\u00eb protest\u00ebs s\u00eb djeshme, Basha ka shkruar n\u00eb profilin e tij n\u00eb &#8220;Facebook&#8221; duke u shprehur &#8220;Boll m\u00eb me Shqip\u00ebrin\u00eb q\u00eb duan ata, tani \u00ebsht\u00eb koha t\u00eb luftojm\u00eb p\u00ebr Shqip\u00ebrin\u00eb e t\u00eb gjith\u00eb shqiptar\u00ebve!&#8221;<\/span><\/p>\n<p><span style=\"color: #000000;\">&#8220;Ora e Shqip\u00ebris\u00eb si e gjith\u00eb Europa po troket dhe nuk ka forc\u00eb ta ndal\u00eb! Fal\u00eb vendosm\u00ebris\u00eb tuaj t\u00eb pathyeshme, fal\u00eb bashkimit t\u00eb zemrave dhe mendjeve t\u00eb shqiptar\u00ebve t\u00eb lir\u00eb, zgjedhjet fars\u00eb t\u00eb 30 Qershorit u anulluan!<\/span><\/p>\n<p><span style=\"color: #000000;\">Beteja jon\u00eb do t\u00eb vazhdoj\u00eb deri n\u00eb triumfin e standarteve dhe vlerave europiane. Pengesa e vetme p\u00ebr n\u00eb Europ\u00eb \u00ebsht\u00eb sundimi i shtetit t\u00eb b\u00ebr\u00eb nj\u00ebsh me krimin, \u00ebsht\u00eb qeveria e ardhur me vot\u00ebn e krimit, \u00ebsht\u00eb kryeministri i Avdylajve.&#8221;, shkruan m\u00eb tej Basha, duke dh\u00ebn\u00eb n\u00eb fund edhe mesazhin m\u00eb t\u00eb r\u00ebnd\u00ebsish\u00ebm.<\/span><\/p>\n<p><span style=\"color: #000000;\">Nd\u00ebrsa kryeministri Edi Rama ka deklaruar dje pas vendimit t\u00eb Met\u00ebs se zgjedhjet do mbahen n\u00eb 30 qershor.<\/span><\/p>\n","protected":false,"gt_translate_keys":[{"key":"rendered","format":"html"}]},"excerpt":{"rendered":"<p>&#8220;Largimi i Ram\u00ebs \u00ebsht\u00eb i panegociuesh\u00ebm.&#8221;, ky \u00ebsht\u00eb mesazhi i kreut t\u00eb PD-s\u00eb Lulzim Basha pas anulimit t\u00eb zgjedhjeve nga presidenti Ilir Meta. K\u00ebt\u00eb t\u00eb diel, pasi ka shp\u00ebrndar\u00eb foto t\u00eb protest\u00ebs s\u00eb djeshme, Basha ka shkruar n\u00eb profilin e tij n\u00eb &#8220;Facebook&#8221; duke u shprehur &#8220;Boll m\u00eb me Shqip\u00ebrin\u00eb q\u00eb duan ata, tani \u00ebsht\u00eb [&hellip;]<\/p>\n","protected":false,"gt_translate_keys":[{"key":"rendered","format":"html"}]},"author":6,"featured_media":302787,"comment_status":"open","ping_status":"open","sticky":false,"template":"","format":"standard","meta":{"footnotes":""},"categories":[65,13],"tags":[],"class_list":["post-302786","post","type-post","status-publish","format-standard","has-post-thumbnail","hentry","category-lajme","category-te-fundit"],"gt_translate_keys":[{"key":"link","format":"url"}],"_links":{"self":[{"href":"https:\/\/www.hashtag.al\/index.php\/wp-json\/wp\/v2\/posts\/302786","targetHints":{"allow":["GET"]}}],"collection":[{"href":"https:\/\/www.hashtag.al\/index.php\/wp-json\/wp\/v2\/posts"}],"about":[{"href":"https:\/\/www.hashtag.al\/index.php\/wp-json\/wp\/v2\/types\/post"}],"author":[{"embeddable":true,"href":"https:\/\/www.hashtag.al\/index.php\/wp-json\/wp\/v2\/users\/6"}],"replies":[{"embeddable":true,"href":"https:\/\/www.hashtag.al\/index.php\/wp-json\/wp\/v2\/comments?post=302786"}],"version-history":[{"count":0,"href":"https:\/\/www.hashtag.al\/index.php\/wp-json\/wp\/v2\/posts\/302786\/revisions"}],"wp:featuredmedia":[{"embeddable":true,"href":"https:\/\/www.hashtag.al\/index.php\/wp-json\/wp\/v2\/media\/302787"}],"wp:attachment":[{"href":"https:\/\/www.hashtag.al\/index.php\/wp-json\/wp\/v2\/media?parent=302786"}],"wp:term":[{"taxonomy":"category","embeddable":true,"href":"https:\/\/www.hashtag.al\/index.php\/wp-json\/wp\/v2\/categories?post=302786"},{"taxonomy":"post_tag","embeddable":true,"href":"https:\/\/www.hashtag.al\/index.php\/wp-json\/wp\/v2\/tags?post=302786"}],"curies":[{"name":"wp","href":"https:\/\/api.w.org\/{rel}","templated":true}]}}