{"id":302321,"date":"2019-06-07T14:14:06","date_gmt":"2019-06-07T12:14:06","guid":{"rendered":"https:\/\/hashtag.al\/?p=302321"},"modified":"2019-06-07T14:17:02","modified_gmt":"2019-06-07T12:17:02","slug":"70-vjet-arkivi-qendror-shteteror","status":"publish","type":"post","link":"https:\/\/www.hashtag.al\/index.php\/2019\/06\/07\/70-vjet-arkivi-qendror-shteteror\/","title":{"rendered":"70 vjet &#8211; Arkivi Qendror Shtet\u00ebror","gt_translate_keys":[{"key":"rendered","format":"text"}]},"content":{"rendered":"<p><span style=\"color: #000000;\"><strong> <img loading=\"lazy\" decoding=\"async\" class=\"aligncenter size-full wp-image-302322\" src=\"https:\/\/hashtag.al\/wp-content\/uploads\/2019\/06\/Arditbido7qershor.jpg\" alt=\"\" width=\"1280\" height=\"847\" srcset=\"https:\/\/www.hashtag.al\/wp-content\/uploads\/2019\/06\/Arditbido7qershor.jpg 1280w, https:\/\/www.hashtag.al\/wp-content\/uploads\/2019\/06\/Arditbido7qershor-300x199.jpg 300w, https:\/\/www.hashtag.al\/wp-content\/uploads\/2019\/06\/Arditbido7qershor-768x508.jpg 768w, https:\/\/www.hashtag.al\/wp-content\/uploads\/2019\/06\/Arditbido7qershor-1024x678.jpg 1024w\" sizes=\"auto, (max-width: 1280px) 100vw, 1280px\" \/><\/strong><\/span><\/p>\n<p><span style=\"color: #000000;\">Drejtoria e P\u00ebrgjithshme e Arkivave festoi dje 70 vjetorin e themelimit t\u00eb Arkivit Qendror Shtet\u00ebror. <\/span><\/p>\n<p><span style=\"color: #000000;\">Kreu i institucionit, Bido, fjal\u00ebn e tij p\u00ebrsh\u00ebndet\u00ebse e nisi duke treguar se sa i r\u00ebnd\u00ebsish\u00ebm \u00ebsht\u00eb Arkivi p\u00ebr nj\u00eb vend dhe nj\u00ebkoh\u00ebsisht falenderoi t\u00eb gjith\u00eb punonj\u00ebsit aktual por dhe ata q\u00eb kan\u00eb l\u00ebn\u00eb gjurm\u00eb duke punuar p\u00ebr k\u00ebt\u00eb institucion.<\/span><\/p>\n<p><span style=\"color: #000000;\">Ai prezantoi s\u00eb bashku me Drejtorin e Arkivit t\u00eb Kosov\u00ebs, Ram\u00eb Manaj dhe Drejtoresh\u00ebn e Arkivit t\u00eb Ministris\u00eb s\u00eb Pun\u00ebve t\u00eb Jashtme, Pranvera Dibra, dy projektet e m\u00ebdha p\u00ebr sa i p\u00ebrket krijimit t\u00eb godin\u00ebs s\u00eb re dhe rikonstruksionit t\u00eb godin\u00ebs aktuale t\u00eb Drejtoris\u00eb s\u00eb P\u00ebrgjithshme t\u00eb Arkivave.<\/span><\/p>\n<p><span style=\"color: #000000;\">Pjes\u00eb e r\u00ebnd\u00ebsishme e eventit ishte dhe shfaqja e dokumentarit e b\u00ebr\u00eb enkas p\u00ebr 70 vjetorin e krijimit t\u00eb Arkivit Qendror Shtet\u00ebror, i cili u ndoq me kuriozitet dhe u duartrokit nga t\u00eb ftuarit.<\/span><\/p>\n<p><span style=\"color: #000000;\">Pjes\u00ebmarr\u00ebs n\u00eb k\u00ebt\u00eb event ishin personalitete si Drejtori i Arkivit t\u00eb Kosov\u00ebs, Ram\u00eb Manaj, Drejtoresha e Arkivit t\u00eb Ministris\u00eb s\u00eb Pun\u00ebve t\u00eb Jashtme, Pranvera Dibra, Ambasadori i Republik\u00ebs Arabe t\u00eb Egjiptit, Mohamed Khalil, n\u00ebnkryetari i Bashkis\u00eb, Andi Seferi, Drejtoresha e Arkivit Qendror Shtet\u00ebror t\u00eb Filmit, Iris Elezi, Drejtori i Arkivit t\u00eb Forcave t\u00eb Armatosura, Teki Kurti, Drejtoresha e Bibliotek\u00ebs Komb\u00ebtare, Persida Asllani, Drejtoresha e Institutit t\u00eb Studimeve Evropiane, arkivist\u00eb, studiues dhe mjaft personalitete t\u00eb tjer\u00eb.<\/span><\/p>\n<p><img loading=\"lazy\" decoding=\"async\" class=\"aligncenter size-full wp-image-302323\" src=\"https:\/\/hashtag.al\/wp-content\/uploads\/2019\/06\/Arditbido7qershor.jpg4_.jpg\" alt=\"\" width=\"1280\" height=\"847\" srcset=\"https:\/\/www.hashtag.al\/wp-content\/uploads\/2019\/06\/Arditbido7qershor.jpg4_.jpg 1280w, https:\/\/www.hashtag.al\/wp-content\/uploads\/2019\/06\/Arditbido7qershor.jpg4_-300x199.jpg 300w, https:\/\/www.hashtag.al\/wp-content\/uploads\/2019\/06\/Arditbido7qershor.jpg4_-768x508.jpg 768w, https:\/\/www.hashtag.al\/wp-content\/uploads\/2019\/06\/Arditbido7qershor.jpg4_-1024x678.jpg 1024w\" sizes=\"auto, (max-width: 1280px) 100vw, 1280px\" \/> <img loading=\"lazy\" decoding=\"async\" class=\"aligncenter size-full wp-image-302324\" src=\"https:\/\/hashtag.al\/wp-content\/uploads\/2019\/06\/Arditbido7qershor.jpg3_.jpg\" alt=\"\" width=\"1101\" height=\"847\" srcset=\"https:\/\/www.hashtag.al\/wp-content\/uploads\/2019\/06\/Arditbido7qershor.jpg3_.jpg 1101w, https:\/\/www.hashtag.al\/wp-content\/uploads\/2019\/06\/Arditbido7qershor.jpg3_-300x231.jpg 300w, https:\/\/www.hashtag.al\/wp-content\/uploads\/2019\/06\/Arditbido7qershor.jpg3_-768x591.jpg 768w, https:\/\/www.hashtag.al\/wp-content\/uploads\/2019\/06\/Arditbido7qershor.jpg3_-1024x788.jpg 1024w\" sizes=\"auto, (max-width: 1101px) 100vw, 1101px\" \/><\/p>\n","protected":false,"gt_translate_keys":[{"key":"rendered","format":"html"}]},"excerpt":{"rendered":"<p>Drejtoria e P\u00ebrgjithshme e Arkivave festoi dje 70 vjetorin e themelimit t\u00eb Arkivit Qendror Shtet\u00ebror. Kreu i institucionit, Bido, fjal\u00ebn e tij p\u00ebrsh\u00ebndet\u00ebse e nisi duke treguar se sa i r\u00ebnd\u00ebsish\u00ebm \u00ebsht\u00eb Arkivi p\u00ebr nj\u00eb vend dhe nj\u00ebkoh\u00ebsisht falenderoi t\u00eb gjith\u00eb punonj\u00ebsit aktual por dhe ata q\u00eb kan\u00eb l\u00ebn\u00eb gjurm\u00eb duke punuar p\u00ebr k\u00ebt\u00eb institucion. [&hellip;]<\/p>\n","protected":false,"gt_translate_keys":[{"key":"rendered","format":"html"}]},"author":51,"featured_media":302325,"comment_status":"open","ping_status":"open","sticky":false,"template":"","format":"standard","meta":{"footnotes":""},"categories":[65,13],"tags":[],"class_list":["post-302321","post","type-post","status-publish","format-standard","has-post-thumbnail","hentry","category-lajme","category-te-fundit"],"gt_translate_keys":[{"key":"link","format":"url"}],"_links":{"self":[{"href":"https:\/\/www.hashtag.al\/index.php\/wp-json\/wp\/v2\/posts\/302321","targetHints":{"allow":["GET"]}}],"collection":[{"href":"https:\/\/www.hashtag.al\/index.php\/wp-json\/wp\/v2\/posts"}],"about":[{"href":"https:\/\/www.hashtag.al\/index.php\/wp-json\/wp\/v2\/types\/post"}],"author":[{"embeddable":true,"href":"https:\/\/www.hashtag.al\/index.php\/wp-json\/wp\/v2\/users\/51"}],"replies":[{"embeddable":true,"href":"https:\/\/www.hashtag.al\/index.php\/wp-json\/wp\/v2\/comments?post=302321"}],"version-history":[{"count":0,"href":"https:\/\/www.hashtag.al\/index.php\/wp-json\/wp\/v2\/posts\/302321\/revisions"}],"wp:featuredmedia":[{"embeddable":true,"href":"https:\/\/www.hashtag.al\/index.php\/wp-json\/wp\/v2\/media\/302325"}],"wp:attachment":[{"href":"https:\/\/www.hashtag.al\/index.php\/wp-json\/wp\/v2\/media?parent=302321"}],"wp:term":[{"taxonomy":"category","embeddable":true,"href":"https:\/\/www.hashtag.al\/index.php\/wp-json\/wp\/v2\/categories?post=302321"},{"taxonomy":"post_tag","embeddable":true,"href":"https:\/\/www.hashtag.al\/index.php\/wp-json\/wp\/v2\/tags?post=302321"}],"curies":[{"name":"wp","href":"https:\/\/api.w.org\/{rel}","templated":true}]}}