{"id":302223,"date":"2019-06-07T09:42:00","date_gmt":"2019-06-07T07:42:00","guid":{"rendered":"https:\/\/hashtag.al\/?p=302223"},"modified":"2019-06-07T09:42:57","modified_gmt":"2019-06-07T07:42:57","slug":"theresa-may-jep-sot-zyrtarisht-doreheqjen","status":"publish","type":"post","link":"https:\/\/www.hashtag.al\/index.php\/2019\/06\/07\/theresa-may-jep-sot-zyrtarisht-doreheqjen\/","title":{"rendered":"Theresa May jep sot zyrtarisht dor\u00ebheqjen","gt_translate_keys":[{"key":"rendered","format":"text"}]},"content":{"rendered":"<p><img loading=\"lazy\" decoding=\"async\" class=\"aligncenter size-full wp-image-302224\" src=\"https:\/\/hashtag.al\/wp-content\/uploads\/2019\/06\/may.jpg\" alt=\"\" width=\"660\" height=\"371\" srcset=\"https:\/\/www.hashtag.al\/wp-content\/uploads\/2019\/06\/may.jpg 660w, https:\/\/www.hashtag.al\/wp-content\/uploads\/2019\/06\/may-300x169.jpg 300w\" sizes=\"auto, (max-width: 660px) 100vw, 660px\" \/><\/p>\n<p><span style=\"color: #000000;\">Theresa May do t\u00eb jap\u00eb sot zyrtarisht dor\u00ebheqjen si kryetare e Partis\u00eb Konservatore, por do t\u00eb mbetet kryeministre derisa t\u00eb zgjidhet pasardh\u00ebsi i saj.<\/span><\/p>\n<p><span style=\"color: #000000;\">May njoftoi se do jepte dor\u00ebheqjen dy jav\u00eb m\u00eb par\u00eb, duke th\u00ebn\u00eb se i vinte shum\u00eb keq q\u00eb nuk kishte mundur t\u00eb mbyllte marr\u00ebveshjen e Brexit.<\/span><\/p>\n<p><span style=\"color: #000000;\">&#8220;<span style=\"color: #0000ff;\"><a style=\"color: #0000ff;\" href=\"https:\/\/www.bbc.com\/news\/uk-politics-48550452\">BBC<\/a><\/span>&#8221; shkruan se 11 deputet\u00eb konservator\u00eb konkurrojn\u00eb p\u00ebr ta z\u00ebvend\u00ebsuar at\u00eb si udh\u00ebheq\u00ebs t\u00eb partis\u00eb dhe p\u00ebrfundimisht, si kryeministre.<\/span><\/p>\n<p><span style=\"color: #000000;\">Nominimet hapen n\u00eb or\u00ebn lokale 10:00 dhe mbyllen n\u00eb or\u00ebn 17:00 brenda dit\u00ebs.<\/span><\/p>\n<p><span style=\"color: #000000;\">May do t\u00eb mbetet udh\u00ebheq\u00ebse e p\u00ebrkohshme, nd\u00ebrsa zhvillohet gara p\u00ebr lidershipin e Partis\u00eb Konservatore.<\/span><\/p>\n<p><span style=\"color: #000000;\">Mbret\u00ebria e Bashkuar kishte p\u00ebr q\u00ebllim t\u00eb largohej nga Bashkimi Europian m\u00eb 29 mars.<\/span><\/p>\n<p><span style=\"color: #000000;\">Por u shty n\u00eb 12 prill dhe p\u00ebrfundimisht u shty p\u00ebrs\u00ebri m\u00eb 31 tetor pasi May nuk arriti t\u00eb bind\u00eb deputet\u00ebt q\u00eb t\u00eb miratonin marr\u00ebveshjen e saj.<\/span><\/p>\n<p><span style=\"color: #000000;\">Ajo njoftoi se do t\u00eb jepte dor\u00ebheqjen, duke th\u00ebn\u00eb se kishte b\u00ebr\u00eb gjith\u00e7ka q\u00eb mundi p\u00ebr t\u00eb bindur deputet\u00ebt t\u00eb mb\u00ebshtesnin marr\u00ebveshjen e t\u00ebrheqjes q\u00eb ajo kishte negociuar me Bashkimin Evropian, por tani ishte koha q\u00eb nj\u00eb kryeminist\u00ebr i ri t\u00eb p\u00ebrpiqej t\u00eb realizonte Brexit.<\/span><\/p>\n<p><span style=\"color: #000000;\">Kandidant\u00ebt p\u00ebr lidership kan\u00eb nevoj\u00eb p\u00ebr 8 deputet\u00eb p\u00ebr t&#8217;i mb\u00ebshtetur.<\/span><\/p>\n<p><span style=\"color: #000000;\">Deputet\u00ebt pastaj do t\u00eb votojn\u00eb p\u00ebr kandidat\u00ebt e tyre t\u00eb preferuar n\u00eb nj\u00eb seri votimesh t\u00eb fshehta t\u00eb mbajtura m\u00eb 13, 18, 19 dhe 20 qershor.<\/span><\/p>\n<p><span style=\"color: #000000;\">Dy deputet\u00eb do shkojn\u00eb n\u00eb finalen e 20 qershorit dhe do votohen nga gjith\u00eb an\u00ebtar\u00ebt e Partis\u00eb Konservatore. Nd\u00ebrsa fituesi pritet t\u00eb shpallet n\u00eb 22 korrik.<\/span><\/p>\n<p><span style=\"color: #000000;\">Nd\u00ebrkoh\u00eb q\u00eb gara nuk fillon zyrtarisht derisa May t\u00eb largohet, kandidat\u00ebt tashm\u00eb jan\u00eb duke k\u00ebrkuar pozit\u00ebn.<\/span><\/p>\n<p><span style=\"color: #000000;\">Pyetjet q\u00eb kan\u00eb dominuar fushat\u00ebn e tyre deri tani kan\u00eb qen\u00eb se si kryeministri i ardhsh\u00ebm duhet ta mbyll\u00eb nj\u00eb marr\u00ebveshje t\u00eb Brexit p\u00ebrmes Parlamentit dhe n\u00ebse do t\u00eb pranojn\u00eb nj\u00eb dalje pa marr\u00ebveshje.<\/span><\/p>\n<p>&nbsp;<\/p>\n","protected":false,"gt_translate_keys":[{"key":"rendered","format":"html"}]},"excerpt":{"rendered":"<p>Theresa May do t\u00eb jap\u00eb sot zyrtarisht dor\u00ebheqjen si kryetare e Partis\u00eb Konservatore, por do t\u00eb mbetet kryeministre derisa t\u00eb zgjidhet pasardh\u00ebsi i saj. May njoftoi se do jepte dor\u00ebheqjen dy jav\u00eb m\u00eb par\u00eb, duke th\u00ebn\u00eb se i vinte shum\u00eb keq q\u00eb nuk kishte mundur t\u00eb mbyllte marr\u00ebveshjen e Brexit. &#8220;BBC&#8221; shkruan se 11 deputet\u00eb [&hellip;]<\/p>\n","protected":false,"gt_translate_keys":[{"key":"rendered","format":"html"}]},"author":30,"featured_media":302224,"comment_status":"open","ping_status":"open","sticky":false,"template":"","format":"standard","meta":{"footnotes":""},"categories":[6],"tags":[],"class_list":["post-302223","post","type-post","status-publish","format-standard","has-post-thumbnail","hentry","category-nderkombetare"],"gt_translate_keys":[{"key":"link","format":"url"}],"_links":{"self":[{"href":"https:\/\/www.hashtag.al\/index.php\/wp-json\/wp\/v2\/posts\/302223","targetHints":{"allow":["GET"]}}],"collection":[{"href":"https:\/\/www.hashtag.al\/index.php\/wp-json\/wp\/v2\/posts"}],"about":[{"href":"https:\/\/www.hashtag.al\/index.php\/wp-json\/wp\/v2\/types\/post"}],"author":[{"embeddable":true,"href":"https:\/\/www.hashtag.al\/index.php\/wp-json\/wp\/v2\/users\/30"}],"replies":[{"embeddable":true,"href":"https:\/\/www.hashtag.al\/index.php\/wp-json\/wp\/v2\/comments?post=302223"}],"version-history":[{"count":0,"href":"https:\/\/www.hashtag.al\/index.php\/wp-json\/wp\/v2\/posts\/302223\/revisions"}],"wp:featuredmedia":[{"embeddable":true,"href":"https:\/\/www.hashtag.al\/index.php\/wp-json\/wp\/v2\/media\/302224"}],"wp:attachment":[{"href":"https:\/\/www.hashtag.al\/index.php\/wp-json\/wp\/v2\/media?parent=302223"}],"wp:term":[{"taxonomy":"category","embeddable":true,"href":"https:\/\/www.hashtag.al\/index.php\/wp-json\/wp\/v2\/categories?post=302223"},{"taxonomy":"post_tag","embeddable":true,"href":"https:\/\/www.hashtag.al\/index.php\/wp-json\/wp\/v2\/tags?post=302223"}],"curies":[{"name":"wp","href":"https:\/\/api.w.org\/{rel}","templated":true}]}}