{"id":301941,"date":"2019-06-05T20:43:19","date_gmt":"2019-06-05T18:43:19","guid":{"rendered":"https:\/\/hashtag.al\/?p=301941"},"modified":"2019-06-05T20:43:19","modified_gmt":"2019-06-05T18:43:19","slug":"te-rinjte-e-pd-protestojne-para-bashkise-se-durresit-kerkojne-burgosjen-e-dakos","status":"publish","type":"post","link":"https:\/\/www.hashtag.al\/index.php\/2019\/06\/05\/te-rinjte-e-pd-protestojne-para-bashkise-se-durresit-kerkojne-burgosjen-e-dakos\/","title":{"rendered":"T\u00eb rinjt\u00eb e PD protestojn\u00eb para Bashkis\u00eb s\u00eb Durr\u00ebsit, k\u00ebrkojn\u00eb burgosjen e Dakos","gt_translate_keys":[{"key":"rendered","format":"text"}]},"content":{"rendered":"<p><img loading=\"lazy\" decoding=\"async\" class=\"aligncenter size-full wp-image-301942\" src=\"https:\/\/hashtag.al\/wp-content\/uploads\/2019\/06\/FRPD-Durres-568x450.jpg\" alt=\"\" width=\"568\" height=\"450\" srcset=\"https:\/\/www.hashtag.al\/wp-content\/uploads\/2019\/06\/FRPD-Durres-568x450.jpg 568w, https:\/\/www.hashtag.al\/wp-content\/uploads\/2019\/06\/FRPD-Durres-568x450-300x238.jpg 300w\" sizes=\"auto, (max-width: 568px) 100vw, 568px\" \/><\/p>\n<p>T\u00eb rinjt\u00eb e Forumit Rinor t\u00eb Partis\u00eb Demokratike kan\u00eb protestuar pasditen e sotme para Bashkis\u00eb s\u00eb Durr\u00ebsit, pas publikimit t\u00eb p\u00ebrgjimeve t\u00eb prokuroris\u00eb ku p\u00ebrfshihen nj\u00eb s\u00ebr\u00eb zyrtar\u00ebsh t\u00eb Partis\u00eb Socialiste dhe kryebashkiaku i Durr\u00ebsit Vangjush Dako.<\/p>\n<p>Ata godit\u00ebn me vez\u00eb Bashkin\u00eb n\u00eb shenj\u00eb revolte ndaj kapjes s\u00eb Bashkis\u00eb nga krimi.T\u00eb rinjt\u00eb shkallmuan der\u00ebn e Bashkis\u00eb dhe e rrethuan me shirita skene krimi.<\/p>\n<p>T\u00eb rinjt\u00eb demokrat\u00eb k\u00ebrkuan ikjen e kryeministrit Rama dhe kryebashkiakut Vangjush Dako duke k\u00ebrkuar burg p\u00ebr k\u00ebt\u00eb t\u00eb fundit.<\/p>\n<p>&nbsp;<\/p>\n","protected":false,"gt_translate_keys":[{"key":"rendered","format":"html"}]},"excerpt":{"rendered":"<p>T\u00eb rinjt\u00eb e Forumit Rinor t\u00eb Partis\u00eb Demokratike kan\u00eb protestuar pasditen e sotme para Bashkis\u00eb s\u00eb Durr\u00ebsit, pas publikimit t\u00eb p\u00ebrgjimeve t\u00eb prokuroris\u00eb ku p\u00ebrfshihen nj\u00eb s\u00ebr\u00eb zyrtar\u00ebsh t\u00eb Partis\u00eb Socialiste dhe kryebashkiaku i Durr\u00ebsit Vangjush Dako. Ata godit\u00ebn me vez\u00eb Bashkin\u00eb n\u00eb shenj\u00eb revolte ndaj kapjes s\u00eb Bashkis\u00eb nga krimi.T\u00eb rinjt\u00eb shkallmuan der\u00ebn e [&hellip;]<\/p>\n","protected":false,"gt_translate_keys":[{"key":"rendered","format":"html"}]},"author":32,"featured_media":301942,"comment_status":"open","ping_status":"open","sticky":false,"template":"","format":"standard","meta":{"footnotes":""},"categories":[65,13],"tags":[],"class_list":["post-301941","post","type-post","status-publish","format-standard","has-post-thumbnail","hentry","category-lajme","category-te-fundit"],"gt_translate_keys":[{"key":"link","format":"url"}],"_links":{"self":[{"href":"https:\/\/www.hashtag.al\/index.php\/wp-json\/wp\/v2\/posts\/301941","targetHints":{"allow":["GET"]}}],"collection":[{"href":"https:\/\/www.hashtag.al\/index.php\/wp-json\/wp\/v2\/posts"}],"about":[{"href":"https:\/\/www.hashtag.al\/index.php\/wp-json\/wp\/v2\/types\/post"}],"author":[{"embeddable":true,"href":"https:\/\/www.hashtag.al\/index.php\/wp-json\/wp\/v2\/users\/32"}],"replies":[{"embeddable":true,"href":"https:\/\/www.hashtag.al\/index.php\/wp-json\/wp\/v2\/comments?post=301941"}],"version-history":[{"count":0,"href":"https:\/\/www.hashtag.al\/index.php\/wp-json\/wp\/v2\/posts\/301941\/revisions"}],"wp:featuredmedia":[{"embeddable":true,"href":"https:\/\/www.hashtag.al\/index.php\/wp-json\/wp\/v2\/media\/301942"}],"wp:attachment":[{"href":"https:\/\/www.hashtag.al\/index.php\/wp-json\/wp\/v2\/media?parent=301941"}],"wp:term":[{"taxonomy":"category","embeddable":true,"href":"https:\/\/www.hashtag.al\/index.php\/wp-json\/wp\/v2\/categories?post=301941"},{"taxonomy":"post_tag","embeddable":true,"href":"https:\/\/www.hashtag.al\/index.php\/wp-json\/wp\/v2\/tags?post=301941"}],"curies":[{"name":"wp","href":"https:\/\/api.w.org\/{rel}","templated":true}]}}